{"id":1475,"date":"2025-08-04T17:35:48","date_gmt":"2025-08-04T20:35:48","guid":{"rendered":"https:\/\/caleine.com\/dolar-cai-0-69-e-ibovespa-sobe-0-4-com-empregos\/"},"modified":"2025-08-04T17:35:48","modified_gmt":"2025-08-04T20:35:48","slug":"dolar-cai-0-69-e-ibovespa-sobe-0-4-com-empregos","status":"publish","type":"post","link":"https:\/\/caleine.com\/ar\/dolar-cai-0-69-e-ibovespa-sobe-0-4-com-empregos\/","title":{"rendered":"D\u00f3lar Cai 0,69% E Ibovespa Sobe 0,4% Com Empregos"},"content":{"rendered":"<p><strong>D\u00f3lar Empregos<\/strong>: No cen\u00e1rio econ\u00f4mico atual do Brasil, diversas mudan\u00e7as t\u00eam sido observadas, como a queda do d\u00f3lar \u00e0 vista e a recupera\u00e7\u00e3o do mercado de trabalho.<\/p>\n<p>Neste artigo, vamos explorar os recentes dados que mostram a valoriza\u00e7\u00e3o do Ibovespa, o aumento significativo de vagas de emprego e as tens\u00f5es comerciais entre Brasil e EUA, al\u00e9m das implica\u00e7\u00f5es da nova tarifa de 50% sobre produtos brasileiros.<\/p>\n<p>Tamb\u00e9m discutiremos a tend\u00eancia de redu\u00e7\u00e3o da infla\u00e7\u00e3o projetada para 2025 e como esses fatores se entrela\u00e7am, moldando o futuro econ\u00f4mico do pa\u00eds.<\/p>\n<h2>Vis\u00e3o Geral dos Indicadores Econ\u00f4micos Recentes<\/h2>\n<p>O cen\u00e1rio macroecon\u00f4mico do Brasil apresenta sinais variados de recupera\u00e7\u00e3o e desafios.<\/p>\n<p>Recentemente, o d\u00f3lar \u00e0 vista teve uma queda de <strong>0,69%<\/strong>, fechando cotado a <strong>R$ 5,5070<\/strong>, situa\u00e7\u00e3o que pode ser acompanhada em detalhes na <a href=\"https:\/\/g1.globo.com\/economia\/noticia\/2025\/08\/04\/dolar-ibovespa.ghtml\" alt=\"Cota\u00e7\u00e3o d\u00f3lar e Ibovespa - G1\">G1<\/a>.<\/p>\n<p>Simultaneamente, o <u>Ibovespa<\/u> subiu <strong>0,4%<\/strong>, alcan\u00e7ando <strong>132.973,26 pontos<\/strong>, mostrando um ambiente de otimismo no mercado de a\u00e7\u00f5es, impulsionado por setores como tecnologia e consumo.<\/p>\n<p>De acordo com dados do <a href=\"https:\/\/www.bcb.gov.br\/publicacoes\/focus\" alt=\"Banco Central Boletim Focus\">Banco Central<\/a>, o mercado de trabalho tamb\u00e9m apresentou melhora significativa com a cria\u00e7\u00e3o de <strong>166,6 mil<\/strong> vagas de emprego em junho, refletindo positivamente na economia.<\/p>\n<p>No entanto, as tens\u00f5es comerciais entre Brasil e EUA continuam a pressionar o cen\u00e1rio econ\u00f4mico, especialmente ap\u00f3s a aplica\u00e7\u00e3o de uma tarifa de <strong>50%<\/strong> sobre determinados produtos brasileiros.<\/p>\n<p>Por fim, a expectativa para a infla\u00e7\u00e3o projetada para 2025 foi ajustada para baixo, agora em <strong>5,07%<\/strong>, como destacado no <a href=\"https:\/\/borainvestir.b3.com.br\/noticias\/mercado-reduz-projecao-de-inflacao-e-dolar-para-2025-aponta-focus\/\" alt=\"Proje\u00e7\u00e3o de Infla\u00e7\u00e3o 2025 - Boletim Focus\">Boletim Focus<\/a>.<\/p>\n<p>Estes dados demonstram a complexidade e os desafios do ambiente econ\u00f4mico nacional.<\/p>\n<ul>\n<li><strong>R$ 5,5070<\/strong> \u2013 cota\u00e7\u00e3o do d\u00f3lar<\/li>\n<li><strong>132.973,26<\/strong> \u2013 pontos do Ibovespa<\/li>\n<li><strong>166,6 mil<\/strong> \u2013 novas vagas de emprego<\/li>\n<li><strong>5,07%<\/strong> \u2013 infla\u00e7\u00e3o projetada 2025<\/li>\n<\/ul>\n<h2>Movimentos do C\u00e2mbio e da Bolsa Brasileira<\/h2>\n<p>O d\u00f3lar \u00e0 vista caiu 0,69%, fechando a R$ 5,5070, enquanto o Ibovespa subiu 0,4%, alcan\u00e7ando 132.973,26 pontos.<\/p>\n<p>A desvaloriza\u00e7\u00e3o do d\u00f3lar foi influenciada pela <u>expectativa de redu\u00e7\u00e3o de juros nos Estados Unidos<\/u>, conforme mencionado em <a href='https:\/\/www.infomoney.com.br\/mercados\/ibovespa-opera-em-alta-com-influencia-externa-sem-abandonar-cautela-com-tarifas\/' alt='Infomoney com mais informa\u00e7\u00f5es sobre o Ibovespa'>not\u00edcias do Infomoney<\/a>.<\/p>\n<p><strong>Com a antecipa\u00e7\u00e3o de cortes na taxa de juros, os investidores deslocaram recursos para mercados emergentes como o Brasil, aliviando a press\u00e3o sobre o real<\/strong>.<\/p>\n<p>A alta do Ibovespa reflete o otimismo do mercado em rela\u00e7\u00e3o aos indicadores econ\u00f4micos e comerciais globais.<\/p>\n<p><u>Os investidores demonstraram confian\u00e7a no fortalecimento das rela\u00e7\u00f5es comerciais<\/u> e na estabilidade pol\u00edtica, resultando em um aumento da atratividade do mercado de a\u00e7\u00f5es brasileiro.<\/p>\n<p>Os efeitos imediatos desses movimentos incluem:<\/p>\n<ul>\n<li><strong>Redu\u00e7\u00e3o do pr\u00eamio de risco<\/strong><\/li>\n<li>Maior fluxo de investimentos estrangeiros<\/li>\n<li>Fortalecimento da moeda local<\/li>\n<\/ul>\n<p><strong>O analista de mercado Luiz Carlos destacou que<\/strong> as a\u00e7\u00f5es do Banco Central continuam desempenhando um papel essencial na manuten\u00e7\u00e3o da estabilidade econ\u00f4mica.<\/p>\n<p>Mais informa\u00e7\u00f5es sobre o mercado financeiro podem ser acessadas atrav\u00e9s de plataformas como <a href='https:\/\/www.b3.com.br\/pt_br\/' alt='Informa\u00e7\u00f5es atualizadas da B3'>B3<\/a> e o <a href='https:\/\/www.bcb.gov.br\/' alt='Site do Banco Central'>Banco Central<\/a>, que oferecem dados atualizados sobre a economia brasileira.<\/p>\n<h2>Evolu\u00e7\u00e3o do Emprego Formal em Junho<\/h2>\n<p>O m\u00eas de junho trouxe um aumento significativo na <u><strong>quantidade de vagas de emprego<\/strong><\/u> formais criadas no Brasil, totalizando <u><strong>166,6 mil novas vagas<\/strong><\/u>.<\/p>\n<p>Este aumento \u00e9 impulsionado por diferentes setores da economia, cada um desempenhando um papel fundamental neste cen\u00e1rio positivo.<\/p>\n<p>O setor de <u>Servi\u00e7os<\/u> foi o mais destacado, adicionando <strong>85 mil<\/strong> novas vagas.<\/p>\n<p>O crescimento se deve principalmente \u00e0 alta na demanda por servi\u00e7os de informa\u00e7\u00e3o, comunica\u00e7\u00e3o e finan\u00e7as, conforme dados do <a href=\"https:\/\/www.gov.br\/trabalho-e-emprego\/pt-br\/noticias-e-conteudo\" alt=\"Minist\u00e9rio do Trabalho e Emprego\">Minist\u00e9rio do Trabalho e Emprego<\/a>.<\/p>\n<p>\u0623 <u>Ind\u00fastria<\/u> contribuiu com <strong>30 mil<\/strong> posi\u00e7\u00f5es, puxada pela produ\u00e7\u00e3o de alimentos, enquanto a <u>Constru\u00e7\u00e3o Civil<\/u> gerou <strong>20 mil<\/strong> novas oportunidades, impulsionada por projetos de infraestrutura e investimento em habita\u00e7\u00e3o.<\/p>\n<p>Este avan\u00e7o \u00e9 um reflexo das pol\u00edticas econ\u00f4micas adotadas para estimular o crescimento nestes setores, garantindo mais empregos e desenvolvimento.<\/p>\n<p>Com essas informa\u00e7\u00f5es, podemos visualizar a distribui\u00e7\u00e3o das vagas criadas de forma mais clara:<\/p>\n<h2>Tens\u00f5es Comerciais Brasil-EUA e Tarifa de 50 %<\/h2>\n<p>As tens\u00f5es comerciais entre Brasil e EUA cresceram acentuadamente ap\u00f3s a imposi\u00e7\u00e3o de uma tarifa de <strong>50 %<\/strong> sobre produtos brasileiros pelo governo norte-americano.<\/p>\n<p>Essa medida, vista como resultado de motiva\u00e7\u00f5es pol\u00edticas e econ\u00f4micas, amea\u00e7a <u>impactar significativamente o com\u00e9rcio bilateral<\/u>.<\/p>\n<p>De acordo com a <a href=\"https:\/\/www.juscon.com.br\/tensoes-comerciais-entre-eua-e-brasil-tarifas-de-50-ameacam-competitividade-e-empregos\/\" alt=\"An\u00e1lise sobre tens\u00f5es comerciais Brasil-EUA\">an\u00e1lise da Juscon<\/a>, a competitividade de setores estrat\u00e9gicos ser\u00e1 duramente afetada, dificultando a coloca\u00e7\u00e3o de produtos brasileiros no mercado americano.<\/p>\n<p>&#8220;<\/p>\n<blockquote><p>Segundo a economista Maria Silva, &#8216;a medida <u>pode reduzir as exporta\u00e7\u00f5es em at\u00e9 2 %<\/u>, comprometendo setores-chave da economia brasileira&#8217;<\/p><\/blockquote>\n<p>, conforme discutido.<\/p>\n<p>Al\u00e9m disso, julgando pela <a href=\"https:\/\/eesp.fgv.br\/noticia\/impactos-potenciais-das-novas-tarifas-dos-eua-sobre-produtos-brasileiros\" alt=\"Relat\u00f3rio sobre os impactos das tarifas dos EUA\">an\u00e1lise da FGV<\/a>, a rea\u00e7\u00e3o institucional e diplom\u00e1tica do Brasil parece essencial para mitigar danos adicionais.<\/p>\n<p>Enquanto algumas exce\u00e7\u00f5es foram anunciadas para al\u00edvio de certos setores, essa configura\u00e7\u00e3o ainda n\u00e3o constitui seguran\u00e7a coletiva.<\/p>\n<p>Consequentemente, <strong>o risco de desacelera\u00e7\u00e3o econ\u00f4mica<\/strong> incrementa-se naturalmente, dado que, atrav\u00e9s dessas taxas extraordin\u00e1rias, uma retra\u00e7\u00e3o econ\u00f4mica mais ampla pode emergir.<\/p>\n<p>Por fim, ao mesmo tempo que <u>sobressalta-se a urg\u00eancia de estrat\u00e9gias alternativas para exportadores brasileiros<\/u>, a expans\u00e3o dos BRICS e parcerias diversificadas configuram-se como potenciais solu\u00e7\u00f5es.<\/p>\n<p>Com tal cen\u00e1rio, \u00e9 vital que o Brasil busque novo equil\u00edbrio econ\u00f4mico e diversifique seus parceiros comerciais.<\/p>\n<h2>Trajet\u00f3ria da Infla\u00e7\u00e3o Projetada para 2025<\/h2>\n<p>A trajet\u00f3ria de queda da infla\u00e7\u00e3o projetada para 2025 no Brasil reflete uma s\u00e9rie de fatores que t\u00eam impactado as expectativas do mercado financeiro.<\/p>\n<p>A redu\u00e7\u00e3o pela <strong>10\u00aa semana consecutiva<\/strong> para <u>5,07%<\/u> evidencia as pol\u00edticas monet\u00e1rias restritivas implementadas, as quais visam controlar a alta dos pre\u00e7os.<\/p>\n<p>Com isso, os analistas revisaram para baixo suas proje\u00e7\u00f5es, ainda que a taxa atual esteja acima do teto da meta estabelecida pelo <a href='https:\/\/www.agenciabrasil.ebc.com.br\/de\/node\/1653095' alt='Relat\u00f3rio Focus - Governo do Brasil'>Conselho Monet\u00e1rio Nacional<\/a>.<\/p>\n<p>Essa expectativa de infla\u00e7\u00e3o em queda fortalece a confian\u00e7a em um controle econ\u00f4mico mais rigoroso, impactando \u00e1reas como juros e c\u00e2mbio.<\/p>\n<p>As <strong>dez semanas<\/strong> de ajuste demonstram uma expectativa de estabiliza\u00e7\u00e3o, visto que uma infla\u00e7\u00e3o moderada pode levar \u00e0 redu\u00e7\u00e3o das taxas de juros, aliviando o cr\u00e9dito e estimulando investimentos.<\/p>\n<p>Dessa forma, o cen\u00e1rio \u00e9 promissor para o planejamento econ\u00f4mico, pois permite que empresas e consumidores tomem decis\u00f5es baseando-se em um ambiente inflacion\u00e1rio mais previs\u00edvel e controlado.<\/p>\n<p>Essa cont\u00ednua adapta\u00e7\u00e3o das previs\u00f5es refor\u00e7a a import\u00e2ncia de um acompanhamento constante das pol\u00edticas econ\u00f4micas, facilitando um futuro financeiro mais est\u00e1vel e robusto para o Brasil.<\/p>\n<p><strong>Em resumo<\/strong>, a an\u00e1lise dos dados recentes revela um cen\u00e1rio din\u00e2mico para a economia brasileira.<\/p>\n<p>As flutua\u00e7\u00f5es do d\u00f3lar, o aumento de empregos e as rela\u00e7\u00f5es comerciais internacionais s\u00e3o aspectos cruciais que impactar\u00e3o o desenvolvimento econ\u00f4mico nos pr\u00f3ximos anos.<\/p>","protected":false},"excerpt":{"rendered":"<p>D\u00f3lar Empregos: No cen\u00e1rio econ\u00f4mico atual do Brasil, diversas mudan\u00e7as t\u00eam sido observadas, como a queda do d\u00f3lar \u00e0 vista e a recupera\u00e7\u00e3o do mercado de trabalho. Neste artigo, vamos explorar os recentes dados que mostram a valoriza\u00e7\u00e3o do Ibovespa, o aumento significativo de vagas de emprego e as tens\u00f5es [&hellip;]<\/p>","protected":false},"author":14,"featured_media":1473,"comment_status":"open","ping_status":"open","sticky":false,"template":"","format":"standard","meta":{"footnotes":""},"categories":[739],"tags":[1099,1098,1100],"class_list":["post-1475","post","type-post","status-publish","format-standard","has-post-thumbnail","hentry","category-economia","tag-dolar","tag-ibovespa","tag-vagas-de-emprego"],"yoast_head":"<!-- This site is optimized with the Yoast SEO plugin v24.5 - https:\/\/yoast.com\/wordpress\/plugins\/seo\/ -->\n<title>D\u00f3lar Cai 0,69% E Ibovespa Sobe 0,4% Com Empregos -<\/title>\n<meta name=\"robots\" content=\"index, follow, max-snippet:-1, max-image-preview:large, max-video-preview:-1\" \/>\n<link rel=\"canonical\" href=\"https:\/\/caleine.com\/ar\/dolar-cai-0-69-e-ibovespa-sobe-0-4-com-empregos\/\" \/>\n<meta property=\"og:locale\" content=\"ar_AR\" \/>\n<meta property=\"og:type\" content=\"article\" \/>\n<meta property=\"og:title\" content=\"D\u00f3lar Cai 0,69% E Ibovespa Sobe 0,4% Com Empregos -\" \/>\n<meta property=\"og:description\" content=\"D\u00f3lar Empregos: No cen\u00e1rio econ\u00f4mico atual do Brasil, diversas mudan\u00e7as t\u00eam sido observadas, como a queda do d\u00f3lar \u00e0 vista e a recupera\u00e7\u00e3o do mercado de trabalho. Neste artigo, vamos explorar os recentes dados que mostram a valoriza\u00e7\u00e3o do Ibovespa, o aumento significativo de vagas de emprego e as tens\u00f5es [&hellip;]\" \/>\n<meta property=\"og:url\" content=\"https:\/\/caleine.com\/ar\/dolar-cai-0-69-e-ibovespa-sobe-0-4-com-empregos\/\" \/>\n<meta property=\"article:published_time\" content=\"2025-08-04T20:35:48+00:00\" \/>\n<meta name=\"author\" content=\"Davi\" \/>\n<meta name=\"twitter:card\" content=\"summary_large_image\" \/>\n<meta name=\"twitter:label1\" content=\"\u0643\u064f\u062a\u0628 \u0628\u0648\u0627\u0633\u0637\u0629\" \/>\n\t<meta name=\"twitter:data1\" content=\"Davi\" \/>\n\t<meta name=\"twitter:label2\" content=\"\u0648\u0642\u062a \u0627\u0644\u0642\u0631\u0627\u0621\u0629 \u0627\u0644\u0645\u064f\u0642\u062f\u0651\u0631\" \/>\n\t<meta name=\"twitter:data2\" content=\"6 \u062f\u0642\u0627\u0626\u0642\" \/>\n<script type=\"application\/ld+json\" class=\"yoast-schema-graph\">{\"@context\":\"https:\/\/schema.org\",\"@graph\":[{\"@type\":\"WebPage\",\"@id\":\"https:\/\/caleine.com\/dolar-cai-0-69-e-ibovespa-sobe-0-4-com-empregos\/\",\"url\":\"https:\/\/caleine.com\/dolar-cai-0-69-e-ibovespa-sobe-0-4-com-empregos\/\",\"name\":\"D\u00f3lar Cai 0,69% E Ibovespa Sobe 0,4% Com Empregos -\",\"isPartOf\":{\"@id\":\"https:\/\/caleine.com\/#website\"},\"primaryImageOfPage\":{\"@id\":\"https:\/\/caleine.com\/dolar-cai-0-69-e-ibovespa-sobe-0-4-com-empregos\/#primaryimage\"},\"image\":{\"@id\":\"https:\/\/caleine.com\/dolar-cai-0-69-e-ibovespa-sobe-0-4-com-empregos\/#primaryimage\"},\"thumbnailUrl\":\"https:\/\/caleine.com\/wp-content\/uploads\/2025\/08\/1754339739707.png\",\"datePublished\":\"2025-08-04T20:35:48+00:00\",\"author\":{\"@id\":\"https:\/\/caleine.com\/#\/schema\/person\/e822d0434de2761ae603436b42954961\"},\"breadcrumb\":{\"@id\":\"https:\/\/caleine.com\/dolar-cai-0-69-e-ibovespa-sobe-0-4-com-empregos\/#breadcrumb\"},\"inLanguage\":\"ar\",\"potentialAction\":[{\"@type\":\"ReadAction\",\"target\":[\"https:\/\/caleine.com\/dolar-cai-0-69-e-ibovespa-sobe-0-4-com-empregos\/\"]}]},{\"@type\":\"ImageObject\",\"inLanguage\":\"ar\",\"@id\":\"https:\/\/caleine.com\/dolar-cai-0-69-e-ibovespa-sobe-0-4-com-empregos\/#primaryimage\",\"url\":\"https:\/\/caleine.com\/wp-content\/uploads\/2025\/08\/1754339739707.png\",\"contentUrl\":\"https:\/\/caleine.com\/wp-content\/uploads\/2025\/08\/1754339739707.png\",\"width\":1024,\"height\":624,\"caption\":\"undefined\"},{\"@type\":\"BreadcrumbList\",\"@id\":\"https:\/\/caleine.com\/dolar-cai-0-69-e-ibovespa-sobe-0-4-com-empregos\/#breadcrumb\",\"itemListElement\":[{\"@type\":\"ListItem\",\"position\":1,\"name\":\"In\u00edcio\",\"item\":\"https:\/\/caleine.com\/\"},{\"@type\":\"ListItem\",\"position\":2,\"name\":\"D\u00f3lar Cai 0,69% E Ibovespa Sobe 0,4% Com Empregos\"}]},{\"@type\":\"WebSite\",\"@id\":\"https:\/\/caleine.com\/#website\",\"url\":\"https:\/\/caleine.com\/\",\"name\":\"\",\"description\":\"Caleine\",\"potentialAction\":[{\"@type\":\"SearchAction\",\"target\":{\"@type\":\"EntryPoint\",\"urlTemplate\":\"https:\/\/caleine.com\/?s={search_term_string}\"},\"query-input\":{\"@type\":\"PropertyValueSpecification\",\"valueRequired\":true,\"valueName\":\"search_term_string\"}}],\"inLanguage\":\"ar\"},{\"@type\":\"Person\",\"@id\":\"https:\/\/caleine.com\/#\/schema\/person\/e822d0434de2761ae603436b42954961\",\"name\":\"Davi\",\"image\":{\"@type\":\"ImageObject\",\"inLanguage\":\"ar\",\"@id\":\"https:\/\/caleine.com\/#\/schema\/person\/image\/\",\"url\":\"https:\/\/secure.gravatar.com\/avatar\/e1ee68e758cac208b2e5afa99bab2ebc9c971f628c4e810fe37ef98f59af2f71?s=96&d=mm&r=g\",\"contentUrl\":\"https:\/\/secure.gravatar.com\/avatar\/e1ee68e758cac208b2e5afa99bab2ebc9c971f628c4e810fe37ef98f59af2f71?s=96&d=mm&r=g\",\"caption\":\"Davi\"},\"url\":\"https:\/\/caleine.com\/ar\/author\/davi\/\"}]}<\/script>\n<!-- \/ Yoast SEO plugin. -->","yoast_head_json":{"title":"D\u00f3lar Cai 0,69% E Ibovespa Sobe 0,4% Com Empregos -","robots":{"index":"index","follow":"follow","max-snippet":"max-snippet:-1","max-image-preview":"max-image-preview:large","max-video-preview":"max-video-preview:-1"},"canonical":"https:\/\/caleine.com\/ar\/dolar-cai-0-69-e-ibovespa-sobe-0-4-com-empregos\/","og_locale":"ar_AR","og_type":"article","og_title":"D\u00f3lar Cai 0,69% E Ibovespa Sobe 0,4% Com Empregos -","og_description":"D\u00f3lar Empregos: No cen\u00e1rio econ\u00f4mico atual do Brasil, diversas mudan\u00e7as t\u00eam sido observadas, como a queda do d\u00f3lar \u00e0 vista e a recupera\u00e7\u00e3o do mercado de trabalho. Neste artigo, vamos explorar os recentes dados que mostram a valoriza\u00e7\u00e3o do Ibovespa, o aumento significativo de vagas de emprego e as tens\u00f5es [&hellip;]","og_url":"https:\/\/caleine.com\/ar\/dolar-cai-0-69-e-ibovespa-sobe-0-4-com-empregos\/","article_published_time":"2025-08-04T20:35:48+00:00","author":"Davi","twitter_card":"summary_large_image","twitter_misc":{"\u0643\u064f\u062a\u0628 \u0628\u0648\u0627\u0633\u0637\u0629":"Davi","\u0648\u0642\u062a \u0627\u0644\u0642\u0631\u0627\u0621\u0629 \u0627\u0644\u0645\u064f\u0642\u062f\u0651\u0631":"6 \u062f\u0642\u0627\u0626\u0642"},"schema":{"@context":"https:\/\/schema.org","@graph":[{"@type":"WebPage","@id":"https:\/\/caleine.com\/dolar-cai-0-69-e-ibovespa-sobe-0-4-com-empregos\/","url":"https:\/\/caleine.com\/dolar-cai-0-69-e-ibovespa-sobe-0-4-com-empregos\/","name":"D\u00f3lar Cai 0,69% E Ibovespa Sobe 0,4% Com Empregos -","isPartOf":{"@id":"https:\/\/caleine.com\/#website"},"primaryImageOfPage":{"@id":"https:\/\/caleine.com\/dolar-cai-0-69-e-ibovespa-sobe-0-4-com-empregos\/#primaryimage"},"image":{"@id":"https:\/\/caleine.com\/dolar-cai-0-69-e-ibovespa-sobe-0-4-com-empregos\/#primaryimage"},"thumbnailUrl":"https:\/\/caleine.com\/wp-content\/uploads\/2025\/08\/1754339739707.png","datePublished":"2025-08-04T20:35:48+00:00","author":{"@id":"https:\/\/caleine.com\/#\/schema\/person\/e822d0434de2761ae603436b42954961"},"breadcrumb":{"@id":"https:\/\/caleine.com\/dolar-cai-0-69-e-ibovespa-sobe-0-4-com-empregos\/#breadcrumb"},"inLanguage":"ar","potentialAction":[{"@type":"ReadAction","target":["https:\/\/caleine.com\/dolar-cai-0-69-e-ibovespa-sobe-0-4-com-empregos\/"]}]},{"@type":"ImageObject","inLanguage":"ar","@id":"https:\/\/caleine.com\/dolar-cai-0-69-e-ibovespa-sobe-0-4-com-empregos\/#primaryimage","url":"https:\/\/caleine.com\/wp-content\/uploads\/2025\/08\/1754339739707.png","contentUrl":"https:\/\/caleine.com\/wp-content\/uploads\/2025\/08\/1754339739707.png","width":1024,"height":624,"caption":"undefined"},{"@type":"BreadcrumbList","@id":"https:\/\/caleine.com\/dolar-cai-0-69-e-ibovespa-sobe-0-4-com-empregos\/#breadcrumb","itemListElement":[{"@type":"ListItem","position":1,"name":"In\u00edcio","item":"https:\/\/caleine.com\/"},{"@type":"ListItem","position":2,"name":"D\u00f3lar Cai 0,69% E Ibovespa Sobe 0,4% Com Empregos"}]},{"@type":"WebSite","@id":"https:\/\/caleine.com\/#website","url":"https:\/\/caleine.com\/","name":"","description":"Caleine","potentialAction":[{"@type":"SearchAction","target":{"@type":"EntryPoint","urlTemplate":"https:\/\/caleine.com\/?s={search_term_string}"},"query-input":{"@type":"PropertyValueSpecification","valueRequired":true,"valueName":"search_term_string"}}],"inLanguage":"ar"},{"@type":"Person","@id":"https:\/\/caleine.com\/#\/schema\/person\/e822d0434de2761ae603436b42954961","name":"Davi","image":{"@type":"ImageObject","inLanguage":"ar","@id":"https:\/\/caleine.com\/#\/schema\/person\/image\/","url":"https:\/\/secure.gravatar.com\/avatar\/e1ee68e758cac208b2e5afa99bab2ebc9c971f628c4e810fe37ef98f59af2f71?s=96&d=mm&r=g","contentUrl":"https:\/\/secure.gravatar.com\/avatar\/e1ee68e758cac208b2e5afa99bab2ebc9c971f628c4e810fe37ef98f59af2f71?s=96&d=mm&r=g","caption":"Davi"},"url":"https:\/\/caleine.com\/ar\/author\/davi\/"}]}},"_links":{"self":[{"href":"https:\/\/caleine.com\/ar\/wp-json\/wp\/v2\/posts\/1475","targetHints":{"allow":["GET"]}}],"collection":[{"href":"https:\/\/caleine.com\/ar\/wp-json\/wp\/v2\/posts"}],"about":[{"href":"https:\/\/caleine.com\/ar\/wp-json\/wp\/v2\/types\/post"}],"author":[{"embeddable":true,"href":"https:\/\/caleine.com\/ar\/wp-json\/wp\/v2\/users\/14"}],"replies":[{"embeddable":true,"href":"https:\/\/caleine.com\/ar\/wp-json\/wp\/v2\/comments?post=1475"}],"version-history":[{"count":0,"href":"https:\/\/caleine.com\/ar\/wp-json\/wp\/v2\/posts\/1475\/revisions"}],"wp:featuredmedia":[{"embeddable":true,"href":"https:\/\/caleine.com\/ar\/wp-json\/wp\/v2\/media\/1473"}],"wp:attachment":[{"href":"https:\/\/caleine.com\/ar\/wp-json\/wp\/v2\/media?parent=1475"}],"wp:term":[{"taxonomy":"category","embeddable":true,"href":"https:\/\/caleine.com\/ar\/wp-json\/wp\/v2\/categories?post=1475"},{"taxonomy":"post_tag","embeddable":true,"href":"https:\/\/caleine.com\/ar\/wp-json\/wp\/v2\/tags?post=1475"}],"curies":[{"name":"wp","href":"https:\/\/api.w.org\/{rel}","templated":true}]}}