{"id":1900,"date":"2025-10-02T17:03:51","date_gmt":"2025-10-02T20:03:51","guid":{"rendered":"https:\/\/caleine.com\/isencao-de-imposto-de-renda-para-brasileiros-ate-r-7-350\/"},"modified":"2025-10-02T17:03:51","modified_gmt":"2025-10-02T20:03:51","slug":"isencao-de-imposto-de-renda-para-brasileiros-ate-r-7-350","status":"publish","type":"post","link":"https:\/\/caleine.com\/ar\/isencao-de-imposto-de-renda-para-brasileiros-ate-r-7-350\/","title":{"rendered":"Isen\u00e7\u00e3o de Imposto de Renda Para Brasileiros At\u00e9 R$ 7.350"},"content":{"rendered":"<p><strong>A isen\u00e7\u00e3o de imposto<\/strong> de renda proposta pela nova legisla\u00e7\u00e3o traz mudan\u00e7as significativas para milh\u00f5es de brasileiros.<\/p>\n<p>Aprovado pela C\u00e2mara, o Projeto de Lei prev\u00ea isen\u00e7\u00e3o total para rendimentos de at\u00e9 R$ 5.000 mensais e descontos escalonados at\u00e9 R$ 7.350, proporcionando um al\u00edvio fiscal importante.<\/p>\n<p>Com essa reformula\u00e7\u00e3o, estima-se que 16 milh\u00f5es de cidad\u00e3os se beneficiem, resultando em uma ren\u00fancia fiscal de R$ 25 bilh\u00f5es.<\/p>\n<p>Este artigo ir\u00e1 explorar os detalhes dessa proposta, seu impacto fiscal e as compensa\u00e7\u00f5es necess\u00e1rias para garantir um equil\u00edbrio nas receitas do governo.<\/p>\n<p><\/strong><\/p>\n<h2>Contexto e Objetivos da Proposta<\/h2>\n<p>O cen\u00e1rio econ\u00f4mico brasileiro tem enfrentado desafios significativos, especialmente no que diz respeito \u00e0 <strong>alta carga tribut\u00e1ria<\/strong>.<\/p>\n<p>Muitos cidad\u00e3os, sobretudo aqueles de menor renda, sentem-se sobrecarregados pelas obriga\u00e7\u00f5es fiscais, o que impacta diretamente seu poder aquisitivo e qualidade de vida.<\/p>\n<p>Essa situa\u00e7\u00e3o torna-se mais complexa em um contexto onde a renda m\u00e9dia dos trabalhadores n\u00e3o acompanha o custo de vida crescente, levando o governo a buscar solu\u00e7\u00f5es para <strong>promover a equidade<\/strong> no sistema tribut\u00e1rio.<\/p>\n<p>Assim, a proposta de isentar do imposto de renda os brasileiros que ganham at\u00e9 R$ 5.000 mensais, a partir de 2026, visa aliviar essa press\u00e3o.<\/p>\n<p>Esse projeto n\u00e3o s\u00f3 proporciona uma <strong>economia significativa<\/strong> para os benefici\u00e1rios, mas tamb\u00e9m se alinha com os princ\u00edpios de <strong>justi\u00e7a fiscal<\/strong>.<\/p>\n<p>A medida incluir\u00e1 descontos escalonados para rendimentos at\u00e9 R$ 7.350, contribuindo para a <u><strong>redu\u00e7\u00e3o das desigualdades econ\u00f4micas<\/strong><\/u>.<\/p>\n<p>O prop\u00f3sito central desse projeto \u00e9 tornar o sistema tribut\u00e1rio mais justo e eficiente, permitindo que aqueles com menor renda tenham mais recursos dispon\u00edveis para suas necessidades cotidianas.<\/p>\n<p>Com a <a href=\"https:\/\/www.camara.leg.br\/noticias\/1206672-camara-aprova-projeto-que-isenta-do-imposto-de-renda-quem-ganha-ate-r$-5-mil-por-mes\" alt=\"C\u00e2mara aprova projeto de isen\u00e7\u00e3o do IR\">aprova\u00e7\u00e3o pela C\u00e2mara<\/a>, espera-se que essas mudan\u00e7as contribuam para um equil\u00edbrio econ\u00f4mico e social mais sustent\u00e1vel, favorecendo o crescimento econ\u00f4mico inclusivo a partir de 2026.<\/p>\n<h2>Faixas de Isen\u00e7\u00e3o e Descontos Escalonados<\/h2>\n<p>A progressividade no sistema de imposto de renda visa garantir que aqueles que possuem menor capacidade contributiva paguem menos, aliviando o peso tribut\u00e1rio sobre as camadas de renda mais baixa, enquanto aqueles com rendas mais altas contribuem mais proporcionalmente.<\/p>\n<p>Isso reflete um princ\u00edpio de justi\u00e7a fiscal e busca reduzir desigualdades, pois a carga tribut\u00e1ria \u00e9 adaptada conforme a capacidade financeira dos contribuintes.<\/p>\n<p>Este modelo escalonado de isen\u00e7\u00e3o e descontos para rendimentos entre R$ 5.000 e R$ 7.350 exemplifica essa l\u00f3gica.<\/p>\n<table>\n<thead>\n<tr>\n<th>Faixa<\/th>\n<th>Desconto<\/th>\n<th>Economia Anual<\/th>\n<\/tr>\n<\/thead>\n<tbody>\n<tr>\n<td>At\u00e9 R$ 5.000<\/td>\n<td><u><strong>Isen\u00e7\u00e3o total<\/strong><\/u><\/td>\n<td><u><strong>R$ 4.356,89<\/strong><\/u><\/td>\n<\/tr>\n<tr>\n<td>At\u00e9 R$ 5.500<\/td>\n<td><u>75%<\/u><\/td>\n<td><u>R$ 3.367,68<\/u><\/td>\n<\/tr>\n<tr>\n<td>At\u00e9 R$ 6.000<\/td>\n<td><u>50%<\/u><\/td>\n<td><u>R$ 2.350,79<\/u><\/td>\n<\/tr>\n<tr>\n<td>At\u00e9 R$ 6.500<\/td>\n<td><u>25%<\/u><\/td>\n<td><u>R$ 1.333,90<\/u><\/td>\n<\/tr>\n<tr>\n<td>At\u00e9 R$ 7.350<\/td>\n<td><u>Al\u00edquota atual<\/u><\/td>\n<td><u>&#8211;<\/u><\/td>\n<\/tr>\n<\/tbody>\n<\/table>\n<p>Para mais detalhes sobre o funcionamento destas faixas, consulte o site da <a href=\"https:\/\/www.infomoney.com.br\/politica\/entenda-a-isencao-do-ir-faixas-imposto-minimo-de-10-e-retencao-de-dividendos\/\" alt=\"InfoMoney sobre a isen\u00e7\u00e3o do IR\">InfoMoney<\/a>.<\/p>\n<h2>Impacto Social e N\u00famero de Beneficiados<\/h2>\n<p>A aprova\u00e7\u00e3o da isen\u00e7\u00e3o e descontos escalonados no Imposto de Renda promete um impacto substancial na renda dispon\u00edvel de milhares de brasileiros.<\/p>\n<p>Essa reforma n\u00e3o s\u00f3 aumenta o poder de compra, como tamb\u00e9m contribui para a redu\u00e7\u00e3o das desigualdades sociais, beneficiando significativamente a popula\u00e7\u00e3o de baixa renda do Brasil.<\/p>\n<p>De acordo com as proje\u00e7\u00f5es, <a href=\"https:\/\/www12.senado.leg.br\/noticias\/materias\/2025\/09\/24\/cae-aprova-isencao-do-ir-ate-r-5-mil-proposta-vai-a-camara\" alt=\"C\u00e2mara aprova projeto de isen\u00e7\u00e3o do Imposto de Renda\">16 milh\u00f5es de brasileiros<\/a> ser\u00e3o diretamente afetados, aliviando o impacto financeiro e proporcionando uma economia importante ao longo do ano.<\/p>\n<ul>\n<li><strong>16 milh\u00f5es<\/strong> de contribuintes alcan\u00e7ados, melhorando a condi\u00e7\u00e3o financeira familiar.<\/li>\n<li>Economia anual de <strong>R$ 4.356,89<\/strong> para quem recebe at\u00e9 R$ 5.000.<\/li>\n<li>Redu\u00e7\u00e3o significativa das desigualdades gra\u00e7as \u00e0 nova tributa\u00e7\u00e3o mais justa.<\/li>\n<li>Compensa\u00e7\u00e3o da ren\u00fancia fiscal por meio de tributa\u00e7\u00e3o progressiva de altas rendas.<\/li>\n<\/ul>\n<p>Al\u00e9m do al\u00edvio financeiro imediato, essa medida se torna <u>relevante<\/u> para fomentar o consumo e incentivar um maior investimento na economia local.<\/p>\n<p>A redistribui\u00e7\u00e3o da carga tribut\u00e1ria ressalta a import\u00e2ncia de uma pol\u00edtica fiscal mais equitativa no Brasil.<\/p>\n<h2>Consequ\u00eancias Fiscais e Mecanismos de Compensa\u00e7\u00e3o<\/h2>\n<p>A aprova\u00e7\u00e3o do projeto de lei que isenta o imposto de renda para brasileiros que ganham at\u00e9 R$ 5 mil mensais resulta em uma ren\u00fancia fiscal de <strong>R$ 25 bilh\u00f5es<\/strong>, conforme divulgado pela <a href=\"https:\/\/www.camara.leg.br\/noticias\/1206672-camara-aprova-projeto-que-isenta-do-imposto-de-renda-quem-ganha-ate-r$-5-mil-por-mes\" alt=\"Camara dos Deputados aprova projeto IR\">C\u00e2mara dos Deputados<\/a>.<\/p>\n<p>Este montante se traduz em uma pol\u00edtica t\u00e9cnica de justi\u00e7a tribut\u00e1ria, direcionando mais recursos financeiros para a popula\u00e7\u00e3o de baixa renda ao n\u00e3o taxar esses cidad\u00e3os.<\/p>\n<p>A compensa\u00e7\u00e3o desta perda de receita \u00e9 fundamental, permitindo que o Estado mantenha seu equil\u00edbrio fiscal sem preju\u00edzo \u00e0 arrecada\u00e7\u00e3o global.<\/p>\n<p>Essa compensa\u00e7\u00e3o ocorrer\u00e1 por meio de uma nova tributa\u00e7\u00e3o direcionada a rendas altas que propiciar\u00e1 a recupera\u00e7\u00e3o da receita perdida e garantir\u00e1 a equidade fiscal.<\/p>\n<p>A proposta traz como solu\u00e7\u00e3o a aplica\u00e7\u00e3o de al\u00edquotas progressivas sobre rendimentos maiores que R$ 50 mil mensais.<\/p>\n<p>Essa medida visa distribuir o peso tribut\u00e1rio de maneira que aqueles que possuem mais recursos contribuam mais, promovendo a justi\u00e7a social desejada.<\/p>\n<p>Destacam-se as faixas de taxa\u00e7\u00e3o progressiva:<\/p>\n<ul>\n<li><u>5%<\/u> para rendimentos acima de R$ 600 mil anuais<\/li>\n<li><u>7,5%<\/u> para rendimentos superiores a R$ 800 mil\/ano<\/li>\n<li><u><strong>10%<\/strong><\/u> para rendimentos superiores a R$ 1,2 milh\u00e3o\/ano<\/li>\n<\/ul>\n<p>.<\/p>\n<p>Estas faixas s\u00e3o embasadas na l\u00f3gica de que quanto maior a renda, maior a capacidade contributiva do cidad\u00e3o, assegurando que a tributa\u00e7\u00e3o incida de forma a minimizar desigualdades e sustentar um sistema justo.<\/p>\n<h2>Exce\u00e7\u00f5es e Prazos de Vig\u00eancia<\/h2>\n<p>\u0623 <u><strong>isen\u00e7\u00e3o de lucros e dividendos at\u00e9 31 de dezembro de 2025<\/strong><\/u> oferece uma oportunidade estrat\u00e9gica para investidores e empresas, permitindo a distribui\u00e7\u00e3o desses valores sem incid\u00eancia de imposto, conforme previsto no projeto de lei aprovado pela C\u00e2mara.<\/p>\n<p>Para que os contribuintes possam se beneficiar dessas novas regras nas declara\u00e7\u00f5es do Imposto de Renda de <u><strong>2027, \u00e9 crucial que o projeto seja aprovado at\u00e9 o fim do ano<\/strong><\/u>.<\/p>\n<p>Essa aprova\u00e7\u00e3o dentro do calend\u00e1rio legislativo \u00e9 essencial, pois, sem ela, as mudan\u00e7as previstas n\u00e3o ter\u00e3o a validade necess\u00e1ria para se aplicarem aos rendimentos de 2026. Portanto, o planejamento estrat\u00e9gico durante este per\u00edodo \u00e9 vital para otimizar as finan\u00e7as e aproveitar ao m\u00e1ximo as isen\u00e7\u00f5es e altera\u00e7\u00f5es tribut\u00e1rias em vigor a partir do encerramento do prazo estipulado.<\/p>\n<p>A prontid\u00e3o para essas mudan\u00e7as pode impactar significativamente o planejamento financeiro futuro dos envolvidos, garantindo uma melhor adequa\u00e7\u00e3o \u00e0s novas normativas fiscais.<\/p>\n<p><strong>Em resumo, a nova isen\u00e7\u00e3o de imposto de renda representa um avan\u00e7o significativo na pol\u00edtica fiscal brasileira, beneficiando milh\u00f5es de trabalhadores e estimulando a economia.<\/p>\n<p><\/strong><\/p>","protected":false},"excerpt":{"rendered":"<p>A isen\u00e7\u00e3o de imposto de renda proposta pela nova legisla\u00e7\u00e3o traz mudan\u00e7as significativas para milh\u00f5es de brasileiros. Aprovado pela C\u00e2mara, o Projeto de Lei prev\u00ea isen\u00e7\u00e3o total para rendimentos de at\u00e9 R$ 5.000 mensais e descontos escalonados at\u00e9 R$ 7.350, proporcionando um al\u00edvio fiscal importante. Com essa reformula\u00e7\u00e3o, estima-se que [&hellip;]<\/p>","protected":false},"author":14,"featured_media":1897,"comment_status":"open","ping_status":"open","sticky":false,"template":"","format":"standard","meta":{"footnotes":""},"categories":[739],"tags":[1521,1450,1522],"class_list":["post-1900","post","type-post","status-publish","format-standard","has-post-thumbnail","hentry","category-economia","tag-isencao-de-imposto","tag-projeto-de-lei","tag-renda-brasileira"],"yoast_head":"<!-- This site is optimized with the Yoast SEO plugin v24.5 - https:\/\/yoast.com\/wordpress\/plugins\/seo\/ -->\n<title>Isen\u00e7\u00e3o de Imposto de Renda Para Brasileiros At\u00e9 R$ 7.350 -<\/title>\n<meta name=\"robots\" content=\"index, follow, max-snippet:-1, max-image-preview:large, max-video-preview:-1\" \/>\n<link rel=\"canonical\" href=\"https:\/\/caleine.com\/ar\/isencao-de-imposto-de-renda-para-brasileiros-ate-r-7-350\/\" \/>\n<meta property=\"og:locale\" content=\"ar_AR\" \/>\n<meta property=\"og:type\" content=\"article\" \/>\n<meta property=\"og:title\" content=\"Isen\u00e7\u00e3o de Imposto de Renda Para Brasileiros At\u00e9 R$ 7.350 -\" \/>\n<meta property=\"og:description\" content=\"A isen\u00e7\u00e3o de imposto de renda proposta pela nova legisla\u00e7\u00e3o traz mudan\u00e7as significativas para milh\u00f5es de brasileiros. Aprovado pela C\u00e2mara, o Projeto de Lei prev\u00ea isen\u00e7\u00e3o total para rendimentos de at\u00e9 R$ 5.000 mensais e descontos escalonados at\u00e9 R$ 7.350, proporcionando um al\u00edvio fiscal importante. Com essa reformula\u00e7\u00e3o, estima-se que [&hellip;]\" \/>\n<meta property=\"og:url\" content=\"https:\/\/caleine.com\/ar\/isencao-de-imposto-de-renda-para-brasileiros-ate-r-7-350\/\" \/>\n<meta property=\"article:published_time\" content=\"2025-10-02T20:03:51+00:00\" \/>\n<meta name=\"author\" content=\"Davi\" \/>\n<meta name=\"twitter:card\" content=\"summary_large_image\" \/>\n<meta name=\"twitter:label1\" content=\"\u0643\u064f\u062a\u0628 \u0628\u0648\u0627\u0633\u0637\u0629\" \/>\n\t<meta name=\"twitter:data1\" content=\"Davi\" \/>\n\t<meta name=\"twitter:label2\" content=\"\u0648\u0642\u062a \u0627\u0644\u0642\u0631\u0627\u0621\u0629 \u0627\u0644\u0645\u064f\u0642\u062f\u0651\u0631\" \/>\n\t<meta name=\"twitter:data2\" content=\"5 \u062f\u0642\u0627\u0626\u0642\" \/>\n<script type=\"application\/ld+json\" class=\"yoast-schema-graph\">{\"@context\":\"https:\/\/schema.org\",\"@graph\":[{\"@type\":\"WebPage\",\"@id\":\"https:\/\/caleine.com\/isencao-de-imposto-de-renda-para-brasileiros-ate-r-7-350\/\",\"url\":\"https:\/\/caleine.com\/isencao-de-imposto-de-renda-para-brasileiros-ate-r-7-350\/\",\"name\":\"Isen\u00e7\u00e3o de Imposto de Renda Para Brasileiros At\u00e9 R$ 7.350 -\",\"isPartOf\":{\"@id\":\"https:\/\/caleine.com\/#website\"},\"primaryImageOfPage\":{\"@id\":\"https:\/\/caleine.com\/isencao-de-imposto-de-renda-para-brasileiros-ate-r-7-350\/#primaryimage\"},\"image\":{\"@id\":\"https:\/\/caleine.com\/isencao-de-imposto-de-renda-para-brasileiros-ate-r-7-350\/#primaryimage\"},\"thumbnailUrl\":\"https:\/\/caleine.com\/wp-content\/uploads\/2025\/10\/1759435417162.png\",\"datePublished\":\"2025-10-02T20:03:51+00:00\",\"author\":{\"@id\":\"https:\/\/caleine.com\/#\/schema\/person\/e822d0434de2761ae603436b42954961\"},\"breadcrumb\":{\"@id\":\"https:\/\/caleine.com\/isencao-de-imposto-de-renda-para-brasileiros-ate-r-7-350\/#breadcrumb\"},\"inLanguage\":\"ar\",\"potentialAction\":[{\"@type\":\"ReadAction\",\"target\":[\"https:\/\/caleine.com\/isencao-de-imposto-de-renda-para-brasileiros-ate-r-7-350\/\"]}]},{\"@type\":\"ImageObject\",\"inLanguage\":\"ar\",\"@id\":\"https:\/\/caleine.com\/isencao-de-imposto-de-renda-para-brasileiros-ate-r-7-350\/#primaryimage\",\"url\":\"https:\/\/caleine.com\/wp-content\/uploads\/2025\/10\/1759435417162.png\",\"contentUrl\":\"https:\/\/caleine.com\/wp-content\/uploads\/2025\/10\/1759435417162.png\",\"width\":1024,\"height\":624,\"caption\":\"undefined\"},{\"@type\":\"BreadcrumbList\",\"@id\":\"https:\/\/caleine.com\/isencao-de-imposto-de-renda-para-brasileiros-ate-r-7-350\/#breadcrumb\",\"itemListElement\":[{\"@type\":\"ListItem\",\"position\":1,\"name\":\"In\u00edcio\",\"item\":\"https:\/\/caleine.com\/\"},{\"@type\":\"ListItem\",\"position\":2,\"name\":\"Isen\u00e7\u00e3o de Imposto de Renda Para Brasileiros At\u00e9 R$ 7.350\"}]},{\"@type\":\"WebSite\",\"@id\":\"https:\/\/caleine.com\/#website\",\"url\":\"https:\/\/caleine.com\/\",\"name\":\"\",\"description\":\"Caleine\",\"potentialAction\":[{\"@type\":\"SearchAction\",\"target\":{\"@type\":\"EntryPoint\",\"urlTemplate\":\"https:\/\/caleine.com\/?s={search_term_string}\"},\"query-input\":{\"@type\":\"PropertyValueSpecification\",\"valueRequired\":true,\"valueName\":\"search_term_string\"}}],\"inLanguage\":\"ar\"},{\"@type\":\"Person\",\"@id\":\"https:\/\/caleine.com\/#\/schema\/person\/e822d0434de2761ae603436b42954961\",\"name\":\"Davi\",\"image\":{\"@type\":\"ImageObject\",\"inLanguage\":\"ar\",\"@id\":\"https:\/\/caleine.com\/#\/schema\/person\/image\/\",\"url\":\"https:\/\/secure.gravatar.com\/avatar\/e1ee68e758cac208b2e5afa99bab2ebc9c971f628c4e810fe37ef98f59af2f71?s=96&d=mm&r=g\",\"contentUrl\":\"https:\/\/secure.gravatar.com\/avatar\/e1ee68e758cac208b2e5afa99bab2ebc9c971f628c4e810fe37ef98f59af2f71?s=96&d=mm&r=g\",\"caption\":\"Davi\"},\"url\":\"https:\/\/caleine.com\/ar\/author\/davi\/\"}]}<\/script>\n<!-- \/ Yoast SEO plugin. -->","yoast_head_json":{"title":"Isen\u00e7\u00e3o de Imposto de Renda Para Brasileiros At\u00e9 R$ 7.350 -","robots":{"index":"index","follow":"follow","max-snippet":"max-snippet:-1","max-image-preview":"max-image-preview:large","max-video-preview":"max-video-preview:-1"},"canonical":"https:\/\/caleine.com\/ar\/isencao-de-imposto-de-renda-para-brasileiros-ate-r-7-350\/","og_locale":"ar_AR","og_type":"article","og_title":"Isen\u00e7\u00e3o de Imposto de Renda Para Brasileiros At\u00e9 R$ 7.350 -","og_description":"A isen\u00e7\u00e3o de imposto de renda proposta pela nova legisla\u00e7\u00e3o traz mudan\u00e7as significativas para milh\u00f5es de brasileiros. Aprovado pela C\u00e2mara, o Projeto de Lei prev\u00ea isen\u00e7\u00e3o total para rendimentos de at\u00e9 R$ 5.000 mensais e descontos escalonados at\u00e9 R$ 7.350, proporcionando um al\u00edvio fiscal importante. Com essa reformula\u00e7\u00e3o, estima-se que [&hellip;]","og_url":"https:\/\/caleine.com\/ar\/isencao-de-imposto-de-renda-para-brasileiros-ate-r-7-350\/","article_published_time":"2025-10-02T20:03:51+00:00","author":"Davi","twitter_card":"summary_large_image","twitter_misc":{"\u0643\u064f\u062a\u0628 \u0628\u0648\u0627\u0633\u0637\u0629":"Davi","\u0648\u0642\u062a \u0627\u0644\u0642\u0631\u0627\u0621\u0629 \u0627\u0644\u0645\u064f\u0642\u062f\u0651\u0631":"5 \u062f\u0642\u0627\u0626\u0642"},"schema":{"@context":"https:\/\/schema.org","@graph":[{"@type":"WebPage","@id":"https:\/\/caleine.com\/isencao-de-imposto-de-renda-para-brasileiros-ate-r-7-350\/","url":"https:\/\/caleine.com\/isencao-de-imposto-de-renda-para-brasileiros-ate-r-7-350\/","name":"Isen\u00e7\u00e3o de Imposto de Renda Para Brasileiros At\u00e9 R$ 7.350 -","isPartOf":{"@id":"https:\/\/caleine.com\/#website"},"primaryImageOfPage":{"@id":"https:\/\/caleine.com\/isencao-de-imposto-de-renda-para-brasileiros-ate-r-7-350\/#primaryimage"},"image":{"@id":"https:\/\/caleine.com\/isencao-de-imposto-de-renda-para-brasileiros-ate-r-7-350\/#primaryimage"},"thumbnailUrl":"https:\/\/caleine.com\/wp-content\/uploads\/2025\/10\/1759435417162.png","datePublished":"2025-10-02T20:03:51+00:00","author":{"@id":"https:\/\/caleine.com\/#\/schema\/person\/e822d0434de2761ae603436b42954961"},"breadcrumb":{"@id":"https:\/\/caleine.com\/isencao-de-imposto-de-renda-para-brasileiros-ate-r-7-350\/#breadcrumb"},"inLanguage":"ar","potentialAction":[{"@type":"ReadAction","target":["https:\/\/caleine.com\/isencao-de-imposto-de-renda-para-brasileiros-ate-r-7-350\/"]}]},{"@type":"ImageObject","inLanguage":"ar","@id":"https:\/\/caleine.com\/isencao-de-imposto-de-renda-para-brasileiros-ate-r-7-350\/#primaryimage","url":"https:\/\/caleine.com\/wp-content\/uploads\/2025\/10\/1759435417162.png","contentUrl":"https:\/\/caleine.com\/wp-content\/uploads\/2025\/10\/1759435417162.png","width":1024,"height":624,"caption":"undefined"},{"@type":"BreadcrumbList","@id":"https:\/\/caleine.com\/isencao-de-imposto-de-renda-para-brasileiros-ate-r-7-350\/#breadcrumb","itemListElement":[{"@type":"ListItem","position":1,"name":"In\u00edcio","item":"https:\/\/caleine.com\/"},{"@type":"ListItem","position":2,"name":"Isen\u00e7\u00e3o de Imposto de Renda Para Brasileiros At\u00e9 R$ 7.350"}]},{"@type":"WebSite","@id":"https:\/\/caleine.com\/#website","url":"https:\/\/caleine.com\/","name":"","description":"Caleine","potentialAction":[{"@type":"SearchAction","target":{"@type":"EntryPoint","urlTemplate":"https:\/\/caleine.com\/?s={search_term_string}"},"query-input":{"@type":"PropertyValueSpecification","valueRequired":true,"valueName":"search_term_string"}}],"inLanguage":"ar"},{"@type":"Person","@id":"https:\/\/caleine.com\/#\/schema\/person\/e822d0434de2761ae603436b42954961","name":"Davi","image":{"@type":"ImageObject","inLanguage":"ar","@id":"https:\/\/caleine.com\/#\/schema\/person\/image\/","url":"https:\/\/secure.gravatar.com\/avatar\/e1ee68e758cac208b2e5afa99bab2ebc9c971f628c4e810fe37ef98f59af2f71?s=96&d=mm&r=g","contentUrl":"https:\/\/secure.gravatar.com\/avatar\/e1ee68e758cac208b2e5afa99bab2ebc9c971f628c4e810fe37ef98f59af2f71?s=96&d=mm&r=g","caption":"Davi"},"url":"https:\/\/caleine.com\/ar\/author\/davi\/"}]}},"_links":{"self":[{"href":"https:\/\/caleine.com\/ar\/wp-json\/wp\/v2\/posts\/1900","targetHints":{"allow":["GET"]}}],"collection":[{"href":"https:\/\/caleine.com\/ar\/wp-json\/wp\/v2\/posts"}],"about":[{"href":"https:\/\/caleine.com\/ar\/wp-json\/wp\/v2\/types\/post"}],"author":[{"embeddable":true,"href":"https:\/\/caleine.com\/ar\/wp-json\/wp\/v2\/users\/14"}],"replies":[{"embeddable":true,"href":"https:\/\/caleine.com\/ar\/wp-json\/wp\/v2\/comments?post=1900"}],"version-history":[{"count":0,"href":"https:\/\/caleine.com\/ar\/wp-json\/wp\/v2\/posts\/1900\/revisions"}],"wp:featuredmedia":[{"embeddable":true,"href":"https:\/\/caleine.com\/ar\/wp-json\/wp\/v2\/media\/1897"}],"wp:attachment":[{"href":"https:\/\/caleine.com\/ar\/wp-json\/wp\/v2\/media?parent=1900"}],"wp:term":[{"taxonomy":"category","embeddable":true,"href":"https:\/\/caleine.com\/ar\/wp-json\/wp\/v2\/categories?post=1900"},{"taxonomy":"post_tag","embeddable":true,"href":"https:\/\/caleine.com\/ar\/wp-json\/wp\/v2\/tags?post=1900"}],"curies":[{"name":"wp","href":"https:\/\/api.w.org\/{rel}","templated":true}]}}