{"id":2239,"date":"2025-12-01T17:02:07","date_gmt":"2025-12-01T20:02:07","guid":{"rendered":"https:\/\/caleine.com\/futuro-de-neymar-na-copa-do-mundo-e-incerto\/"},"modified":"2025-12-01T17:02:07","modified_gmt":"2025-12-01T20:02:07","slug":"futuro-de-neymar-na-copa-do-mundo-e-incerto","status":"publish","type":"post","link":"https:\/\/caleine.com\/de\/futuro-de-neymar-na-copa-do-mundo-e-incerto\/","title":{"rendered":"Futuro De Neymar Na Copa Do Mundo \u00c9 Incerto"},"content":{"rendered":"<p><strong>Futuro de Neymar<\/strong> na Copa do Mundo de 2026 \u00e9 um tema que gera muita expectativa e incerteza entre os f\u00e3s de futebol.<\/p>\n<p>Neste artigo, exploraremos os desafios que o craque do Santos enfrenta, incluindo a necessidade de estar &#8216;cem por cento&#8217; fisicamente para ser convocado, al\u00e9m do impacto das les\u00f5es em sua performance.<\/p>\n<p>Neymar compartilhou suas preocupa\u00e7\u00f5es sobre sua sa\u00fade e a import\u00e2ncia de decis\u00f5es conjuntas com os m\u00e9dicos do clube.<\/p>\n<p>Vamos tamb\u00e9m analisar o hist\u00f3rico recente de les\u00f5es e a atual situa\u00e7\u00e3o do Santos no campeonato que compromete seu desempenho.<\/p>\n<h2>Incerteza sobre a Participa\u00e7\u00e3o de Neymar na Copa do Mundo de 2026<\/h2>\n<p>A <strong>incerteza<\/strong> sobre a presen\u00e7a de Neymar na Copa do Mundo de 2026 est\u00e1 ligada a uma s\u00e9rie de fatores que afetam diretamente sua capacidade de se apresentar em campo na <strong>condi\u00e7\u00e3o f\u00edsica ideal<\/strong>.<\/p>\n<p>Primeiramente, a idade de Neymar ser\u00e1 um aspecto relevante no contexto de uma exig\u00eancia crescente por parte da comiss\u00e3o t\u00e9cnica, que n\u00e3o hesita em deixar claro que somente atletas em \u00f3tima forma ser\u00e3o convocados, conforme apontado por Carlo Ancelotti em suas declara\u00e7\u00f5es.<\/p>\n<p>Al\u00e9m disso, o hist\u00f3rico cl\u00ednico do jogador tensiona ainda mais essa <strong>incerteza<\/strong>, j\u00e1 que les\u00f5es recorrentes, como a recente no menisco do joelho esquerdo, <a href=\"https:\/\/esportes.com.br\/futebol\/santos\/lesao-neymar-copa-do-mundo\/\" alt=\"Impacto da les\u00e3o no menisco de Neymar\">afetam seu retorno<\/a> ao n\u00edvel de performance necess\u00e1rio para competir internacionalmente.<\/p>\n<p>Outros fatores incluem:<\/p>\n<ul>\n<li>Prazo de recupera\u00e7\u00e3o dessas les\u00f5es<\/li>\n<li>Decl\u00ednio natural do desempenho f\u00edsico devido \u00e0 idade<\/li>\n<li>Condi\u00e7\u00f5es impostas pela comiss\u00e3o t\u00e9cnica para sele\u00e7\u00e3o<\/li>\n<\/ul>\n<p>Assim, a <strong>incerteza<\/strong> permanece n\u00e3o apenas como um produto das les\u00f5es passadas de Neymar, mas tamb\u00e9m como uma consequ\u00eancia inevit\u00e1vel das altas expectativas e exig\u00eancias enfrentadas pelo jogador.<\/p>\n<h2>Estado F\u00edsico e Desafios M\u00e9dicos de Neymar<\/h2>\n<p>O estado f\u00edsico de Neymar tem sido uma grande preocupa\u00e7\u00e3o para sua carreira e para o desempenho do Santos.<\/p>\n<p>Desde o in\u00edcio da temporada, ele enfrentou diversas les\u00f5es que afetaram sua capacidade de jogar, incluindo problemas no joelho que podem impactar sua convoca\u00e7\u00e3o para a Copa do Mundo de 2026. O corpo m\u00e9dico do clube desempenha um papel crucial na avalia\u00e7\u00e3o de sua condi\u00e7\u00e3o, e a situa\u00e7\u00e3o atual do Santos na tabela, ocupando o 15\u00ba lugar com 41 pontos, destaca a import\u00e2ncia de Neymar estar em plena forma para impulsionar a equipe.<\/p>\n<h2>Impacto das Les\u00f5es na Forma F\u00edsica de Neymar<\/h2>\n<p><p>As <u><strong>les\u00f5es<\/strong><\/u> de Neymar t\u00eam afetado de maneira significativa sua <strong>forma f\u00edsica<\/strong> e, consequentemente, seu desempenho em campo.<\/p>\n<p>Nos \u00faltimos anos, Neymar enfrentou uma s\u00e9rie de traumas que impactaram sua continuidade e ritmo de jogo.<\/p>\n<p>Recentemente, ele lidou com uma <u>preocupante les\u00e3o no joelho<\/u>, al\u00e9m de problemas recorrentes no tornozelo.<\/p>\n<p>A gravidade dessas les\u00f5es pode ser comprovada em diversas mat\u00e9rias, como a dispon\u00edvel na <a href=\"https:\/\/www.transfermarkt.com.br\/neymar\/verletzungen\/spieler\/68290\" alt=\"Hist\u00f3rico de Les\u00f5es de Neymar\">Transfermarkt<\/a>.<\/p>\n<\/p>\n<table>\n<thead>\n<tr>\n<th>Data<\/th>\n<th>Les\u00e3o<\/th>\n<th>Dura\u00e7\u00e3o<\/th>\n<th>Impacto<\/th>\n<\/tr>\n<\/thead>\n<tbody>\n<tr>\n<td>Outubro 2023<\/td>\n<td>Problema no joelho<\/td>\n<td>30 dias<\/td>\n<td>Redu\u00e7\u00e3o no desempenho<\/td>\n<\/tr>\n<tr>\n<td>Mar\u00e7o 2023<\/td>\n<td>Les\u00e3o muscular<\/td>\n<td>20 dias<\/td>\n<td>Treinos comprometidos<\/td>\n<\/tr>\n<tr>\n<td>Janeiro 2023<\/td>\n<td>Entorse no tornozelo<\/td>\n<td>15 dias<\/td>\n<td>Fora de jogos importantes<\/td>\n<\/tr>\n<tr>\n<td>Novembro 2022<\/td>\n<td>Queda<br \/> no desempenho f\u00edsico<\/td>\n<td>10 dias<\/td>\n<td>Recupera\u00e7\u00e3o f\u00edsica<\/td>\n<\/tr>\n<\/tbody>\n<\/table>\n<p>Com cada nova <u><strong>les\u00e3o<\/strong><\/u>, Neymar enfrenta o desafio duplo de recuperar a <strong>forma f\u00edsica<\/strong> ideal e recuperar o ritmo perdido nos gramados.<\/p>\n<p>Essa situa\u00e7\u00e3o traz preocupa\u00e7\u00f5es para sua participa\u00e7\u00e3o em futuras grandes competi\u00e7\u00f5es, incluindo a Copa do Mundo de 2026.<\/p>\n<\/p>\n<h2>Decis\u00f5es Conjuntas com os M\u00e9dicos ap\u00f3s a Vit\u00f3ria sobre o Sport<\/h2>\n<p>No \u00faltimo confronto do <a href=\"https:\/\/ge.globo.com\/sp\/santos-e-regiao\/futebol\/times\/santos\/noticia\/2025\/11\/28\/neymar-admite-nao-estar-bem-e-diz-por-que-entrou-em-campo-pelo-santos-eu-tinha-que-tomar-a-decisao.ghtml\" alt=\"Globo Esporte Santos\">Santos<\/a> contra o Sport, Neymar manifestou <strong>frustra\u00e7\u00e3o<\/strong> com as especula\u00e7\u00f5es sobre sua condi\u00e7\u00e3o f\u00edsica.<\/p>\n<p>Ap\u00f3s uma atua\u00e7\u00e3o fundamental, o jogador declarou: <\/p>\n<blockquote><p>\u201c<strong>Estou cansado das especula\u00e7\u00f5es sobre minha sa\u00fade<\/strong>\u201d<\/p><\/blockquote>\n<p>.<\/p>\n<p>O atleta reiterou a import\u00e2ncia de decis\u00f5es conjuntas, destacando que n\u00e3o agiria sem um consenso m\u00e9dico.<\/p>\n<p>Assim, ele esclarece as etapas do protocolo entre clube, jogador e m\u00e9dicos, que incluem:<\/p>\n<ul>\n<li>Avalia\u00e7\u00e3o detalhada das condi\u00e7\u00f5es atuais<\/li>\n<li>Planejamento de recupera\u00e7\u00e3o e retorno<\/li>\n<li>Consultas regulares para monitoramento<\/li>\n<\/ul>\n<p>.<\/p>\n<p>Essa abordagem visa assegurar que ele esteja <strong>cem por cento fisicamente apto<\/strong> para futuras convoca\u00e7\u00f5es importantes.<\/p>\n<h2>Preocupa\u00e7\u00e3o com a Les\u00e3o no Joelho e Situa\u00e7\u00e3o do Santos no Campeonato<\/h2>\n<p>\u00d6 <strong>Santos ocupa atualmente o 15\u00ba lugar<\/strong> no campeonato, com 41 pontos, pressionando o time a lutar contra o rebaixamento.<\/p>\n<p>Esta posi\u00e7\u00e3o complicada torna a les\u00e3o recente de Neymar ainda mais preocupante.<\/p>\n<p>O atacante enfrentou m\u00faltiplos contratempos f\u00edsicos, incluindo uma <u>les\u00e3o marcante no menisco do joelho esquerdo<\/u>, que n\u00e3o s\u00f3 afeta sua performance individual, mas tamb\u00e9m o desempenho geral do Santos no torneio.<\/p>\n<p>Neymar, pe\u00e7a-chave do time, precisa tomar decis\u00f5es cuidadosas junto aos m\u00e9dicos, comprometendo-se a jogar no &#8220;sacrif\u00edcio&#8221; para ajudar a equipe, conforme reportado pela <a href=\"https:\/\/www.espn.com.br\/futebol\/santos\/artigo\/_\/id\/16016638\/como-santos-pretende-cuidar-joelho-neymar-reta-final-sacrificio-brasileirao\" alt=\"Cuidado do Santos com Neymar\">ESPN Brasil<\/a>.<\/p>\n<p>A sa\u00fade e a forma f\u00edsica dos jogadores se tornam cr\u00edticas, e o Santos depende muito da melhora de Neymar para reverter sua situa\u00e7\u00e3o no campeonato.<\/p>\n<p><strong>Futuro de Neymar<\/strong> continua incerto, mas a determina\u00e7\u00e3o do jogador e a colabora\u00e7\u00e3o com a equipe m\u00e9dica podem ser cruciais para sua recupera\u00e7\u00e3o.<\/p>\n<p>A torcida aguarda ansiosa por not\u00edcias positivas e pelo desempenho do Santos no campeonato.<\/p>","protected":false},"excerpt":{"rendered":"<p>Futuro de Neymar na Copa do Mundo de 2026 \u00e9 um tema que gera muita expectativa e incerteza entre os f\u00e3s de futebol. Neste artigo, exploraremos os desafios que o craque do Santos enfrenta, incluindo a necessidade de estar &#8216;cem por cento&#8217; fisicamente para ser convocado, al\u00e9m do impacto das [&hellip;]<\/p>","protected":false},"author":13,"featured_media":2238,"comment_status":"open","ping_status":"open","sticky":false,"template":"","format":"standard","meta":{"footnotes":""},"categories":[738],"tags":[1619,1833,1057],"class_list":["post-2239","post","type-post","status-publish","format-standard","has-post-thumbnail","hentry","category-esporte","tag-copa-do-mundo-2026","tag-lesoes","tag-neymar"],"yoast_head":"<!-- This site is optimized with the Yoast SEO plugin v24.5 - https:\/\/yoast.com\/wordpress\/plugins\/seo\/ -->\n<title>Futuro De Neymar Na Copa Do Mundo \u00c9 Incerto -<\/title>\n<meta name=\"robots\" content=\"index, follow, max-snippet:-1, max-image-preview:large, max-video-preview:-1\" \/>\n<link rel=\"canonical\" href=\"https:\/\/caleine.com\/de\/futuro-de-neymar-na-copa-do-mundo-e-incerto\/\" \/>\n<meta property=\"og:locale\" content=\"de_DE\" \/>\n<meta property=\"og:type\" content=\"article\" \/>\n<meta property=\"og:title\" content=\"Futuro De Neymar Na Copa Do Mundo \u00c9 Incerto -\" \/>\n<meta property=\"og:description\" content=\"Futuro de Neymar na Copa do Mundo de 2026 \u00e9 um tema que gera muita expectativa e incerteza entre os f\u00e3s de futebol. Neste artigo, exploraremos os desafios que o craque do Santos enfrenta, incluindo a necessidade de estar &#8216;cem por cento&#8217; fisicamente para ser convocado, al\u00e9m do impacto das [&hellip;]\" \/>\n<meta property=\"og:url\" content=\"https:\/\/caleine.com\/de\/futuro-de-neymar-na-copa-do-mundo-e-incerto\/\" \/>\n<meta property=\"article:published_time\" content=\"2025-12-01T20:02:07+00:00\" \/>\n<meta name=\"author\" content=\"Andre\" \/>\n<meta name=\"twitter:card\" content=\"summary_large_image\" \/>\n<meta name=\"twitter:label1\" content=\"Verfasst von\" \/>\n\t<meta name=\"twitter:data1\" content=\"Andre\" \/>\n\t<meta name=\"twitter:label2\" content=\"Gesch\u00e4tzte Lesezeit\" \/>\n\t<meta name=\"twitter:data2\" content=\"4\u00a0Minuten\" \/>\n<script type=\"application\/ld+json\" class=\"yoast-schema-graph\">{\"@context\":\"https:\/\/schema.org\",\"@graph\":[{\"@type\":\"WebPage\",\"@id\":\"https:\/\/caleine.com\/futuro-de-neymar-na-copa-do-mundo-e-incerto\/\",\"url\":\"https:\/\/caleine.com\/futuro-de-neymar-na-copa-do-mundo-e-incerto\/\",\"name\":\"Futuro De Neymar Na Copa Do Mundo \u00c9 Incerto -\",\"isPartOf\":{\"@id\":\"https:\/\/caleine.com\/#website\"},\"primaryImageOfPage\":{\"@id\":\"https:\/\/caleine.com\/futuro-de-neymar-na-copa-do-mundo-e-incerto\/#primaryimage\"},\"image\":{\"@id\":\"https:\/\/caleine.com\/futuro-de-neymar-na-copa-do-mundo-e-incerto\/#primaryimage\"},\"thumbnailUrl\":\"https:\/\/caleine.com\/wp-content\/uploads\/2025\/12\/1764619322066.png\",\"datePublished\":\"2025-12-01T20:02:07+00:00\",\"author\":{\"@id\":\"https:\/\/caleine.com\/#\/schema\/person\/3b0a162aeb9e0f8d47750f10c1587d48\"},\"breadcrumb\":{\"@id\":\"https:\/\/caleine.com\/futuro-de-neymar-na-copa-do-mundo-e-incerto\/#breadcrumb\"},\"inLanguage\":\"de\",\"potentialAction\":[{\"@type\":\"ReadAction\",\"target\":[\"https:\/\/caleine.com\/futuro-de-neymar-na-copa-do-mundo-e-incerto\/\"]}]},{\"@type\":\"ImageObject\",\"inLanguage\":\"de\",\"@id\":\"https:\/\/caleine.com\/futuro-de-neymar-na-copa-do-mundo-e-incerto\/#primaryimage\",\"url\":\"https:\/\/caleine.com\/wp-content\/uploads\/2025\/12\/1764619322066.png\",\"contentUrl\":\"https:\/\/caleine.com\/wp-content\/uploads\/2025\/12\/1764619322066.png\",\"width\":1024,\"height\":624,\"caption\":\"undefined\"},{\"@type\":\"BreadcrumbList\",\"@id\":\"https:\/\/caleine.com\/futuro-de-neymar-na-copa-do-mundo-e-incerto\/#breadcrumb\",\"itemListElement\":[{\"@type\":\"ListItem\",\"position\":1,\"name\":\"In\u00edcio\",\"item\":\"https:\/\/caleine.com\/\"},{\"@type\":\"ListItem\",\"position\":2,\"name\":\"Futuro De Neymar Na Copa Do Mundo \u00c9 Incerto\"}]},{\"@type\":\"WebSite\",\"@id\":\"https:\/\/caleine.com\/#website\",\"url\":\"https:\/\/caleine.com\/\",\"name\":\"\",\"description\":\"Caleine\",\"potentialAction\":[{\"@type\":\"SearchAction\",\"target\":{\"@type\":\"EntryPoint\",\"urlTemplate\":\"https:\/\/caleine.com\/?s={search_term_string}\"},\"query-input\":{\"@type\":\"PropertyValueSpecification\",\"valueRequired\":true,\"valueName\":\"search_term_string\"}}],\"inLanguage\":\"de\"},{\"@type\":\"Person\",\"@id\":\"https:\/\/caleine.com\/#\/schema\/person\/3b0a162aeb9e0f8d47750f10c1587d48\",\"name\":\"Andre\",\"image\":{\"@type\":\"ImageObject\",\"inLanguage\":\"de\",\"@id\":\"https:\/\/caleine.com\/#\/schema\/person\/image\/\",\"url\":\"https:\/\/secure.gravatar.com\/avatar\/631490c4d2811d45d5ab65f57e75e5cdca7c252f1eb8dd5b4eb4a7818d1dfaf6?s=96&d=mm&r=g\",\"contentUrl\":\"https:\/\/secure.gravatar.com\/avatar\/631490c4d2811d45d5ab65f57e75e5cdca7c252f1eb8dd5b4eb4a7818d1dfaf6?s=96&d=mm&r=g\",\"caption\":\"Andre\"},\"url\":\"https:\/\/caleine.com\/de\/author\/andre\/\"}]}<\/script>\n<!-- \/ Yoast SEO plugin. -->","yoast_head_json":{"title":"Futuro De Neymar Na Copa Do Mundo \u00c9 Incerto -","robots":{"index":"index","follow":"follow","max-snippet":"max-snippet:-1","max-image-preview":"max-image-preview:large","max-video-preview":"max-video-preview:-1"},"canonical":"https:\/\/caleine.com\/de\/futuro-de-neymar-na-copa-do-mundo-e-incerto\/","og_locale":"de_DE","og_type":"article","og_title":"Futuro De Neymar Na Copa Do Mundo \u00c9 Incerto -","og_description":"Futuro de Neymar na Copa do Mundo de 2026 \u00e9 um tema que gera muita expectativa e incerteza entre os f\u00e3s de futebol. Neste artigo, exploraremos os desafios que o craque do Santos enfrenta, incluindo a necessidade de estar &#8216;cem por cento&#8217; fisicamente para ser convocado, al\u00e9m do impacto das [&hellip;]","og_url":"https:\/\/caleine.com\/de\/futuro-de-neymar-na-copa-do-mundo-e-incerto\/","article_published_time":"2025-12-01T20:02:07+00:00","author":"Andre","twitter_card":"summary_large_image","twitter_misc":{"Verfasst von":"Andre","Gesch\u00e4tzte Lesezeit":"4\u00a0Minuten"},"schema":{"@context":"https:\/\/schema.org","@graph":[{"@type":"WebPage","@id":"https:\/\/caleine.com\/futuro-de-neymar-na-copa-do-mundo-e-incerto\/","url":"https:\/\/caleine.com\/futuro-de-neymar-na-copa-do-mundo-e-incerto\/","name":"Futuro De Neymar Na Copa Do Mundo \u00c9 Incerto -","isPartOf":{"@id":"https:\/\/caleine.com\/#website"},"primaryImageOfPage":{"@id":"https:\/\/caleine.com\/futuro-de-neymar-na-copa-do-mundo-e-incerto\/#primaryimage"},"image":{"@id":"https:\/\/caleine.com\/futuro-de-neymar-na-copa-do-mundo-e-incerto\/#primaryimage"},"thumbnailUrl":"https:\/\/caleine.com\/wp-content\/uploads\/2025\/12\/1764619322066.png","datePublished":"2025-12-01T20:02:07+00:00","author":{"@id":"https:\/\/caleine.com\/#\/schema\/person\/3b0a162aeb9e0f8d47750f10c1587d48"},"breadcrumb":{"@id":"https:\/\/caleine.com\/futuro-de-neymar-na-copa-do-mundo-e-incerto\/#breadcrumb"},"inLanguage":"de","potentialAction":[{"@type":"ReadAction","target":["https:\/\/caleine.com\/futuro-de-neymar-na-copa-do-mundo-e-incerto\/"]}]},{"@type":"ImageObject","inLanguage":"de","@id":"https:\/\/caleine.com\/futuro-de-neymar-na-copa-do-mundo-e-incerto\/#primaryimage","url":"https:\/\/caleine.com\/wp-content\/uploads\/2025\/12\/1764619322066.png","contentUrl":"https:\/\/caleine.com\/wp-content\/uploads\/2025\/12\/1764619322066.png","width":1024,"height":624,"caption":"undefined"},{"@type":"BreadcrumbList","@id":"https:\/\/caleine.com\/futuro-de-neymar-na-copa-do-mundo-e-incerto\/#breadcrumb","itemListElement":[{"@type":"ListItem","position":1,"name":"In\u00edcio","item":"https:\/\/caleine.com\/"},{"@type":"ListItem","position":2,"name":"Futuro De Neymar Na Copa Do Mundo \u00c9 Incerto"}]},{"@type":"WebSite","@id":"https:\/\/caleine.com\/#website","url":"https:\/\/caleine.com\/","name":"","description":"Caleine","potentialAction":[{"@type":"SearchAction","target":{"@type":"EntryPoint","urlTemplate":"https:\/\/caleine.com\/?s={search_term_string}"},"query-input":{"@type":"PropertyValueSpecification","valueRequired":true,"valueName":"search_term_string"}}],"inLanguage":"de"},{"@type":"Person","@id":"https:\/\/caleine.com\/#\/schema\/person\/3b0a162aeb9e0f8d47750f10c1587d48","name":"Andre","image":{"@type":"ImageObject","inLanguage":"de","@id":"https:\/\/caleine.com\/#\/schema\/person\/image\/","url":"https:\/\/secure.gravatar.com\/avatar\/631490c4d2811d45d5ab65f57e75e5cdca7c252f1eb8dd5b4eb4a7818d1dfaf6?s=96&d=mm&r=g","contentUrl":"https:\/\/secure.gravatar.com\/avatar\/631490c4d2811d45d5ab65f57e75e5cdca7c252f1eb8dd5b4eb4a7818d1dfaf6?s=96&d=mm&r=g","caption":"Andre"},"url":"https:\/\/caleine.com\/de\/author\/andre\/"}]}},"_links":{"self":[{"href":"https:\/\/caleine.com\/de\/wp-json\/wp\/v2\/posts\/2239","targetHints":{"allow":["GET"]}}],"collection":[{"href":"https:\/\/caleine.com\/de\/wp-json\/wp\/v2\/posts"}],"about":[{"href":"https:\/\/caleine.com\/de\/wp-json\/wp\/v2\/types\/post"}],"author":[{"embeddable":true,"href":"https:\/\/caleine.com\/de\/wp-json\/wp\/v2\/users\/13"}],"replies":[{"embeddable":true,"href":"https:\/\/caleine.com\/de\/wp-json\/wp\/v2\/comments?post=2239"}],"version-history":[{"count":0,"href":"https:\/\/caleine.com\/de\/wp-json\/wp\/v2\/posts\/2239\/revisions"}],"wp:featuredmedia":[{"embeddable":true,"href":"https:\/\/caleine.com\/de\/wp-json\/wp\/v2\/media\/2238"}],"wp:attachment":[{"href":"https:\/\/caleine.com\/de\/wp-json\/wp\/v2\/media?parent=2239"}],"wp:term":[{"taxonomy":"category","embeddable":true,"href":"https:\/\/caleine.com\/de\/wp-json\/wp\/v2\/categories?post=2239"},{"taxonomy":"post_tag","embeddable":true,"href":"https:\/\/caleine.com\/de\/wp-json\/wp\/v2\/tags?post=2239"}],"curies":[{"name":"wp","href":"https:\/\/api.w.org\/{rel}","templated":true}]}}