{"id":2351,"date":"2025-12-19T17:02:57","date_gmt":"2025-12-19T20:02:57","guid":{"rendered":"https:\/\/caleine.com\/crescimento-do-pib-brasileiro-e-expectativa-de-inflacao\/"},"modified":"2025-12-19T17:02:57","modified_gmt":"2025-12-19T20:02:57","slug":"crescimento-do-pib-brasileiro-e-expectativa-de-inflacao","status":"publish","type":"post","link":"https:\/\/caleine.com\/de\/crescimento-do-pib-brasileiro-e-expectativa-de-inflacao\/","title":{"rendered":"Crescimento do PIB Brasileiro e Expectativa de Infla\u00e7\u00e3o"},"content":{"rendered":"<p><strong>Crescimento PIB<\/strong> brasileiro \u00e9 um tema de grande relev\u00e2ncia, especialmente em tempos de incerteza econ\u00f4mica.<\/p>\n<p>Neste artigo, faremos uma an\u00e1lise detalhada das recentes previs\u00f5es e ajustes relacionados ao Produto Interno Bruto do Brasil, focando nas mudan\u00e7as nas expectativas de crescimento e infla\u00e7\u00e3o.<\/p>\n<p>Exploraremos os fatores que influenciam esses \u00edndices, como a alta taxa de juros, a pol\u00edtica monet\u00e1ria restritiva e a desacelera\u00e7\u00e3o da economia global, e como esses elementos podem impactar o or\u00e7amento do governo e a meta fiscal, al\u00e9m de discutir a influ\u00eancia da sazonalidade e das varia\u00e7\u00f5es nos pre\u00e7os de alimentos e servi\u00e7os.<\/p>\n<h2>Revis\u00e3o das Proje\u00e7\u00f5es do PIB Brasileiro para 2026<\/h2>\n<p>A recente atualiza\u00e7\u00e3o na proje\u00e7\u00e3o de crescimento do PIB brasileiro para 2026, que passou de <strong>1,5%<\/strong> para <strong>1,6%<\/strong>, representa um leve otimismo por parte das autoridades econ\u00f4micas, mas ainda sinaliza um cen\u00e1rio desafiador para o pa\u00eds.<\/p>\n<p>Este crescimento, mesmo revisado para cima, ainda marca o pior desempenho em seis anos, contrastando com os \u00edndices mais robustos observados anteriormente.<\/p>\n<p>Tal cen\u00e1rio \u00e9 reflexo de fatores econ\u00f4micos internos e externos, incluindo a manuten\u00e7\u00e3o de uma <strong>taxa Selic elevada de 15%<\/strong>, que embora essencial para o controle da infla\u00e7\u00e3o, limita o f\u00f4lego da economia em expandir-se mais rapidamente.<\/p>\n<p>Paralelamente, a pol\u00edtica monet\u00e1ria restritiva e a <u>desacelera\u00e7\u00e3o da economia global<\/u> adicionam complexidade ao panorama.<\/p>\n<p>Mesmo assim, a revis\u00e3o para <strong>1,6% de crescimento projetado<\/strong> \u00e9 uma tentativa de contornar tais adversidades, buscando um equil\u00edbrio em meio a expectativas inflacion\u00e1rias ajustadas para 2025, reduzidas de 4,8% para 4,4%.<\/p>\n<p>Esse ajuste nas expectativas convida a uma an\u00e1lise mais detalhada das pol\u00edticas econ\u00f4micas vigentes e da sazonalidade que continuam a influenciar a economia, principalmente em rela\u00e7\u00e3o aos pre\u00e7os de alimentos e servi\u00e7os, que podem impactar a infla\u00e7\u00e3o nos meses seguintes.<\/p>\n<h2>Expectativas de Infla\u00e7\u00e3o para 2025 e 2026<\/h2>\n<p>A recente revis\u00e3o das expectativas de infla\u00e7\u00e3o para 2025 para <strong>4,4%<\/strong> e a proje\u00e7\u00e3o de <strong>3,5%<\/strong> para 2026 destaca a import\u00e2ncia do <u>controle monet\u00e1rio eficaz<\/u> um das zu gew\u00e4hrleisten <u><strong>credibilidade da pol\u00edtica econ\u00f4mica<\/strong><\/u>.<\/p>\n<p>Com a infla\u00e7\u00e3o oficial atualmente <u><strong>acima do teto da meta<\/strong><\/u>, os desafios para estabilizar os pre\u00e7os tornam-se evidentes.<\/p>\n<p>Este ajuste nas proje\u00e7\u00f5es reflete a necessidade de uma pol\u00edtica monet\u00e1ria robusta, onde a taxa Selic se mant\u00e9m em n\u00edveis historicamente elevados, como parte das medidas para controlar a escalada dos pre\u00e7os.<\/p>\n<p>Al\u00e9m disso, a redu\u00e7\u00e3o na expectativa de infla\u00e7\u00e3o para 2025, de <strong>4,8%<\/strong> para <strong>4,4%<\/strong>, sugere que o mercado est\u00e1 reagindo positivamente \u00e0s pol\u00edticas restritivas e aos sinais de desacelera\u00e7\u00e3o da economia. \u00c9 essencial que o governo continue monitorando os indicadores econ\u00f4micos, especialmente considerando a sazonalidade e as varia\u00e7\u00f5es nos pre\u00e7os de alimentos e servi\u00e7os, que podem impactar a infla\u00e7\u00e3o nos pr\u00f3ximos meses.<\/p>\n<p>Para mais detalhes sobre as previs\u00f5es econ\u00f4micas, consulte o <a href=\"https:\/\/economia.uol.com.br\/noticias\/redacao\/2025\/12\/18\/selic-em-2026-juros-da-economia-pib-inflacao-dolar.htm\" alt=\"Artigo sobre Juros e Economia em 2026 na UOL\">artigo completo na UOL<\/a>, que oferece uma vis\u00e3o abrangente sobre o tema.<\/p>\n<h2>Impacto da Taxa Selic e da Pol\u00edtica Monet\u00e1ria Restritiva<\/h2>\n<p>A <u><strong>manuten\u00e7\u00e3o da taxa Selic a 15%<\/strong><\/u>, como a maior em quase 20 anos, tem profundo impacto na economia brasileira.<\/p>\n<p>A <u>pol\u00edtica monet\u00e1ria restritiva<\/u> adotada pelo Banco Central busca controlar a infla\u00e7\u00e3o, que deve alcan\u00e7ar <strong>3,5%<\/strong> em 2026. Contudo, essa estrat\u00e9gia tamb\u00e9m desacelera o crescimento econ\u00f4mico, com uma expectativa de que o PIB cres\u00e7a apenas <strong>1,6%<\/strong>, o pior resultado em seis anos, segundo informa\u00e7\u00f5es da <a href=\"https:\/\/www.bcb.gov.br\/detalhenoticia\/20960\/nota\" alt=\"Copom mant\u00e9m Selic\">Copom<\/a>.<\/p>\n<p>Diante do cen\u00e1rio dif\u00edcil, observar o impacto da Selic alta torna-se crucial para entender os desafios econ\u00f4micos futuros.<\/p>\n<ul>\n<li><strong>Menor demanda por cr\u00e9dito<\/strong>: custos de financiamento aumentam significativamente.<\/li>\n<li><strong>Redu\u00e7\u00e3o do consumo<\/strong>: juros altos desencorajam o gasto das fam\u00edlias.<\/li>\n<li><strong>Impacto nas empresas<\/strong>: empresas enfrentam maiores dificuldades para captar recursos e expandir.<\/li>\n<\/ul>\n<p>Com o foco no controle da <u>infla\u00e7\u00e3o<\/u> e na desacelera\u00e7\u00e3o da economia global, a pol\u00edtica vigente ressalta o desafio de equilibrar o crescimento econ\u00f4mico e a estabilidade.<\/p>\n<p>Essa situa\u00e7\u00e3o leva o mercado a especular cortes na Selic para o ano de 2026, conforme observado no boletim <a href=\"https:\/\/www.suno.com.br\/noticias\/selic-menor-2026-projecoes-focus-go\/\" alt=\"Taxa Selic: Mercado reduz proje\u00e7\u00f5es\">Focus<\/a>, que projeta uma redu\u00e7\u00e3o nos pr\u00f3ximos anos.<\/p>\n<p>Portanto, o cen\u00e1rio econ\u00f4mico atual imp\u00f5e dificuldades de or\u00e7amento para o governo e exige aten\u00e7\u00e3o redobrada por parte das empresas no planejamento financeiro.<\/p>\n<h2>Desafios Fiscais diante da Desacelera\u00e7\u00e3o Econ\u00f4mica<\/h2>\n<p>A desacelera\u00e7\u00e3o econ\u00f4mica no Brasil acarreta uma s\u00e9rie de desafios fiscais, especialmente ao impactar a arrecada\u00e7\u00e3o do governo.<\/p>\n<p>Com o crescimento do PIB previsto para apenas 1,6% em 2026, o pa\u00eds enfrenta uma <strong>diminui\u00e7\u00e3o na base tribut\u00e1ria<\/strong>, crucial para a obten\u00e7\u00e3o de receitas.<\/p>\n<p>Essa queda na atividade econ\u00f4mica reduz a gera\u00e7\u00e3o de imposto de renda, ICMS e outros tributos, enfraquecendo as receitas governamentais.<\/p>\n<p>Uma elevada taxa Selic, atualmente em 15%, agrava o cen\u00e1rio ao aumentar o custo da d\u00edvida p\u00fablica, canalizando recursos que poderiam ser investidos em \u00e1reas priorit\u00e1rias.<\/p>\n<p><u>Esse aumento no custo dos juros<\/u> implica que o governo tenha menos margem para manobrar suas finan\u00e7as e atender \u00e0 <strong>meta fiscal<\/strong> estabelecida.<\/p>\n<table>\n<thead>\n<tr>\n<th>Indicador<\/th>\n<th>Efeito sobre as Contas P\u00fablicas<\/th>\n<\/tr>\n<\/thead>\n<tbody>\n<tr>\n<td>Queda do PIB<\/td>\n<td><strong>Menor base tribut\u00e1ria<\/strong><\/td>\n<\/tr>\n<tr>\n<td>Selic elevada<\/td>\n<td>Aumento do custo da d\u00edvida<\/td>\n<\/tr>\n<\/tbody>\n<\/table>\n<p>Dessa forma, de acordo com <a href=\"https:\/\/g1.globo.com\/economia\/noticia\/2023\/10\/29\/deficit-zero-entenda-dificuldades-do-governo-para-cumprir-a-meta-de-fechar-o-rombo-nas-contas-publicas.ghtml\" alt=\"D\u00e9ficit zero no G1\">d\u00e9ficit zero no G1<\/a>, sem cortes significativos de despesas ou amplas reformas fiscais, tornar-se-\u00e1 cada vez mais desafiador para o governo alcan\u00e7ar seus objetivos financeiros.<\/p>\n<p>Al\u00e9m disso, a arrecada\u00e7\u00e3o que tem mostrado tend\u00eancia de queda, <u>descreve a fragilidade fiscal<\/u> e a necessidade de ajustes substanciais para contornar esses desafios no curto e m\u00e9dio prazo.<\/p>\n<h2>Sazonalidade e Varia\u00e7\u00e3o de Pre\u00e7os na Infla\u00e7\u00e3o dos Pr\u00f3ximos Meses<\/h2>\n<p>Os efeitos da <u><strong>sazonalidade<\/strong><\/u> e das <u>varia\u00e7\u00f5es nos pre\u00e7os<\/u> de alimentos e servi\u00e7os apresentam um papel crucial na infla\u00e7\u00e3o oficial brasileira.<\/p>\n<p>A sazonalidade pode tornar-se um fator de impacto significativo, especialmente quando analisamos as flutua\u00e7\u00f5es nos pre\u00e7os de alimentos.<\/p>\n<p>Conforme os per\u00edodos de colheita e aumento da demanda, a <strong>press\u00e3o de pre\u00e7os de alimentos in natura<\/strong> se intensifica, afetando diretamente o consumidor.<\/p>\n<p>Adicionalmente, servi\u00e7os essenciais como transporte e lazer seguem tend\u00eancias semelhantes, onde altera\u00e7\u00f5es nos pre\u00e7os podem aliviar ou intensificar a infla\u00e7\u00e3o.<\/p>\n<p>\u00d6 <a href=\"https:\/\/jrsportal.com.br\/artigo-jrs\/sazonalidade-adversa-no-setor-de-alimentos-e-servicos-de-lazer-e-beleza-devem-acelerar-a-inflacao-diz-especialista\/\" alt=\"sazonalidade adversa no setor de alimentos e servi\u00e7os de lazer e beleza\">Artigo no JRS Portal<\/a> destaca que expectativas de sazonalidade mais adversa resultam em acelera\u00e7\u00e3o inflacion\u00e1ria. <\/p>\n<p>\u00c9 importante considerar que essas varia\u00e7\u00f5es impactam as metas para 2026, complicando os esfor\u00e7os para control\u00e1-la conforme a pol\u00edtica monet\u00e1ria restritiva e os altos juros formam um cen\u00e1rio desafiador para a economia.<\/p>\n<p>Assim, \u00e9 essencial analisar tais fatores com precis\u00e3o para formular medidas eficazes de combate \u00e0 infla\u00e7\u00e3o.<\/p>\n<p><strong>Em resumo<\/strong>, a revis\u00e3o das estimativas para o crescimento do PIB brasileiro indica um cen\u00e1rio desafiador para os pr\u00f3ximos anos, com a infla\u00e7\u00e3o e os altos juros influenciando diretamente a economia.<\/p>\n<p>O acompanhamento dessas vari\u00e1veis ser\u00e1 crucial para a formula\u00e7\u00e3o de pol\u00edticas eficazes.<\/p>","protected":false},"excerpt":{"rendered":"<p>Crescimento PIB brasileiro \u00e9 um tema de grande relev\u00e2ncia, especialmente em tempos de incerteza econ\u00f4mica. Neste artigo, faremos uma an\u00e1lise detalhada das recentes previs\u00f5es e ajustes relacionados ao Produto Interno Bruto do Brasil, focando nas mudan\u00e7as nas expectativas de crescimento e infla\u00e7\u00e3o. Exploraremos os fatores que influenciam esses \u00edndices, como [&hellip;]<\/p>","protected":false},"author":14,"featured_media":2350,"comment_status":"open","ping_status":"open","sticky":false,"template":"","format":"standard","meta":{"footnotes":""},"categories":[739],"tags":[1947,1948,1946],"class_list":["post-2351","post","type-post","status-publish","format-standard","has-post-thumbnail","hentry","category-economia","tag-crescimento-pib","tag-inflacao-brasil","tag-previsao-economica"],"yoast_head":"<!-- This site is optimized with the Yoast SEO plugin v24.5 - https:\/\/yoast.com\/wordpress\/plugins\/seo\/ -->\n<title>Crescimento do PIB Brasileiro e Expectativa de Infla\u00e7\u00e3o -<\/title>\n<meta name=\"robots\" content=\"index, follow, max-snippet:-1, max-image-preview:large, max-video-preview:-1\" \/>\n<link rel=\"canonical\" href=\"https:\/\/caleine.com\/de\/crescimento-do-pib-brasileiro-e-expectativa-de-inflacao\/\" \/>\n<meta property=\"og:locale\" content=\"de_DE\" \/>\n<meta property=\"og:type\" content=\"article\" \/>\n<meta property=\"og:title\" content=\"Crescimento do PIB Brasileiro e Expectativa de Infla\u00e7\u00e3o -\" \/>\n<meta property=\"og:description\" content=\"Crescimento PIB brasileiro \u00e9 um tema de grande relev\u00e2ncia, especialmente em tempos de incerteza econ\u00f4mica. Neste artigo, faremos uma an\u00e1lise detalhada das recentes previs\u00f5es e ajustes relacionados ao Produto Interno Bruto do Brasil, focando nas mudan\u00e7as nas expectativas de crescimento e infla\u00e7\u00e3o. Exploraremos os fatores que influenciam esses \u00edndices, como [&hellip;]\" \/>\n<meta property=\"og:url\" content=\"https:\/\/caleine.com\/de\/crescimento-do-pib-brasileiro-e-expectativa-de-inflacao\/\" \/>\n<meta property=\"article:published_time\" content=\"2025-12-19T20:02:57+00:00\" \/>\n<meta name=\"author\" content=\"Davi\" \/>\n<meta name=\"twitter:card\" content=\"summary_large_image\" \/>\n<meta name=\"twitter:label1\" content=\"Verfasst von\" \/>\n\t<meta name=\"twitter:data1\" content=\"Davi\" \/>\n\t<meta name=\"twitter:label2\" content=\"Gesch\u00e4tzte Lesezeit\" \/>\n\t<meta name=\"twitter:data2\" content=\"6\u00a0Minuten\" \/>\n<script type=\"application\/ld+json\" class=\"yoast-schema-graph\">{\"@context\":\"https:\/\/schema.org\",\"@graph\":[{\"@type\":\"WebPage\",\"@id\":\"https:\/\/caleine.com\/crescimento-do-pib-brasileiro-e-expectativa-de-inflacao\/\",\"url\":\"https:\/\/caleine.com\/crescimento-do-pib-brasileiro-e-expectativa-de-inflacao\/\",\"name\":\"Crescimento do PIB Brasileiro e Expectativa de Infla\u00e7\u00e3o -\",\"isPartOf\":{\"@id\":\"https:\/\/caleine.com\/#website\"},\"primaryImageOfPage\":{\"@id\":\"https:\/\/caleine.com\/crescimento-do-pib-brasileiro-e-expectativa-de-inflacao\/#primaryimage\"},\"image\":{\"@id\":\"https:\/\/caleine.com\/crescimento-do-pib-brasileiro-e-expectativa-de-inflacao\/#primaryimage\"},\"thumbnailUrl\":\"https:\/\/caleine.com\/wp-content\/uploads\/2025\/12\/1766174573939.png\",\"datePublished\":\"2025-12-19T20:02:57+00:00\",\"author\":{\"@id\":\"https:\/\/caleine.com\/#\/schema\/person\/e822d0434de2761ae603436b42954961\"},\"breadcrumb\":{\"@id\":\"https:\/\/caleine.com\/crescimento-do-pib-brasileiro-e-expectativa-de-inflacao\/#breadcrumb\"},\"inLanguage\":\"de\",\"potentialAction\":[{\"@type\":\"ReadAction\",\"target\":[\"https:\/\/caleine.com\/crescimento-do-pib-brasileiro-e-expectativa-de-inflacao\/\"]}]},{\"@type\":\"ImageObject\",\"inLanguage\":\"de\",\"@id\":\"https:\/\/caleine.com\/crescimento-do-pib-brasileiro-e-expectativa-de-inflacao\/#primaryimage\",\"url\":\"https:\/\/caleine.com\/wp-content\/uploads\/2025\/12\/1766174573939.png\",\"contentUrl\":\"https:\/\/caleine.com\/wp-content\/uploads\/2025\/12\/1766174573939.png\",\"width\":1024,\"height\":624,\"caption\":\"Gr\u00e1fico ilustrativo sobre o crescimento do PIB e as expectativas de infla\u00e7\u00e3o no Brasil, destacando os desafios econ\u00f4micos atuais.\"},{\"@type\":\"BreadcrumbList\",\"@id\":\"https:\/\/caleine.com\/crescimento-do-pib-brasileiro-e-expectativa-de-inflacao\/#breadcrumb\",\"itemListElement\":[{\"@type\":\"ListItem\",\"position\":1,\"name\":\"In\u00edcio\",\"item\":\"https:\/\/caleine.com\/\"},{\"@type\":\"ListItem\",\"position\":2,\"name\":\"Crescimento do PIB Brasileiro e Expectativa de Infla\u00e7\u00e3o\"}]},{\"@type\":\"WebSite\",\"@id\":\"https:\/\/caleine.com\/#website\",\"url\":\"https:\/\/caleine.com\/\",\"name\":\"\",\"description\":\"Caleine\",\"potentialAction\":[{\"@type\":\"SearchAction\",\"target\":{\"@type\":\"EntryPoint\",\"urlTemplate\":\"https:\/\/caleine.com\/?s={search_term_string}\"},\"query-input\":{\"@type\":\"PropertyValueSpecification\",\"valueRequired\":true,\"valueName\":\"search_term_string\"}}],\"inLanguage\":\"de\"},{\"@type\":\"Person\",\"@id\":\"https:\/\/caleine.com\/#\/schema\/person\/e822d0434de2761ae603436b42954961\",\"name\":\"Davi\",\"image\":{\"@type\":\"ImageObject\",\"inLanguage\":\"de\",\"@id\":\"https:\/\/caleine.com\/#\/schema\/person\/image\/\",\"url\":\"https:\/\/secure.gravatar.com\/avatar\/e1ee68e758cac208b2e5afa99bab2ebc9c971f628c4e810fe37ef98f59af2f71?s=96&d=mm&r=g\",\"contentUrl\":\"https:\/\/secure.gravatar.com\/avatar\/e1ee68e758cac208b2e5afa99bab2ebc9c971f628c4e810fe37ef98f59af2f71?s=96&d=mm&r=g\",\"caption\":\"Davi\"},\"url\":\"https:\/\/caleine.com\/de\/author\/davi\/\"}]}<\/script>\n<!-- \/ Yoast SEO plugin. -->","yoast_head_json":{"title":"Crescimento do PIB Brasileiro e Expectativa de Infla\u00e7\u00e3o -","robots":{"index":"index","follow":"follow","max-snippet":"max-snippet:-1","max-image-preview":"max-image-preview:large","max-video-preview":"max-video-preview:-1"},"canonical":"https:\/\/caleine.com\/de\/crescimento-do-pib-brasileiro-e-expectativa-de-inflacao\/","og_locale":"de_DE","og_type":"article","og_title":"Crescimento do PIB Brasileiro e Expectativa de Infla\u00e7\u00e3o -","og_description":"Crescimento PIB brasileiro \u00e9 um tema de grande relev\u00e2ncia, especialmente em tempos de incerteza econ\u00f4mica. Neste artigo, faremos uma an\u00e1lise detalhada das recentes previs\u00f5es e ajustes relacionados ao Produto Interno Bruto do Brasil, focando nas mudan\u00e7as nas expectativas de crescimento e infla\u00e7\u00e3o. Exploraremos os fatores que influenciam esses \u00edndices, como [&hellip;]","og_url":"https:\/\/caleine.com\/de\/crescimento-do-pib-brasileiro-e-expectativa-de-inflacao\/","article_published_time":"2025-12-19T20:02:57+00:00","author":"Davi","twitter_card":"summary_large_image","twitter_misc":{"Verfasst von":"Davi","Gesch\u00e4tzte Lesezeit":"6\u00a0Minuten"},"schema":{"@context":"https:\/\/schema.org","@graph":[{"@type":"WebPage","@id":"https:\/\/caleine.com\/crescimento-do-pib-brasileiro-e-expectativa-de-inflacao\/","url":"https:\/\/caleine.com\/crescimento-do-pib-brasileiro-e-expectativa-de-inflacao\/","name":"Crescimento do PIB Brasileiro e Expectativa de Infla\u00e7\u00e3o -","isPartOf":{"@id":"https:\/\/caleine.com\/#website"},"primaryImageOfPage":{"@id":"https:\/\/caleine.com\/crescimento-do-pib-brasileiro-e-expectativa-de-inflacao\/#primaryimage"},"image":{"@id":"https:\/\/caleine.com\/crescimento-do-pib-brasileiro-e-expectativa-de-inflacao\/#primaryimage"},"thumbnailUrl":"https:\/\/caleine.com\/wp-content\/uploads\/2025\/12\/1766174573939.png","datePublished":"2025-12-19T20:02:57+00:00","author":{"@id":"https:\/\/caleine.com\/#\/schema\/person\/e822d0434de2761ae603436b42954961"},"breadcrumb":{"@id":"https:\/\/caleine.com\/crescimento-do-pib-brasileiro-e-expectativa-de-inflacao\/#breadcrumb"},"inLanguage":"de","potentialAction":[{"@type":"ReadAction","target":["https:\/\/caleine.com\/crescimento-do-pib-brasileiro-e-expectativa-de-inflacao\/"]}]},{"@type":"ImageObject","inLanguage":"de","@id":"https:\/\/caleine.com\/crescimento-do-pib-brasileiro-e-expectativa-de-inflacao\/#primaryimage","url":"https:\/\/caleine.com\/wp-content\/uploads\/2025\/12\/1766174573939.png","contentUrl":"https:\/\/caleine.com\/wp-content\/uploads\/2025\/12\/1766174573939.png","width":1024,"height":624,"caption":"Gr\u00e1fico ilustrativo sobre o crescimento do PIB e as expectativas de infla\u00e7\u00e3o no Brasil, destacando os desafios econ\u00f4micos atuais."},{"@type":"BreadcrumbList","@id":"https:\/\/caleine.com\/crescimento-do-pib-brasileiro-e-expectativa-de-inflacao\/#breadcrumb","itemListElement":[{"@type":"ListItem","position":1,"name":"In\u00edcio","item":"https:\/\/caleine.com\/"},{"@type":"ListItem","position":2,"name":"Crescimento do PIB Brasileiro e Expectativa de Infla\u00e7\u00e3o"}]},{"@type":"WebSite","@id":"https:\/\/caleine.com\/#website","url":"https:\/\/caleine.com\/","name":"","description":"Caleine","potentialAction":[{"@type":"SearchAction","target":{"@type":"EntryPoint","urlTemplate":"https:\/\/caleine.com\/?s={search_term_string}"},"query-input":{"@type":"PropertyValueSpecification","valueRequired":true,"valueName":"search_term_string"}}],"inLanguage":"de"},{"@type":"Person","@id":"https:\/\/caleine.com\/#\/schema\/person\/e822d0434de2761ae603436b42954961","name":"Davi","image":{"@type":"ImageObject","inLanguage":"de","@id":"https:\/\/caleine.com\/#\/schema\/person\/image\/","url":"https:\/\/secure.gravatar.com\/avatar\/e1ee68e758cac208b2e5afa99bab2ebc9c971f628c4e810fe37ef98f59af2f71?s=96&d=mm&r=g","contentUrl":"https:\/\/secure.gravatar.com\/avatar\/e1ee68e758cac208b2e5afa99bab2ebc9c971f628c4e810fe37ef98f59af2f71?s=96&d=mm&r=g","caption":"Davi"},"url":"https:\/\/caleine.com\/de\/author\/davi\/"}]}},"_links":{"self":[{"href":"https:\/\/caleine.com\/de\/wp-json\/wp\/v2\/posts\/2351","targetHints":{"allow":["GET"]}}],"collection":[{"href":"https:\/\/caleine.com\/de\/wp-json\/wp\/v2\/posts"}],"about":[{"href":"https:\/\/caleine.com\/de\/wp-json\/wp\/v2\/types\/post"}],"author":[{"embeddable":true,"href":"https:\/\/caleine.com\/de\/wp-json\/wp\/v2\/users\/14"}],"replies":[{"embeddable":true,"href":"https:\/\/caleine.com\/de\/wp-json\/wp\/v2\/comments?post=2351"}],"version-history":[{"count":0,"href":"https:\/\/caleine.com\/de\/wp-json\/wp\/v2\/posts\/2351\/revisions"}],"wp:featuredmedia":[{"embeddable":true,"href":"https:\/\/caleine.com\/de\/wp-json\/wp\/v2\/media\/2350"}],"wp:attachment":[{"href":"https:\/\/caleine.com\/de\/wp-json\/wp\/v2\/media?parent=2351"}],"wp:term":[{"taxonomy":"category","embeddable":true,"href":"https:\/\/caleine.com\/de\/wp-json\/wp\/v2\/categories?post=2351"},{"taxonomy":"post_tag","embeddable":true,"href":"https:\/\/caleine.com\/de\/wp-json\/wp\/v2\/tags?post=2351"}],"curies":[{"name":"wp","href":"https:\/\/api.w.org\/{rel}","templated":true}]}}