{"id":2379,"date":"2025-12-24T17:02:34","date_gmt":"2025-12-24T20:02:34","guid":{"rendered":"https:\/\/caleine.com\/bandeira-tarifaria-verde-em-janeiro-de-2026-sem-custo\/"},"modified":"2025-12-24T17:02:34","modified_gmt":"2025-12-24T20:02:34","slug":"bandeira-tarifaria-verde-em-janeiro-de-2026-sem-custo","status":"publish","type":"post","link":"https:\/\/caleine.com\/de\/bandeira-tarifaria-verde-em-janeiro-de-2026-sem-custo\/","title":{"rendered":"Bandeira Tarif\u00e1ria Verde em Janeiro de 2026 Sem Custo"},"content":{"rendered":"<p><strong>A bandeira tarif\u00e1ria<\/strong> \u00e9 um mecanismo que auxilia na gest\u00e3o dos custos de gera\u00e7\u00e3o de energia el\u00e9trica no Brasil.<\/p>\n<p>Neste artigo, abordaremos as recentes mudan\u00e7as nas bandeiras tarif\u00e1rias, com foco na bandeira verde em janeiro de 2026, que trar\u00e1 al\u00edvio aos consumidores, e a bandeira amarela em dezembro de 2025, que gerou um custo adicional.<\/p>\n<p>Al\u00e9m disso, analisaremos a influ\u00eancia das condi\u00e7\u00f5es clim\u00e1ticas na gera\u00e7\u00e3o de energia e a import\u00e2ncia da conscientiza\u00e7\u00e3o no uso respons\u00e1vel da eletricidade, proporcionando uma vis\u00e3o abrangente sobre como esses fatores afetam a conta de luz dos brasileiros.<\/p>\n<h2>Patamar Verde da Bandeira Tarif\u00e1ria em Janeiro de 2026<\/h2>\n<p>O Patamar Verde da Bandeira Tarif\u00e1ria em janeiro de 2026 representa uma \u00f3tima not\u00edcia para os consumidores, pois significa que n\u00e3o haver\u00e1 custos extras na conta de luz.<\/p>\n<p>Esta bandeira, caracterizada pela gera\u00e7\u00e3o de energia de forma mais econ\u00f4mica e sustent\u00e1vel, \u00e9 um reflexo da boa atua\u00e7\u00e3o dos reservat\u00f3rios e do clima favor\u00e1vel, que evitaram a necessidade de acionar usinas termel\u00e9tricas.<\/p>\n<p>Com isso, os usu\u00e1rios podem usufruir de uma tarifa mais acess\u00edvel, proporcionando al\u00edvio financeiro e incentivando a conscientiza\u00e7\u00e3o sobre o uso respons\u00e1vel da energia el\u00e9trica.<\/p>\n<h2>An\u00e1lise Comparativa dos Custos das Bandeiras em Novembro e Dezembro de 2025<\/h2>\n<p>Em novembro de 2025, os consumidores enfrentaram um custo adicional de <strong>R$ 4,46<\/strong> por cada 100 kWh consumidos devido \u00e0 aplica\u00e7\u00e3o da bandeira vermelha patamar 1. Essa cobran\u00e7a foi motivada pelo cen\u00e1rio hidrol\u00f3gico desfavor\u00e1vel, com chuvas abaixo da m\u00e9dia hist\u00f3rica, que for\u00e7ou o acionamento de usinas termel\u00e9tricas, elevando os custos de gera\u00e7\u00e3o.<\/p>\n<p>Contrastando com isso, em dezembro de 2025, a <u>bandeira tarif\u00e1ria<\/u> foi rebaixada para amarela, resultando em um custo extra de apenas <strong>R$ 1,88<\/strong> por cada 100 kWh.<\/p>\n<p><u><strong>Em novembro, o custo foi mais que o dobro do registrado em dezembro<\/strong><\/u>, refletindo uma melhoria nas condi\u00e7\u00f5es de chuva e reservat\u00f3rios.<\/p>\n<p>Felizmente, esse cen\u00e1rio permitiu que, em janeiro de 2026, a bandeira verde fosse implementada, isentando os consumidores de cobran\u00e7as extras, gra\u00e7as \u00e0 manuten\u00e7\u00e3o dos n\u00edveis dos reservat\u00f3rios.<\/p>\n<p>Para mais detalhes sobre as mudan\u00e7as de bandeiras tarif\u00e1rias e seus impactos, confira <a href=\"https:\/\/www.enel.com.br\/pt\/midia\/news\/d202512-bandeira-tarifaria-dezembro-amarela-veja-o-que-significa.html\" alt=\"texto explicativo sobre a bandeira tarif\u00e1ria de dezembro\">este artigo da Enel<\/a>.<\/p>\n<p>Esse exemplo destaca a import\u00e2ncia de entender o sistema de bandeiras para melhor gerenciar o consumo energ\u00e9tico.<\/p>\n<h2>Impacto do Per\u00edodo Chuvoso e N\u00edveis dos Reservat\u00f3rios<\/h2>\n<p>\u00d6 <u>per\u00edodo chuvoso<\/u> em janeiro de 2026, apesar de apresentar <u>chuvas abaixo da m\u00e9dia hist\u00f3rica<\/u>, desempenhou um papel fundamental na sustentabilidade da gera\u00e7\u00e3o de energia hidrel\u00e9trica no Brasil.<\/p>\n<p>As chuvas, mesmo sendo insuficientes para alcan\u00e7ar m\u00e9dias anuais, foram capazes de manter os n\u00edveis dos reservat\u00f3rios em um ponto estrat\u00e9gico.<\/p>\n<p>Isso reduziu significativamente a necessidade de acionar o <strong>despacho t\u00e9rmico<\/strong>, permitindo assim a aplica\u00e7\u00e3o da <a href=\"https:\/\/www.g1.globo.com\/economia\/noticia\/2025\/12\/23\/conta-de-luz-aneel-rebaixa-bandeira-tarifaria-para-verde-em-janeiro-de-2026.ghtml\" alt=\"Bandeira tarif\u00e1ria verde ANEEL\">bandeira verde da ANEEL em janeiro de 2026<\/a>.<\/p>\n<p>Com os reservat\u00f3rios adequadamente mantidos, foi poss\u00edvel evitar a depend\u00eancia em usinas termel\u00e9tricas, que agregariam custos extras \u00e0 conta de energia.<\/p>\n<p><u>A manuten\u00e7\u00e3o dos n\u00edveis dos reservat\u00f3rios<\/u>, mesmo com um <u>per\u00edodo de chuvas mais fracas que o normal<\/u>, refletiu diretamente na estabilidade de energia el\u00e9trica, o que beneficiou o consumidor.<\/p>\n<p>Essa situa\u00e7\u00e3o foi crucial para a redu\u00e7\u00e3o de custos e impacto ambiental, uma vez que se evitou o uso de combust\u00edveis f\u00f3sseis.<\/p>\n<p>A intera\u00e7\u00e3o entre clima e reservat\u00f3rios revelou-se essencial para garantir uma tarifa sem cobran\u00e7as adicionais.<\/p>\n<p>Ao perceber como fatores naturais influenciam diretamente o setor energ\u00e9tico, \u00e9 poss\u00edvel entender o valor de preservar e otimizar os recursos h\u00eddricos.<\/p>\n<p>Assim, o Brasil iniciou 2026 com uma perspectiva otimista, resguardando a gera\u00e7\u00e3o de energia limpa e acess\u00edvel para a popula\u00e7\u00e3o ao longo do tempo.<\/p>\n<p><strong>Investimentos em infraestrutura h\u00eddrica<\/strong> continuam a ser uma prioridade para assegurar esse cen\u00e1rio sustent\u00e1vel.<\/p>\n<h2>Retorno da Bandeira Amarela em Dezembro de 2025<\/h2>\n<p>O retorno da <strong>bandeira amarela em dezembro de 2025<\/strong> marca um evento hist\u00f3rico no setor el\u00e9trico brasileiro, sendo a primeira vez desde 2019 que se presencia tal mudan\u00e7a.<\/p>\n<p>Isso reflete os avan\u00e7os e desafios enfrentados no gerenciamento da gera\u00e7\u00e3o de energia el\u00e9trica no pa\u00eds.<\/p>\n<blockquote><p>\u201cTrata-se de um marco ap\u00f3s quatro anos sem bandeira amarela em dezembro\u201d, afirmou um analista do setor, enfatizando a relev\u00e2ncia do equil\u00edbrio alcan\u00e7ado entre demanda e condi\u00e7\u00f5es clim\u00e1ticas.<\/p>\n<\/blockquote>\n<p> A ativa\u00e7\u00e3o da bandeira amarela, apesar de implicar um custo adicional de R$ 1,88 a cada 100 kWh consumidos, ainda representa uma economia em compara\u00e7\u00e3o ao m\u00eas anterior, quando a bandeira vermelha patamar 1 estava em vigor, cobrando R$ 4,46 pelo mesmo consumo.<\/p>\n<p>Assim, os consumidores puderam sentir um al\u00edvio no or\u00e7amento destinado \u00e0 energia el\u00e9trica.<\/p>\n<p>Esse per\u00edodo coincide com um <u>n\u00edvel adequado dos reservat\u00f3rios e manuten\u00e7\u00e3o da estabilidade nas chuvas<\/u>, o que evitou o acionamento das caras usinas termel\u00e9tricas.<\/p>\n<p>Para mais informa\u00e7\u00f5es, visite o <a href=\"https:\/\/www.gov.br\/aneel\/pt-br\/assuntos\/noticias\/2025\/aneel-anuncia-bandeira-tarifaria-amarela-em-dezembro\" alt=\"bandeira amarela detalhada\">site da ANEEL<\/a>.<\/p>\n<h2>Funcionamento das Bandeiras Tarif\u00e1rias e Seus Custos<\/h2>\n<p>As bandeiras tarif\u00e1rias no Brasil s\u00e3o um sistema implementado pela ANEEL para sinalizar o custo real da <strong>gera\u00e7\u00e3o de energia el\u00e9trica<\/strong>, como explicado <a href=\"https:\/\/www.gov.br\/aneel\/pt-br\/assuntos\/tarifas\/bandeiras-tarifarias\" alt=\"Informa\u00e7\u00f5es sobre Bandeiras Tarif\u00e1rias ANEEL\">neste site da ANEEL<\/a>.<\/p>\n<p>Estas bandeiras, classificadas como verde, amarela e vermelha, indicam as condi\u00e7\u00f5es de produ\u00e7\u00e3o e os custos operacionais das usinas.<\/p>\n<p>Quando a bandeira \u00e9 amarela, existe um acr\u00e9scimo na tarifa de energia, refletindo condi\u00e7\u00f5es menos favor\u00e1veis de gera\u00e7\u00e3o.<\/p>\n<p>J\u00e1 a bandeira vermelha indica um patamar ainda mais elevado, com custos adicionais mais altos devido \u00e0 necessidade de ativar usinas termoel\u00e9tricas para suprir a demanda.<\/p>\n<p>Este sistema visa incentivar o <u><strong>uso consciente<\/strong><\/u> da eletricidade, adaptando-se \u00e0s condi\u00e7\u00f5es prevalecentes de produ\u00e7\u00e3o.<\/p>\n<p>Por outro lado, a bandeira verde, atualmente em vigor, simboliza condi\u00e7\u00f5es favor\u00e1veis de gera\u00e7\u00e3o, onde n\u00e3o h\u00e1 custos adicionais, conforme relatado pela <a href=\"https:\/\/deltaenergia.com.br\/blog\/artigo\/bandeiras-tarifarias-entenda-como-funcionam-e-o-impacto-nos-negocios\" alt=\"Blog da Delta Energia sobre bandeiras tarif\u00e1rias\">Delta Energia<\/a>.<\/p>\n<p>Este sistema funciona como um &#8220;<strong>term\u00f4metro<\/strong>&#8220;, indicando quando os consumidores precisam redobrar os esfor\u00e7os no uso respons\u00e1vel de energia.<\/p>\n<p>Os n\u00edveis de cada bandeira est\u00e3o atrelados \u00e0s condi\u00e7\u00f5es hidrol\u00f3gicas, aos n\u00edveis dos reservat\u00f3rios e \u00e0 necessidade de usinas termoel\u00e9tricas.<\/p>\n<p>\u00d6 <u><strong>impacto<\/strong><\/u> percebido nas contas de luz tem grande rela\u00e7\u00e3o com as bandeiras em vigor, incentivando pr\u00e1ticas mais sustent\u00e1veis.<\/p>\n<table>\n<thead>\n<tr>\n<th>Bandeira<\/th>\n<th>Custo por 100 kWh<\/th>\n<\/tr>\n<\/thead>\n<tbody>\n<tr>\n<td>Verde<\/td>\n<td>0,00 R$<\/td>\n<\/tr>\n<tr>\n<td>Amarela<\/td>\n<td>1,88 R$<\/td>\n<\/tr>\n<tr>\n<td>Vermelha &#8211; Patamar 1<\/td>\n<td>4,46 R$<\/td>\n<\/tr>\n<\/tbody>\n<\/table>\n<h2>Import\u00e2ncia da Conscientiza\u00e7\u00e3o e Uso Respons\u00e1vel da Energia El\u00e9trica<\/h2>\n<p>A consci\u00eancia sobre o consumo de energia el\u00e9trica \u00e9 vital para manter as contas de luz acess\u00edveis e prevenir custos adicionais com bandeiras tarif\u00e1rias.<\/p>\n<p>Durante per\u00edodos de seca ou baixo volume de \u00e1gua nos reservat\u00f3rios, o Brasil enfrenta o acionamento de usinas termel\u00e9tricas, que aumentam consideravelmente o pre\u00e7o da energia.<\/p>\n<p>A varia\u00e7\u00e3o das bandeiras tarif\u00e1rias, como a amarela ou vermelha, reflete essas condi\u00e7\u00f5es adversas e, consequentemente, geram custos adicionais que impactam diretamente no or\u00e7amento das fam\u00edlias.<\/p>\n<p>So was, <u>\u00e9 extremamente importante<\/u> que os consumidores estejam atentos a seus h\u00e1bitos de consumo para evitar surpresas desagrad\u00e1veis na conta de luz.<\/p>\n<p>Para reduzir o consumo e promover um uso mais respons\u00e1vel da energia, algumas pr\u00e1ticas s\u00e3o recomendadas.<\/p>\n<ul>\n<li><strong>Desligar aparelhos em stand-by<\/strong>: mesmo quando n\u00e3o est\u00e3o em uso, continuam consumindo energia.<\/li>\n<li><strong>Utilizar l\u00e2mpadas LED<\/strong>: consomem at\u00e9 75% menos energia e duram mais.<\/li>\n<li><strong>Aproveitar a luz natural<\/strong>: evita o uso desnecess\u00e1rio de ilumina\u00e7\u00e3o artificial.<\/li>\n<li><strong>Regular a temperatura de aparelhos de ar condicionado<\/strong>: otimiza o consumo e mant\u00e9m o conforto.<\/li>\n<\/ul>\n<p>Implementar essas medidas n\u00e3o s\u00f3 diminui custos, mas tamb\u00e9m contribui para um futuro sustent\u00e1vel ao reduzir a demanda energ\u00e9tica.<\/p>\n<p>Al\u00e9m de evitar custos adicionais, o consumo consciente ajuda a prevenir a subida para bandeiras tarif\u00e1rias mais onerosas, como a amarela e vermelha.<\/p>\n<p>Esse <a href=\"https:\/\/ceee.equatorialenergia.com.br\/programa-de-incentivo-a-reducao-voluntaria-do-consumo-de-energia-eletrica\/\" alt=\"Programa de Incentivo \u00e0 Redu\u00e7\u00e3o do Consumo de Energia da Equatorial Energia\">programa de incentivo<\/a> apresenta aos consumidores as vantagens de economizar energia, recompensando aqueles que atingem metas espec\u00edficas de redu\u00e7\u00e3o.<\/p>\n<p>Portanto, adotar pr\u00e1ticas sustent\u00e1veis e conscientes \u00e9 um passo fundamental para assegurar um uso eficiente dos recursos energ\u00e9ticos, promovendo economia tanto para o consumidor quanto para o ambiente.<\/p>\n<p><strong>Em conclus\u00e3o<\/strong>, a compreens\u00e3o das bandeiras tarif\u00e1rias e seu impacto nos custos de energia el\u00e9trica \u00e9 fundamental para um uso mais consciente e eficiente da eletricidade, permitindo que os consumidores fa\u00e7am escolhas informadas e contribuam para a sustentabilidade do setor energ\u00e9tico.<\/p>","protected":false},"excerpt":{"rendered":"<p>A bandeira tarif\u00e1ria \u00e9 um mecanismo que auxilia na gest\u00e3o dos custos de gera\u00e7\u00e3o de energia el\u00e9trica no Brasil. Neste artigo, abordaremos as recentes mudan\u00e7as nas bandeiras tarif\u00e1rias, com foco na bandeira verde em janeiro de 2026, que trar\u00e1 al\u00edvio aos consumidores, e a bandeira amarela em dezembro de 2025, [&hellip;]<\/p>","protected":false},"author":14,"featured_media":2378,"comment_status":"open","ping_status":"open","sticky":false,"template":"","format":"standard","meta":{"footnotes":""},"categories":[739],"tags":[807,1980,1979],"class_list":["post-2379","post","type-post","status-publish","format-standard","has-post-thumbnail","hentry","category-economia","tag-bandeira-tarifaria","tag-janeiro-2026","tag-patamar-verde"],"yoast_head":"<!-- This site is optimized with the Yoast SEO plugin v24.5 - https:\/\/yoast.com\/wordpress\/plugins\/seo\/ -->\n<title>Bandeira Tarif\u00e1ria Verde em Janeiro de 2026 Sem Custo -<\/title>\n<meta name=\"robots\" content=\"index, follow, max-snippet:-1, max-image-preview:large, max-video-preview:-1\" \/>\n<link rel=\"canonical\" href=\"https:\/\/caleine.com\/de\/bandeira-tarifaria-verde-em-janeiro-de-2026-sem-custo\/\" \/>\n<meta property=\"og:locale\" content=\"de_DE\" \/>\n<meta property=\"og:type\" content=\"article\" \/>\n<meta property=\"og:title\" content=\"Bandeira Tarif\u00e1ria Verde em Janeiro de 2026 Sem Custo -\" \/>\n<meta property=\"og:description\" content=\"A bandeira tarif\u00e1ria \u00e9 um mecanismo que auxilia na gest\u00e3o dos custos de gera\u00e7\u00e3o de energia el\u00e9trica no Brasil. Neste artigo, abordaremos as recentes mudan\u00e7as nas bandeiras tarif\u00e1rias, com foco na bandeira verde em janeiro de 2026, que trar\u00e1 al\u00edvio aos consumidores, e a bandeira amarela em dezembro de 2025, [&hellip;]\" \/>\n<meta property=\"og:url\" content=\"https:\/\/caleine.com\/de\/bandeira-tarifaria-verde-em-janeiro-de-2026-sem-custo\/\" \/>\n<meta property=\"article:published_time\" content=\"2025-12-24T20:02:34+00:00\" \/>\n<meta name=\"author\" content=\"Davi\" \/>\n<meta name=\"twitter:card\" content=\"summary_large_image\" \/>\n<meta name=\"twitter:label1\" content=\"Verfasst von\" \/>\n\t<meta name=\"twitter:data1\" content=\"Davi\" \/>\n\t<meta name=\"twitter:label2\" content=\"Gesch\u00e4tzte Lesezeit\" \/>\n\t<meta name=\"twitter:data2\" content=\"7\u00a0Minuten\" \/>\n<script type=\"application\/ld+json\" class=\"yoast-schema-graph\">{\"@context\":\"https:\/\/schema.org\",\"@graph\":[{\"@type\":\"WebPage\",\"@id\":\"https:\/\/caleine.com\/bandeira-tarifaria-verde-em-janeiro-de-2026-sem-custo\/\",\"url\":\"https:\/\/caleine.com\/bandeira-tarifaria-verde-em-janeiro-de-2026-sem-custo\/\",\"name\":\"Bandeira Tarif\u00e1ria Verde em Janeiro de 2026 Sem Custo -\",\"isPartOf\":{\"@id\":\"https:\/\/caleine.com\/#website\"},\"primaryImageOfPage\":{\"@id\":\"https:\/\/caleine.com\/bandeira-tarifaria-verde-em-janeiro-de-2026-sem-custo\/#primaryimage\"},\"image\":{\"@id\":\"https:\/\/caleine.com\/bandeira-tarifaria-verde-em-janeiro-de-2026-sem-custo\/#primaryimage\"},\"thumbnailUrl\":\"https:\/\/caleine.com\/wp-content\/uploads\/2025\/12\/1766606552000.png\",\"datePublished\":\"2025-12-24T20:02:34+00:00\",\"author\":{\"@id\":\"https:\/\/caleine.com\/#\/schema\/person\/e822d0434de2761ae603436b42954961\"},\"breadcrumb\":{\"@id\":\"https:\/\/caleine.com\/bandeira-tarifaria-verde-em-janeiro-de-2026-sem-custo\/#breadcrumb\"},\"inLanguage\":\"de\",\"potentialAction\":[{\"@type\":\"ReadAction\",\"target\":[\"https:\/\/caleine.com\/bandeira-tarifaria-verde-em-janeiro-de-2026-sem-custo\/\"]}]},{\"@type\":\"ImageObject\",\"inLanguage\":\"de\",\"@id\":\"https:\/\/caleine.com\/bandeira-tarifaria-verde-em-janeiro-de-2026-sem-custo\/#primaryimage\",\"url\":\"https:\/\/caleine.com\/wp-content\/uploads\/2025\/12\/1766606552000.png\",\"contentUrl\":\"https:\/\/caleine.com\/wp-content\/uploads\/2025\/12\/1766606552000.png\",\"width\":1024,\"height\":624,\"caption\":\"Imagem ilustrativa sobre a bandeira tarif\u00e1ria verde em janeiro de 2026, mostrando a redu\u00e7\u00e3o de custos na conta de energia el\u00e9trica.\"},{\"@type\":\"BreadcrumbList\",\"@id\":\"https:\/\/caleine.com\/bandeira-tarifaria-verde-em-janeiro-de-2026-sem-custo\/#breadcrumb\",\"itemListElement\":[{\"@type\":\"ListItem\",\"position\":1,\"name\":\"In\u00edcio\",\"item\":\"https:\/\/caleine.com\/\"},{\"@type\":\"ListItem\",\"position\":2,\"name\":\"Bandeira Tarif\u00e1ria Verde em Janeiro de 2026 Sem Custo\"}]},{\"@type\":\"WebSite\",\"@id\":\"https:\/\/caleine.com\/#website\",\"url\":\"https:\/\/caleine.com\/\",\"name\":\"\",\"description\":\"Caleine\",\"potentialAction\":[{\"@type\":\"SearchAction\",\"target\":{\"@type\":\"EntryPoint\",\"urlTemplate\":\"https:\/\/caleine.com\/?s={search_term_string}\"},\"query-input\":{\"@type\":\"PropertyValueSpecification\",\"valueRequired\":true,\"valueName\":\"search_term_string\"}}],\"inLanguage\":\"de\"},{\"@type\":\"Person\",\"@id\":\"https:\/\/caleine.com\/#\/schema\/person\/e822d0434de2761ae603436b42954961\",\"name\":\"Davi\",\"image\":{\"@type\":\"ImageObject\",\"inLanguage\":\"de\",\"@id\":\"https:\/\/caleine.com\/#\/schema\/person\/image\/\",\"url\":\"https:\/\/secure.gravatar.com\/avatar\/e1ee68e758cac208b2e5afa99bab2ebc9c971f628c4e810fe37ef98f59af2f71?s=96&d=mm&r=g\",\"contentUrl\":\"https:\/\/secure.gravatar.com\/avatar\/e1ee68e758cac208b2e5afa99bab2ebc9c971f628c4e810fe37ef98f59af2f71?s=96&d=mm&r=g\",\"caption\":\"Davi\"},\"url\":\"https:\/\/caleine.com\/de\/author\/davi\/\"}]}<\/script>\n<!-- \/ Yoast SEO plugin. -->","yoast_head_json":{"title":"Bandeira Tarif\u00e1ria Verde em Janeiro de 2026 Sem Custo -","robots":{"index":"index","follow":"follow","max-snippet":"max-snippet:-1","max-image-preview":"max-image-preview:large","max-video-preview":"max-video-preview:-1"},"canonical":"https:\/\/caleine.com\/de\/bandeira-tarifaria-verde-em-janeiro-de-2026-sem-custo\/","og_locale":"de_DE","og_type":"article","og_title":"Bandeira Tarif\u00e1ria Verde em Janeiro de 2026 Sem Custo -","og_description":"A bandeira tarif\u00e1ria \u00e9 um mecanismo que auxilia na gest\u00e3o dos custos de gera\u00e7\u00e3o de energia el\u00e9trica no Brasil. Neste artigo, abordaremos as recentes mudan\u00e7as nas bandeiras tarif\u00e1rias, com foco na bandeira verde em janeiro de 2026, que trar\u00e1 al\u00edvio aos consumidores, e a bandeira amarela em dezembro de 2025, [&hellip;]","og_url":"https:\/\/caleine.com\/de\/bandeira-tarifaria-verde-em-janeiro-de-2026-sem-custo\/","article_published_time":"2025-12-24T20:02:34+00:00","author":"Davi","twitter_card":"summary_large_image","twitter_misc":{"Verfasst von":"Davi","Gesch\u00e4tzte Lesezeit":"7\u00a0Minuten"},"schema":{"@context":"https:\/\/schema.org","@graph":[{"@type":"WebPage","@id":"https:\/\/caleine.com\/bandeira-tarifaria-verde-em-janeiro-de-2026-sem-custo\/","url":"https:\/\/caleine.com\/bandeira-tarifaria-verde-em-janeiro-de-2026-sem-custo\/","name":"Bandeira Tarif\u00e1ria Verde em Janeiro de 2026 Sem Custo -","isPartOf":{"@id":"https:\/\/caleine.com\/#website"},"primaryImageOfPage":{"@id":"https:\/\/caleine.com\/bandeira-tarifaria-verde-em-janeiro-de-2026-sem-custo\/#primaryimage"},"image":{"@id":"https:\/\/caleine.com\/bandeira-tarifaria-verde-em-janeiro-de-2026-sem-custo\/#primaryimage"},"thumbnailUrl":"https:\/\/caleine.com\/wp-content\/uploads\/2025\/12\/1766606552000.png","datePublished":"2025-12-24T20:02:34+00:00","author":{"@id":"https:\/\/caleine.com\/#\/schema\/person\/e822d0434de2761ae603436b42954961"},"breadcrumb":{"@id":"https:\/\/caleine.com\/bandeira-tarifaria-verde-em-janeiro-de-2026-sem-custo\/#breadcrumb"},"inLanguage":"de","potentialAction":[{"@type":"ReadAction","target":["https:\/\/caleine.com\/bandeira-tarifaria-verde-em-janeiro-de-2026-sem-custo\/"]}]},{"@type":"ImageObject","inLanguage":"de","@id":"https:\/\/caleine.com\/bandeira-tarifaria-verde-em-janeiro-de-2026-sem-custo\/#primaryimage","url":"https:\/\/caleine.com\/wp-content\/uploads\/2025\/12\/1766606552000.png","contentUrl":"https:\/\/caleine.com\/wp-content\/uploads\/2025\/12\/1766606552000.png","width":1024,"height":624,"caption":"Imagem ilustrativa sobre a bandeira tarif\u00e1ria verde em janeiro de 2026, mostrando a redu\u00e7\u00e3o de custos na conta de energia el\u00e9trica."},{"@type":"BreadcrumbList","@id":"https:\/\/caleine.com\/bandeira-tarifaria-verde-em-janeiro-de-2026-sem-custo\/#breadcrumb","itemListElement":[{"@type":"ListItem","position":1,"name":"In\u00edcio","item":"https:\/\/caleine.com\/"},{"@type":"ListItem","position":2,"name":"Bandeira Tarif\u00e1ria Verde em Janeiro de 2026 Sem Custo"}]},{"@type":"WebSite","@id":"https:\/\/caleine.com\/#website","url":"https:\/\/caleine.com\/","name":"","description":"Caleine","potentialAction":[{"@type":"SearchAction","target":{"@type":"EntryPoint","urlTemplate":"https:\/\/caleine.com\/?s={search_term_string}"},"query-input":{"@type":"PropertyValueSpecification","valueRequired":true,"valueName":"search_term_string"}}],"inLanguage":"de"},{"@type":"Person","@id":"https:\/\/caleine.com\/#\/schema\/person\/e822d0434de2761ae603436b42954961","name":"Davi","image":{"@type":"ImageObject","inLanguage":"de","@id":"https:\/\/caleine.com\/#\/schema\/person\/image\/","url":"https:\/\/secure.gravatar.com\/avatar\/e1ee68e758cac208b2e5afa99bab2ebc9c971f628c4e810fe37ef98f59af2f71?s=96&d=mm&r=g","contentUrl":"https:\/\/secure.gravatar.com\/avatar\/e1ee68e758cac208b2e5afa99bab2ebc9c971f628c4e810fe37ef98f59af2f71?s=96&d=mm&r=g","caption":"Davi"},"url":"https:\/\/caleine.com\/de\/author\/davi\/"}]}},"_links":{"self":[{"href":"https:\/\/caleine.com\/de\/wp-json\/wp\/v2\/posts\/2379","targetHints":{"allow":["GET"]}}],"collection":[{"href":"https:\/\/caleine.com\/de\/wp-json\/wp\/v2\/posts"}],"about":[{"href":"https:\/\/caleine.com\/de\/wp-json\/wp\/v2\/types\/post"}],"author":[{"embeddable":true,"href":"https:\/\/caleine.com\/de\/wp-json\/wp\/v2\/users\/14"}],"replies":[{"embeddable":true,"href":"https:\/\/caleine.com\/de\/wp-json\/wp\/v2\/comments?post=2379"}],"version-history":[{"count":0,"href":"https:\/\/caleine.com\/de\/wp-json\/wp\/v2\/posts\/2379\/revisions"}],"wp:featuredmedia":[{"embeddable":true,"href":"https:\/\/caleine.com\/de\/wp-json\/wp\/v2\/media\/2378"}],"wp:attachment":[{"href":"https:\/\/caleine.com\/de\/wp-json\/wp\/v2\/media?parent=2379"}],"wp:term":[{"taxonomy":"category","embeddable":true,"href":"https:\/\/caleine.com\/de\/wp-json\/wp\/v2\/categories?post=2379"},{"taxonomy":"post_tag","embeddable":true,"href":"https:\/\/caleine.com\/de\/wp-json\/wp\/v2\/tags?post=2379"}],"curies":[{"name":"wp","href":"https:\/\/api.w.org\/{rel}","templated":true}]}}