{"id":2475,"date":"2026-01-10T17:01:51","date_gmt":"2026-01-10T20:01:51","guid":{"rendered":"https:\/\/caleine.com\/acordo-mercosul-uniao-europeia-beneficia-700-milhoes\/"},"modified":"2026-01-10T17:01:51","modified_gmt":"2026-01-10T20:01:51","slug":"acordo-mercosul-uniao-europeia-beneficia-700-milhoes","status":"publish","type":"post","link":"https:\/\/caleine.com\/de\/acordo-mercosul-uniao-europeia-beneficia-700-milhoes\/","title":{"rendered":"Acordo Mercosul Uni\u00e3o Europeia Beneficia 700 Milh\u00f5es"},"content":{"rendered":"<p><strong>O Acordo Mercosul<\/strong> entre a Uni\u00e3o Europeia e o Mercosul, embora j\u00e1 aprovado politicamente, entra agora em uma fase crucial de tramita\u00e7\u00e3o burocr\u00e1tica.<\/p>\n<p>Com a necessidade de aprova\u00e7\u00e3o por 15 pa\u00edses da UE, que representam cerca de 65% do bloco, o futuro desse pacto \u00e9 incerto.<\/p>\n<p>Este artigo explorar\u00e1 as implica\u00e7\u00f5es da integra\u00e7\u00e3o de dois grandes mercados consumidores, que beneficiar\u00e1 aproximadamente 700 milh\u00f5es de pessoas, e como isso poder\u00e1 impactar positivamente setores como o agroneg\u00f3cio, as exporta\u00e7\u00f5es brasileiras e o crescimento econ\u00f4mico do Brasil, al\u00e9m de discutir os desdobramentos diplom\u00e1ticos e jur\u00eddicos esperados.<\/p>\n<h2>Aprova\u00e7\u00e3o Pol\u00edtica e Fase Burocr\u00e1tica do Acordo UE-Mercosul<\/h2>\n<p>O acordo UE-Mercosul j\u00e1 superou a etapa pol\u00edtica, recebendo o aval das principais lideran\u00e7as.<\/p>\n<p>Agora, o foco volta-se para a <u>fase burocr\u00e1tica decisiva<\/u>, na qual a aprova\u00e7\u00e3o dos Estados-membros da Uni\u00e3o Europeia \u00e9 indispens\u00e1vel.<\/p>\n<p>Para avan\u00e7ar, o pacto depende da aprova\u00e7\u00e3o de <strong>15 na\u00e7\u00f5es europeias<\/strong>, equivalentes a <strong>65% da popula\u00e7\u00e3o do bloco<\/strong>.<\/p>\n<p>Esse procedimento \u00e9 vital para assegurar a ratifica\u00e7\u00e3o completa e a entrada em vigor do acordo, potencializando os benef\u00edcios para cerca de 700 milh\u00f5es de indiv\u00edduos.<\/p>\n<p>O texto acordado precisa ser submetido aos parlamentos nacionais dos pa\u00edses europeus, al\u00e9m do Parlamento Europeu, onde uma vota\u00e7\u00e3o por maioria simples \u00e9 requerida.<\/p>\n<p>N\u00e3o s\u00f3 isso, mas tamb\u00e9m \u00e9 necess\u00e1rio garantir que as assinaturas formais sejam feitas.<\/p>\n<p>Para mais detalhes, consulte a <a href=\"https:\/\/www.cnnbrasil.com.br\/economia\/macroeconomia\/veja-os-proximos-passos-do-acordo-mercosul-ue-ratificado-nesta-sexta-9\/\" alt=\"pr\u00f3ximos passos do acordo Mercosul-UE\">CNN Brasil<\/a>.<\/p>\n<p>O cumprimento dessas etapas assegura que o acordo chegue \u00e0 pr\u00e1tica, pautando-se por normas comerciais renovadas que prometem impulsionar o crescimento econ\u00f4mico no Brasil, ampliando suas exporta\u00e7\u00f5es e fomentando a gera\u00e7\u00e3o de empregos.<\/p>\n<h2>Integra\u00e7\u00e3o de Mercados e Benef\u00edcios do Pacto para 700 Milh\u00f5es de Consumidores<\/h2>\n<p>A integra\u00e7\u00e3o entre a Uni\u00e3o Europeia e o Mercosul resulta em benef\u00edcios significativos para cerca de <strong>700 milh\u00f5es de pessoas<\/strong>.<\/p>\n<p>Este acordo estrat\u00e9gico abre portas para consumidores e empresas, aumentando as oportunidades em diversos setores econ\u00f4micos.<\/p>\n<p>Ao reduzir tarifas e ampliar acesso a novos mercados, promove um fluxo comercial mais eficiente.<\/p>\n<p>Os setores contemplados incluem:<\/p>\n<ul>\n<li><strong>Agroneg\u00f3cio:<\/strong> O Brasil, por exemplo, poder\u00e1 expandir suas exporta\u00e7\u00f5es de carne, soja e caf\u00e9, favorecendo o crescimento econ\u00f4mico.<\/li>\n<li>Bebidas e vinhos: A partir de um acordo com foco na qualidade e diversidade de produtos, as exporta\u00e7\u00f5es de vinhos e bebidas europeias ganham impulso nos mercados sul-americanos.<\/li>\n<li>Chocolates: Os consumidores ter\u00e3o acesso a uma variedade de chocolates de alta qualidade, promovendo a troca cultural e comercial entre os pa\u00edses envolvidos.<\/li>\n<\/ul>\n<p>Com a elimina\u00e7\u00e3o gradativa de tarifas, empresas brasileiras como as do setor agroind\u00fastria podem aumentar sua competitividade internacional conforme observado em <a href=\"https:\/\/www.gov.br\/mdic\/pt-br\/assuntos\/noticias\/2024\/dezembro\/acordo-de-parceria-mercosul-uniao-europeia\" alt=\"Informa\u00e7\u00f5es governamentais sobre o acordo Mercosul-Uni\u00e3o Europeia\">M\u00eddia Oficial do Governo<\/a>.<\/p>\n<p>Essa parceria gera <u>benef\u00edcios diretos<\/u> na forma de empregos e inova\u00e7\u00e3o.<\/p>\n<p>O acordo ainda favorece a moderniza\u00e7\u00e3o produtiva, facilitando a entrada de produtos com alto valor agregado no mercado europeu, um cen\u00e1rio promissor para as ind\u00fastrias latino-americanas.<\/p>\n<h2>Impactos Econ\u00f4micos no Brasil: Exporta\u00e7\u00f5es, Empregos e PIB<\/h2>\n<p>O acordo entre a Uni\u00e3o Europeia e o Mercosul traz <u>oportunidades relevantes<\/u> para a economia brasileira.<\/p>\n<p>As exporta\u00e7\u00f5es para a UE podem aumentar significativamente, passando de 40 bilh\u00f5es de d\u00f3lares para 55 bilh\u00f5es.<\/p>\n<p>Segundo <a href=\"https:\/\/www.infomoney.com.br\/politica\/acordo-mercosul-ue-pode-elevar-pib-do-brasil-em-046-ate-2040-aponta-ipea\/\" alt=\"estimativas para exporta\u00e7\u00f5es e PIB com o acordo UE-Mercosul\">dados estimados<\/a>, isso resultar\u00e1 na cria\u00e7\u00e3o de mais de 1,2 milh\u00e3o de empregos.<\/p>\n<p>Tal aumento nas exporta\u00e7\u00f5es n\u00e3o apenas suporta a economia local, mas tamb\u00e9m aumenta a competitividade global.<\/p>\n<p>Cada 1 bilh\u00e3o de reais exportado para a UE potencialmente gera milhares de empregos, fortalecendo a <u>infraestrutura industrial do Brasil<\/u>.<\/p>\n<p>Assim, o crescimento do PIB poderia ser de 0,46% at\u00e9 2040, contribuindo para um cen\u00e1rio econ\u00f4mico mais robusto e menos dependente de mercados r\u00edgidos, como o chin\u00eas.<\/p>\n<p>Portanto, <u><strong>o acordo n\u00e3o \u00e9 s\u00f3 promissor, mas essencial para o desenvolvimento cont\u00ednuo do Brasil<\/strong><\/u>.<\/p>\n<table>\n<thead>\n<tr>\n<th>Indicador<\/th>\n<th>Cen\u00e1rio Atual<\/th>\n<th>P\u00f3s-Acordo<\/th>\n<\/tr>\n<\/thead>\n<tbody>\n<tr>\n<td>Exporta\u00e7\u00f5es p\/ UE (US$ bi)<\/td>\n<td>40<\/td>\n<td>55<\/td>\n<\/tr>\n<tr>\n<td>Empregos gerados<\/td>\n<td>\u2014<\/td>\n<td>+1,2 milh\u00e3o<\/td>\n<\/tr>\n<\/tbody>\n<\/table>\n<h2>Perspectivas Jur\u00eddicas e Diplom\u00e1ticas do Acordo<\/h2>\n<p>Os desdobramentos jur\u00eddicos e diplom\u00e1ticos do acordo UE-Mercosul s\u00e3o essenciais para definir seu sucesso.<\/p>\n<p><u>Quest\u00f5es ambientais continuam sens\u00edveis<\/u>, exigindo ajustes regulat\u00f3rios que garantam seguran\u00e7a jur\u00eddica.<\/p>\n<p>Conforme destacado pelo <a href=\"https:\/\/www.gov.br\/mre\/pt-br\/centrais-de-conteudo\/publicacoes\/declaracoes\/perguntas-e-respostas-acordo-de-parceria-mercosul-uniao-europeia\" alt=\"Acordo de Parceria MERCOSUL-Uni\u00e3o Europeia - Portal Gov.br\">Governo Brasileiro<\/a>, o desenvolvimento sustent\u00e1vel est\u00e1 no cerne das negocia\u00e7\u00f5es, mas enfrenta resist\u00eancia de grupos europeus preocupados com impactos ambientais.<\/p>\n<p><strong>Esses grupos frequentemente argumentam que as concess\u00f5es agr\u00edcolas feitas pelo Mercosul podem prejudicar os padr\u00f5es ambientais da UE<\/strong>.<\/p>\n<p>Enquanto isso, a ratifica\u00e7\u00e3o ainda depende da aprova\u00e7\u00e3o de parlamentos nacionais, onde diverg\u00eancias internas podem atrasar o processo.<\/p>\n<p>Em meio a essas dificuldades, <strong><u>as oportunidades comerciais se ampliam<\/u><\/strong>, prometendo crescimento econ\u00f4mico e a cria\u00e7\u00e3o de empregos.<\/p>\n<p>No entanto, para que tais benef\u00edcios se materializem, \u00e9 imprescind\u00edvel que os pa\u00edses envolvidos mantenham um di\u00e1logo diplom\u00e1tico cont\u00ednuo, assegurando que todos os aspectos cr\u00edticos sejam abordados de forma satisfat\u00f3ria.<\/p>\n<p><strong>Em suma<\/strong>, o Acordo Mercosul representa uma oportunidade significativa para o Brasil e a Uni\u00e3o Europeia, podendo transformar as rela\u00e7\u00f5es comerciais e impulsionar o desenvolvimento econ\u00f4mico.<\/p>\n<p>A expectativa agora \u00e9 que os tr\u00e2mites burocr\u00e1ticos avancem de forma favor\u00e1vel.<\/p>","protected":false},"excerpt":{"rendered":"<p>O Acordo Mercosul entre a Uni\u00e3o Europeia e o Mercosul, embora j\u00e1 aprovado politicamente, entra agora em uma fase crucial de tramita\u00e7\u00e3o burocr\u00e1tica. Com a necessidade de aprova\u00e7\u00e3o por 15 pa\u00edses da UE, que representam cerca de 65% do bloco, o futuro desse pacto \u00e9 incerto. Este artigo explorar\u00e1 as [&hellip;]<\/p>","protected":false},"author":14,"featured_media":2474,"comment_status":"open","ping_status":"open","sticky":false,"template":"","format":"standard","meta":{"footnotes":""},"categories":[739],"tags":[1961,1960,1959],"class_list":["post-2475","post","type-post","status-publish","format-standard","has-post-thumbnail","hentry","category-economia","tag-acordo-comercial","tag-mercosul","tag-uniao-europeia"],"yoast_head":"<!-- This site is optimized with the Yoast SEO plugin v24.5 - https:\/\/yoast.com\/wordpress\/plugins\/seo\/ -->\n<title>Acordo Mercosul Uni\u00e3o Europeia Beneficia 700 Milh\u00f5es -<\/title>\n<meta name=\"robots\" content=\"index, follow, max-snippet:-1, max-image-preview:large, max-video-preview:-1\" \/>\n<link rel=\"canonical\" href=\"https:\/\/caleine.com\/de\/acordo-mercosul-uniao-europeia-beneficia-700-milhoes\/\" \/>\n<meta property=\"og:locale\" content=\"de_DE\" \/>\n<meta property=\"og:type\" content=\"article\" \/>\n<meta property=\"og:title\" content=\"Acordo Mercosul Uni\u00e3o Europeia Beneficia 700 Milh\u00f5es -\" \/>\n<meta property=\"og:description\" content=\"O Acordo Mercosul entre a Uni\u00e3o Europeia e o Mercosul, embora j\u00e1 aprovado politicamente, entra agora em uma fase crucial de tramita\u00e7\u00e3o burocr\u00e1tica. Com a necessidade de aprova\u00e7\u00e3o por 15 pa\u00edses da UE, que representam cerca de 65% do bloco, o futuro desse pacto \u00e9 incerto. Este artigo explorar\u00e1 as [&hellip;]\" \/>\n<meta property=\"og:url\" content=\"https:\/\/caleine.com\/de\/acordo-mercosul-uniao-europeia-beneficia-700-milhoes\/\" \/>\n<meta property=\"article:published_time\" content=\"2026-01-10T20:01:51+00:00\" \/>\n<meta name=\"author\" content=\"Davi\" \/>\n<meta name=\"twitter:card\" content=\"summary_large_image\" \/>\n<meta name=\"twitter:label1\" content=\"Verfasst von\" \/>\n\t<meta name=\"twitter:data1\" content=\"Davi\" \/>\n\t<meta name=\"twitter:label2\" content=\"Gesch\u00e4tzte Lesezeit\" \/>\n\t<meta name=\"twitter:data2\" content=\"4\u00a0Minuten\" \/>\n<script type=\"application\/ld+json\" class=\"yoast-schema-graph\">{\"@context\":\"https:\/\/schema.org\",\"@graph\":[{\"@type\":\"WebPage\",\"@id\":\"https:\/\/caleine.com\/acordo-mercosul-uniao-europeia-beneficia-700-milhoes\/\",\"url\":\"https:\/\/caleine.com\/acordo-mercosul-uniao-europeia-beneficia-700-milhoes\/\",\"name\":\"Acordo Mercosul Uni\u00e3o Europeia Beneficia 700 Milh\u00f5es -\",\"isPartOf\":{\"@id\":\"https:\/\/caleine.com\/#website\"},\"primaryImageOfPage\":{\"@id\":\"https:\/\/caleine.com\/acordo-mercosul-uniao-europeia-beneficia-700-milhoes\/#primaryimage\"},\"image\":{\"@id\":\"https:\/\/caleine.com\/acordo-mercosul-uniao-europeia-beneficia-700-milhoes\/#primaryimage\"},\"thumbnailUrl\":\"https:\/\/caleine.com\/wp-content\/uploads\/2026\/01\/1768075295409.png\",\"datePublished\":\"2026-01-10T20:01:51+00:00\",\"author\":{\"@id\":\"https:\/\/caleine.com\/#\/schema\/person\/e822d0434de2761ae603436b42954961\"},\"breadcrumb\":{\"@id\":\"https:\/\/caleine.com\/acordo-mercosul-uniao-europeia-beneficia-700-milhoes\/#breadcrumb\"},\"inLanguage\":\"de\",\"potentialAction\":[{\"@type\":\"ReadAction\",\"target\":[\"https:\/\/caleine.com\/acordo-mercosul-uniao-europeia-beneficia-700-milhoes\/\"]}]},{\"@type\":\"ImageObject\",\"inLanguage\":\"de\",\"@id\":\"https:\/\/caleine.com\/acordo-mercosul-uniao-europeia-beneficia-700-milhoes\/#primaryimage\",\"url\":\"https:\/\/caleine.com\/wp-content\/uploads\/2026\/01\/1768075295409.png\",\"contentUrl\":\"https:\/\/caleine.com\/wp-content\/uploads\/2026\/01\/1768075295409.png\",\"width\":1024,\"height\":624,\"caption\":\"Acordo entre a Uni\u00e3o Europeia e Mercosul promete benef\u00edcios econ\u00f4micos e sociais para 700 milh\u00f5es de pessoas\"},{\"@type\":\"BreadcrumbList\",\"@id\":\"https:\/\/caleine.com\/acordo-mercosul-uniao-europeia-beneficia-700-milhoes\/#breadcrumb\",\"itemListElement\":[{\"@type\":\"ListItem\",\"position\":1,\"name\":\"In\u00edcio\",\"item\":\"https:\/\/caleine.com\/\"},{\"@type\":\"ListItem\",\"position\":2,\"name\":\"Acordo Mercosul Uni\u00e3o Europeia Beneficia 700 Milh\u00f5es\"}]},{\"@type\":\"WebSite\",\"@id\":\"https:\/\/caleine.com\/#website\",\"url\":\"https:\/\/caleine.com\/\",\"name\":\"\",\"description\":\"Caleine\",\"potentialAction\":[{\"@type\":\"SearchAction\",\"target\":{\"@type\":\"EntryPoint\",\"urlTemplate\":\"https:\/\/caleine.com\/?s={search_term_string}\"},\"query-input\":{\"@type\":\"PropertyValueSpecification\",\"valueRequired\":true,\"valueName\":\"search_term_string\"}}],\"inLanguage\":\"de\"},{\"@type\":\"Person\",\"@id\":\"https:\/\/caleine.com\/#\/schema\/person\/e822d0434de2761ae603436b42954961\",\"name\":\"Davi\",\"image\":{\"@type\":\"ImageObject\",\"inLanguage\":\"de\",\"@id\":\"https:\/\/caleine.com\/#\/schema\/person\/image\/\",\"url\":\"https:\/\/secure.gravatar.com\/avatar\/e1ee68e758cac208b2e5afa99bab2ebc9c971f628c4e810fe37ef98f59af2f71?s=96&d=mm&r=g\",\"contentUrl\":\"https:\/\/secure.gravatar.com\/avatar\/e1ee68e758cac208b2e5afa99bab2ebc9c971f628c4e810fe37ef98f59af2f71?s=96&d=mm&r=g\",\"caption\":\"Davi\"},\"url\":\"https:\/\/caleine.com\/de\/author\/davi\/\"}]}<\/script>\n<!-- \/ Yoast SEO plugin. -->","yoast_head_json":{"title":"Acordo Mercosul Uni\u00e3o Europeia Beneficia 700 Milh\u00f5es -","robots":{"index":"index","follow":"follow","max-snippet":"max-snippet:-1","max-image-preview":"max-image-preview:large","max-video-preview":"max-video-preview:-1"},"canonical":"https:\/\/caleine.com\/de\/acordo-mercosul-uniao-europeia-beneficia-700-milhoes\/","og_locale":"de_DE","og_type":"article","og_title":"Acordo Mercosul Uni\u00e3o Europeia Beneficia 700 Milh\u00f5es -","og_description":"O Acordo Mercosul entre a Uni\u00e3o Europeia e o Mercosul, embora j\u00e1 aprovado politicamente, entra agora em uma fase crucial de tramita\u00e7\u00e3o burocr\u00e1tica. Com a necessidade de aprova\u00e7\u00e3o por 15 pa\u00edses da UE, que representam cerca de 65% do bloco, o futuro desse pacto \u00e9 incerto. Este artigo explorar\u00e1 as [&hellip;]","og_url":"https:\/\/caleine.com\/de\/acordo-mercosul-uniao-europeia-beneficia-700-milhoes\/","article_published_time":"2026-01-10T20:01:51+00:00","author":"Davi","twitter_card":"summary_large_image","twitter_misc":{"Verfasst von":"Davi","Gesch\u00e4tzte Lesezeit":"4\u00a0Minuten"},"schema":{"@context":"https:\/\/schema.org","@graph":[{"@type":"WebPage","@id":"https:\/\/caleine.com\/acordo-mercosul-uniao-europeia-beneficia-700-milhoes\/","url":"https:\/\/caleine.com\/acordo-mercosul-uniao-europeia-beneficia-700-milhoes\/","name":"Acordo Mercosul Uni\u00e3o Europeia Beneficia 700 Milh\u00f5es -","isPartOf":{"@id":"https:\/\/caleine.com\/#website"},"primaryImageOfPage":{"@id":"https:\/\/caleine.com\/acordo-mercosul-uniao-europeia-beneficia-700-milhoes\/#primaryimage"},"image":{"@id":"https:\/\/caleine.com\/acordo-mercosul-uniao-europeia-beneficia-700-milhoes\/#primaryimage"},"thumbnailUrl":"https:\/\/caleine.com\/wp-content\/uploads\/2026\/01\/1768075295409.png","datePublished":"2026-01-10T20:01:51+00:00","author":{"@id":"https:\/\/caleine.com\/#\/schema\/person\/e822d0434de2761ae603436b42954961"},"breadcrumb":{"@id":"https:\/\/caleine.com\/acordo-mercosul-uniao-europeia-beneficia-700-milhoes\/#breadcrumb"},"inLanguage":"de","potentialAction":[{"@type":"ReadAction","target":["https:\/\/caleine.com\/acordo-mercosul-uniao-europeia-beneficia-700-milhoes\/"]}]},{"@type":"ImageObject","inLanguage":"de","@id":"https:\/\/caleine.com\/acordo-mercosul-uniao-europeia-beneficia-700-milhoes\/#primaryimage","url":"https:\/\/caleine.com\/wp-content\/uploads\/2026\/01\/1768075295409.png","contentUrl":"https:\/\/caleine.com\/wp-content\/uploads\/2026\/01\/1768075295409.png","width":1024,"height":624,"caption":"Acordo entre a Uni\u00e3o Europeia e Mercosul promete benef\u00edcios econ\u00f4micos e sociais para 700 milh\u00f5es de pessoas"},{"@type":"BreadcrumbList","@id":"https:\/\/caleine.com\/acordo-mercosul-uniao-europeia-beneficia-700-milhoes\/#breadcrumb","itemListElement":[{"@type":"ListItem","position":1,"name":"In\u00edcio","item":"https:\/\/caleine.com\/"},{"@type":"ListItem","position":2,"name":"Acordo Mercosul Uni\u00e3o Europeia Beneficia 700 Milh\u00f5es"}]},{"@type":"WebSite","@id":"https:\/\/caleine.com\/#website","url":"https:\/\/caleine.com\/","name":"","description":"Caleine","potentialAction":[{"@type":"SearchAction","target":{"@type":"EntryPoint","urlTemplate":"https:\/\/caleine.com\/?s={search_term_string}"},"query-input":{"@type":"PropertyValueSpecification","valueRequired":true,"valueName":"search_term_string"}}],"inLanguage":"de"},{"@type":"Person","@id":"https:\/\/caleine.com\/#\/schema\/person\/e822d0434de2761ae603436b42954961","name":"Davi","image":{"@type":"ImageObject","inLanguage":"de","@id":"https:\/\/caleine.com\/#\/schema\/person\/image\/","url":"https:\/\/secure.gravatar.com\/avatar\/e1ee68e758cac208b2e5afa99bab2ebc9c971f628c4e810fe37ef98f59af2f71?s=96&d=mm&r=g","contentUrl":"https:\/\/secure.gravatar.com\/avatar\/e1ee68e758cac208b2e5afa99bab2ebc9c971f628c4e810fe37ef98f59af2f71?s=96&d=mm&r=g","caption":"Davi"},"url":"https:\/\/caleine.com\/de\/author\/davi\/"}]}},"_links":{"self":[{"href":"https:\/\/caleine.com\/de\/wp-json\/wp\/v2\/posts\/2475","targetHints":{"allow":["GET"]}}],"collection":[{"href":"https:\/\/caleine.com\/de\/wp-json\/wp\/v2\/posts"}],"about":[{"href":"https:\/\/caleine.com\/de\/wp-json\/wp\/v2\/types\/post"}],"author":[{"embeddable":true,"href":"https:\/\/caleine.com\/de\/wp-json\/wp\/v2\/users\/14"}],"replies":[{"embeddable":true,"href":"https:\/\/caleine.com\/de\/wp-json\/wp\/v2\/comments?post=2475"}],"version-history":[{"count":0,"href":"https:\/\/caleine.com\/de\/wp-json\/wp\/v2\/posts\/2475\/revisions"}],"wp:featuredmedia":[{"embeddable":true,"href":"https:\/\/caleine.com\/de\/wp-json\/wp\/v2\/media\/2474"}],"wp:attachment":[{"href":"https:\/\/caleine.com\/de\/wp-json\/wp\/v2\/media?parent=2475"}],"wp:term":[{"taxonomy":"category","embeddable":true,"href":"https:\/\/caleine.com\/de\/wp-json\/wp\/v2\/categories?post=2475"},{"taxonomy":"post_tag","embeddable":true,"href":"https:\/\/caleine.com\/de\/wp-json\/wp\/v2\/tags?post=2475"}],"curies":[{"name":"wp","href":"https:\/\/api.w.org\/{rel}","templated":true}]}}