{"id":2494,"date":"2026-01-13T17:02:42","date_gmt":"2026-01-13T20:02:42","guid":{"rendered":"https:\/\/caleine.com\/sport-anuncia-contratacao-do-volante-ze-gabriel\/"},"modified":"2026-01-13T17:02:42","modified_gmt":"2026-01-13T20:02:42","slug":"sport-anuncia-contratacao-do-volante-ze-gabriel","status":"publish","type":"post","link":"https:\/\/caleine.com\/de\/sport-anuncia-contratacao-do-volante-ze-gabriel\/","title":{"rendered":"Sport Anuncia Contrata\u00e7\u00e3o do Volante Z\u00e9 Gabriel"},"content":{"rendered":"<p><strong>Z\u00e9 Gabriel<\/strong>, o novo volante do Sport Club do Recife, \u00e9 a mais recente adi\u00e7\u00e3o ao elenco da equipe.<\/p>\n<p>Neste artigo, exploraremos a trajet\u00f3ria do jogador, que passou por clubes como Internacional, Vasco, Crici\u00fama e Coritiba, antes de chegar ao futebol nordestino.<\/p>\n<p>Com um contrato que se estende at\u00e9 30 de novembro de 2026, Z\u00e9 Gabriel promete trazer dinamismo e for\u00e7a ao meio-campo do Sport.<\/p>\n<p>Al\u00e9m disso, abordaremos os detalhes sobre sua estreia e como ele se junta a outras contrata\u00e7\u00f5es para a temporada 2026.<\/p>\n<h2>Apresenta\u00e7\u00e3o do refor\u00e7o rubro-negro para 2026<\/h2>\n<p><strong>Z\u00e9 Gabriel<\/strong>, volante de 26 anos, \u00e9 o mais novo refor\u00e7o do Sport Club do Recife.<\/p>\n<p>Vindo diretamente do Portimonense, de Portugal, Z\u00e9 Gabriel chega para fortalecer o meio-campo rubro-negro.<\/p>\n<p>Com vasta experi\u00eancia internacional e passagens not\u00e1veis por clubes como Vasco, Crici\u00fama e Coritiba, o atleta promete trazer mais dinamismo e robustez \u00e0 equipe.<\/p>\n<p>Vale ressaltar que <strong>Z\u00e9 Gabriel<\/strong> foi revelado pelo Internacional, onde acumulou 60 partidas e se consolidou como um jogador promissor.<\/p>\n<p>Al\u00e9m de seu talento comprovado em campo, o atleta ainda representa a <u>segunda contrata\u00e7\u00e3o<\/u> do Sport para a temporada 2026. Antes dele, o clube j\u00e1 havia anunciado o atacante Marlon Douglas, evidenciando a estrat\u00e9gia do Sport em compor um elenco competitivo e de alta qualidade para os desafios futuros, come\u00e7ando j\u00e1 no Campeonato Pernambucano.<\/p>\n<p>A chegada de Z\u00e9 Gabriel refor\u00e7a esse compromisso do clube com o sucesso e o crescimento cont\u00ednuo.<\/p>\n<h2>Carreira do volante sergipano<\/h2>\n<p>Z\u00e9 Gabriel, natural de Carm\u00f3polis, Sergipe, tem uma trajet\u00f3ria not\u00e1vel no futebol brasileiro.<\/p>\n<p>Revelado pelo Internacional, ele participou de 60 partidas pelo clube antes de passar por equipes como Vasco, Crici\u00fama e Coritiba.<\/p>\n<p>Agora, o volante se prepara para sua primeira experi\u00eancia no Nordeste, defendendo as cores do Sport Club do Recife.<\/p>\n<h2>Clubes onde atuou<\/h2>\n<p>Z\u00e9 Gabriel, um jogador vers\u00e1til e talentoso, construiu sua carreira passando por diversos clubes importantes.<\/p>\n<p>Ele come\u00e7ou sua trajet\u00f3ria no <strong><a href=\"https:\/\/www.transfermarkt.com.br\/ze-gabriel\/profil\/spieler\/670968\" alt=\"Perfil de Z\u00e9 Gabriel no Internacional\">Internacional<\/a><\/strong>, onde teve a oportunidade de se destacar e ganhar experi\u00eancia na arena do futebol brasileiro.<\/p>\n<p>Posteriormente, ele se transferiu para o <strong><a href=\"https:\/\/www.transfermarkt.com.br\/ze-gabriel\/profil\/spieler\/670968\" alt=\"Perfil de Z\u00e9 Gabriel no Vasco\">Vasco<\/a><\/strong>, onde continuou a refinar suas habilidades.<\/p>\n<p>Ap\u00f3s isso, seguiu para o <strong><a href=\"https:\/\/www.transfermarkt.com.br\/ze-gabriel\/profil\/spieler\/670968\" alt=\"Perfil de Z\u00e9 Gabriel no Crici\u00fama\">Crici\u00fama<\/a><\/strong>, contribuindo significativamente para a equipe.<\/p>\n<p>Sua jornada tamb\u00e9m o levou ao <strong><a href=\"https:\/\/www.transfermarkt.com.br\/ze-gabriel\/profil\/spieler\/670968\" alt=\"Perfil de Z\u00e9 Gabriel no Coritiba\">Coritiba<\/a><\/strong> antes de finalmente jogar pelo <strong><a href=\"https:\/\/www.transfermarkt.com.br\/ze-gabriel\/profil\/spieler\/670968\" alt=\"Perfil de Z\u00e9 Gabriel no Portimonense\">Portimonense<\/a><\/strong>, onde agregou experi\u00eancia internacional ao seu curr\u00edculo.<\/p>\n<p>Este percurso destaca a evolu\u00e7\u00e3o e a adaptabilidade de Z\u00e9 Gabriel em diferentes contextos e desafios do futebol.<\/p>\n<h2>Contrato com o Sport e estreia no Pernambucano<\/h2>\n<p>O volante <u><strong>Z\u00e9 Gabriel<\/strong><\/u> oficializou seu contrato com o <a href=\"https:\/\/www.sportrecife.com.br\/sport-recife\/ze-gabriel-e-o-novo-reforco-do-sport\/\" alt=\"Sport Recife Official News\">Sport Club do Recife<\/a> e atuar\u00e1 pelo clube at\u00e9 30 de novembro de 2026. Essa contrata\u00e7\u00e3o \u00e9 vista como parte essencial do planejamento estrat\u00e9gico do Sport para 2026, refor\u00e7ando o meio-campo com a experi\u00eancia de Z\u00e9 Gabriel, que, al\u00e9m de j\u00e1 ter atuado em importantes clubes no Brasil, como Vasco e Internacional, possui tamb\u00e9m passagens internacionais pelo Portimonense de Portugal.<\/p>\n<p>A expectativa pela estreia de Z\u00e9 Gabriel \u00e9 alta e, para facilitar a compreens\u00e3o dos detalhes mais importantes sobre sua contrata\u00e7\u00e3o, segue uma tabela:<\/p>\n<table>\n<thead>\n<tr>\n<th>Item<\/th>\n<th>Informa\u00e7\u00e3o<\/th>\n<\/tr>\n<\/thead>\n<tbody>\n<tr>\n<td>Contrato<\/td>\n<td>At\u00e9 30\/11\/2026<\/td>\n<\/tr>\n<tr>\n<td>Estreia<\/td>\n<td>10\/01\/2026 contra o Jaguar<\/td>\n<\/tr>\n<\/tbody>\n<\/table>\n<p><u><strong>A estreia<\/strong><\/u> oficial do atleta ser\u00e1 em <u><strong>10 de janeiro de 2026<\/strong><\/u>, quando o Sport enfrentar\u00e1 o Jaguar pelo Campeonato Pernambucano.<\/p>\n<p><strong>Z\u00e9 Gabriel<\/strong> representa uma aposta importante para o Sport Club do Recife em 2026. Sua experi\u00eancia e habilidade podem ser fundamentais para o desempenho da equipe no Campeonato Pernambucano.<\/p>","protected":false},"excerpt":{"rendered":"<p>Z\u00e9 Gabriel, o novo volante do Sport Club do Recife, \u00e9 a mais recente adi\u00e7\u00e3o ao elenco da equipe. Neste artigo, exploraremos a trajet\u00f3ria do jogador, que passou por clubes como Internacional, Vasco, Crici\u00fama e Coritiba, antes de chegar ao futebol nordestino. Com um contrato que se estende at\u00e9 30 [&hellip;]<\/p>","protected":false},"author":13,"featured_media":2492,"comment_status":"open","ping_status":"open","sticky":false,"template":"","format":"standard","meta":{"footnotes":""},"categories":[738],"tags":[909,2086,2087],"class_list":["post-2494","post","type-post","status-publish","format-standard","has-post-thumbnail","hentry","category-esporte","tag-contratacao","tag-volante","tag-ze-gabriel"],"yoast_head":"<!-- This site is optimized with the Yoast SEO plugin v24.5 - https:\/\/yoast.com\/wordpress\/plugins\/seo\/ -->\n<title>Sport Anuncia Contrata\u00e7\u00e3o do Volante Z\u00e9 Gabriel -<\/title>\n<meta name=\"robots\" content=\"index, follow, max-snippet:-1, max-image-preview:large, max-video-preview:-1\" \/>\n<link rel=\"canonical\" href=\"https:\/\/caleine.com\/de\/sport-anuncia-contratacao-do-volante-ze-gabriel\/\" \/>\n<meta property=\"og:locale\" content=\"de_DE\" \/>\n<meta property=\"og:type\" content=\"article\" \/>\n<meta property=\"og:title\" content=\"Sport Anuncia Contrata\u00e7\u00e3o do Volante Z\u00e9 Gabriel -\" \/>\n<meta property=\"og:description\" content=\"Z\u00e9 Gabriel, o novo volante do Sport Club do Recife, \u00e9 a mais recente adi\u00e7\u00e3o ao elenco da equipe. Neste artigo, exploraremos a trajet\u00f3ria do jogador, que passou por clubes como Internacional, Vasco, Crici\u00fama e Coritiba, antes de chegar ao futebol nordestino. Com um contrato que se estende at\u00e9 30 [&hellip;]\" \/>\n<meta property=\"og:url\" content=\"https:\/\/caleine.com\/de\/sport-anuncia-contratacao-do-volante-ze-gabriel\/\" \/>\n<meta property=\"article:published_time\" content=\"2026-01-13T20:02:42+00:00\" \/>\n<meta name=\"author\" content=\"Andre\" \/>\n<meta name=\"twitter:card\" content=\"summary_large_image\" \/>\n<meta name=\"twitter:label1\" content=\"Verfasst von\" \/>\n\t<meta name=\"twitter:data1\" content=\"Andre\" \/>\n\t<meta name=\"twitter:label2\" content=\"Gesch\u00e4tzte Lesezeit\" \/>\n\t<meta name=\"twitter:data2\" content=\"3\u00a0Minuten\" \/>\n<script type=\"application\/ld+json\" class=\"yoast-schema-graph\">{\"@context\":\"https:\/\/schema.org\",\"@graph\":[{\"@type\":\"WebPage\",\"@id\":\"https:\/\/caleine.com\/sport-anuncia-contratacao-do-volante-ze-gabriel\/\",\"url\":\"https:\/\/caleine.com\/sport-anuncia-contratacao-do-volante-ze-gabriel\/\",\"name\":\"Sport Anuncia Contrata\u00e7\u00e3o do Volante Z\u00e9 Gabriel -\",\"isPartOf\":{\"@id\":\"https:\/\/caleine.com\/#website\"},\"primaryImageOfPage\":{\"@id\":\"https:\/\/caleine.com\/sport-anuncia-contratacao-do-volante-ze-gabriel\/#primaryimage\"},\"image\":{\"@id\":\"https:\/\/caleine.com\/sport-anuncia-contratacao-do-volante-ze-gabriel\/#primaryimage\"},\"thumbnailUrl\":\"https:\/\/caleine.com\/wp-content\/uploads\/2026\/01\/1768334524334.png\",\"datePublished\":\"2026-01-13T20:02:42+00:00\",\"author\":{\"@id\":\"https:\/\/caleine.com\/#\/schema\/person\/3b0a162aeb9e0f8d47750f10c1587d48\"},\"breadcrumb\":{\"@id\":\"https:\/\/caleine.com\/sport-anuncia-contratacao-do-volante-ze-gabriel\/#breadcrumb\"},\"inLanguage\":\"de\",\"potentialAction\":[{\"@type\":\"ReadAction\",\"target\":[\"https:\/\/caleine.com\/sport-anuncia-contratacao-do-volante-ze-gabriel\/\"]}]},{\"@type\":\"ImageObject\",\"inLanguage\":\"de\",\"@id\":\"https:\/\/caleine.com\/sport-anuncia-contratacao-do-volante-ze-gabriel\/#primaryimage\",\"url\":\"https:\/\/caleine.com\/wp-content\/uploads\/2026\/01\/1768334524334.png\",\"contentUrl\":\"https:\/\/caleine.com\/wp-content\/uploads\/2026\/01\/1768334524334.png\",\"width\":1024,\"height\":624,\"caption\":\"Z\u00e9 Gabriel, volante do Sport Club do Recife, em a\u00e7\u00e3o no campo.\"},{\"@type\":\"BreadcrumbList\",\"@id\":\"https:\/\/caleine.com\/sport-anuncia-contratacao-do-volante-ze-gabriel\/#breadcrumb\",\"itemListElement\":[{\"@type\":\"ListItem\",\"position\":1,\"name\":\"In\u00edcio\",\"item\":\"https:\/\/caleine.com\/\"},{\"@type\":\"ListItem\",\"position\":2,\"name\":\"Sport Anuncia Contrata\u00e7\u00e3o do Volante Z\u00e9 Gabriel\"}]},{\"@type\":\"WebSite\",\"@id\":\"https:\/\/caleine.com\/#website\",\"url\":\"https:\/\/caleine.com\/\",\"name\":\"\",\"description\":\"Caleine\",\"potentialAction\":[{\"@type\":\"SearchAction\",\"target\":{\"@type\":\"EntryPoint\",\"urlTemplate\":\"https:\/\/caleine.com\/?s={search_term_string}\"},\"query-input\":{\"@type\":\"PropertyValueSpecification\",\"valueRequired\":true,\"valueName\":\"search_term_string\"}}],\"inLanguage\":\"de\"},{\"@type\":\"Person\",\"@id\":\"https:\/\/caleine.com\/#\/schema\/person\/3b0a162aeb9e0f8d47750f10c1587d48\",\"name\":\"Andre\",\"image\":{\"@type\":\"ImageObject\",\"inLanguage\":\"de\",\"@id\":\"https:\/\/caleine.com\/#\/schema\/person\/image\/\",\"url\":\"https:\/\/secure.gravatar.com\/avatar\/631490c4d2811d45d5ab65f57e75e5cdca7c252f1eb8dd5b4eb4a7818d1dfaf6?s=96&d=mm&r=g\",\"contentUrl\":\"https:\/\/secure.gravatar.com\/avatar\/631490c4d2811d45d5ab65f57e75e5cdca7c252f1eb8dd5b4eb4a7818d1dfaf6?s=96&d=mm&r=g\",\"caption\":\"Andre\"},\"url\":\"https:\/\/caleine.com\/de\/author\/andre\/\"}]}<\/script>\n<!-- \/ Yoast SEO plugin. -->","yoast_head_json":{"title":"Sport Anuncia Contrata\u00e7\u00e3o do Volante Z\u00e9 Gabriel -","robots":{"index":"index","follow":"follow","max-snippet":"max-snippet:-1","max-image-preview":"max-image-preview:large","max-video-preview":"max-video-preview:-1"},"canonical":"https:\/\/caleine.com\/de\/sport-anuncia-contratacao-do-volante-ze-gabriel\/","og_locale":"de_DE","og_type":"article","og_title":"Sport Anuncia Contrata\u00e7\u00e3o do Volante Z\u00e9 Gabriel -","og_description":"Z\u00e9 Gabriel, o novo volante do Sport Club do Recife, \u00e9 a mais recente adi\u00e7\u00e3o ao elenco da equipe. Neste artigo, exploraremos a trajet\u00f3ria do jogador, que passou por clubes como Internacional, Vasco, Crici\u00fama e Coritiba, antes de chegar ao futebol nordestino. Com um contrato que se estende at\u00e9 30 [&hellip;]","og_url":"https:\/\/caleine.com\/de\/sport-anuncia-contratacao-do-volante-ze-gabriel\/","article_published_time":"2026-01-13T20:02:42+00:00","author":"Andre","twitter_card":"summary_large_image","twitter_misc":{"Verfasst von":"Andre","Gesch\u00e4tzte Lesezeit":"3\u00a0Minuten"},"schema":{"@context":"https:\/\/schema.org","@graph":[{"@type":"WebPage","@id":"https:\/\/caleine.com\/sport-anuncia-contratacao-do-volante-ze-gabriel\/","url":"https:\/\/caleine.com\/sport-anuncia-contratacao-do-volante-ze-gabriel\/","name":"Sport Anuncia Contrata\u00e7\u00e3o do Volante Z\u00e9 Gabriel -","isPartOf":{"@id":"https:\/\/caleine.com\/#website"},"primaryImageOfPage":{"@id":"https:\/\/caleine.com\/sport-anuncia-contratacao-do-volante-ze-gabriel\/#primaryimage"},"image":{"@id":"https:\/\/caleine.com\/sport-anuncia-contratacao-do-volante-ze-gabriel\/#primaryimage"},"thumbnailUrl":"https:\/\/caleine.com\/wp-content\/uploads\/2026\/01\/1768334524334.png","datePublished":"2026-01-13T20:02:42+00:00","author":{"@id":"https:\/\/caleine.com\/#\/schema\/person\/3b0a162aeb9e0f8d47750f10c1587d48"},"breadcrumb":{"@id":"https:\/\/caleine.com\/sport-anuncia-contratacao-do-volante-ze-gabriel\/#breadcrumb"},"inLanguage":"de","potentialAction":[{"@type":"ReadAction","target":["https:\/\/caleine.com\/sport-anuncia-contratacao-do-volante-ze-gabriel\/"]}]},{"@type":"ImageObject","inLanguage":"de","@id":"https:\/\/caleine.com\/sport-anuncia-contratacao-do-volante-ze-gabriel\/#primaryimage","url":"https:\/\/caleine.com\/wp-content\/uploads\/2026\/01\/1768334524334.png","contentUrl":"https:\/\/caleine.com\/wp-content\/uploads\/2026\/01\/1768334524334.png","width":1024,"height":624,"caption":"Z\u00e9 Gabriel, volante do Sport Club do Recife, em a\u00e7\u00e3o no campo."},{"@type":"BreadcrumbList","@id":"https:\/\/caleine.com\/sport-anuncia-contratacao-do-volante-ze-gabriel\/#breadcrumb","itemListElement":[{"@type":"ListItem","position":1,"name":"In\u00edcio","item":"https:\/\/caleine.com\/"},{"@type":"ListItem","position":2,"name":"Sport Anuncia Contrata\u00e7\u00e3o do Volante Z\u00e9 Gabriel"}]},{"@type":"WebSite","@id":"https:\/\/caleine.com\/#website","url":"https:\/\/caleine.com\/","name":"","description":"Caleine","potentialAction":[{"@type":"SearchAction","target":{"@type":"EntryPoint","urlTemplate":"https:\/\/caleine.com\/?s={search_term_string}"},"query-input":{"@type":"PropertyValueSpecification","valueRequired":true,"valueName":"search_term_string"}}],"inLanguage":"de"},{"@type":"Person","@id":"https:\/\/caleine.com\/#\/schema\/person\/3b0a162aeb9e0f8d47750f10c1587d48","name":"Andre","image":{"@type":"ImageObject","inLanguage":"de","@id":"https:\/\/caleine.com\/#\/schema\/person\/image\/","url":"https:\/\/secure.gravatar.com\/avatar\/631490c4d2811d45d5ab65f57e75e5cdca7c252f1eb8dd5b4eb4a7818d1dfaf6?s=96&d=mm&r=g","contentUrl":"https:\/\/secure.gravatar.com\/avatar\/631490c4d2811d45d5ab65f57e75e5cdca7c252f1eb8dd5b4eb4a7818d1dfaf6?s=96&d=mm&r=g","caption":"Andre"},"url":"https:\/\/caleine.com\/de\/author\/andre\/"}]}},"_links":{"self":[{"href":"https:\/\/caleine.com\/de\/wp-json\/wp\/v2\/posts\/2494","targetHints":{"allow":["GET"]}}],"collection":[{"href":"https:\/\/caleine.com\/de\/wp-json\/wp\/v2\/posts"}],"about":[{"href":"https:\/\/caleine.com\/de\/wp-json\/wp\/v2\/types\/post"}],"author":[{"embeddable":true,"href":"https:\/\/caleine.com\/de\/wp-json\/wp\/v2\/users\/13"}],"replies":[{"embeddable":true,"href":"https:\/\/caleine.com\/de\/wp-json\/wp\/v2\/comments?post=2494"}],"version-history":[{"count":0,"href":"https:\/\/caleine.com\/de\/wp-json\/wp\/v2\/posts\/2494\/revisions"}],"wp:featuredmedia":[{"embeddable":true,"href":"https:\/\/caleine.com\/de\/wp-json\/wp\/v2\/media\/2492"}],"wp:attachment":[{"href":"https:\/\/caleine.com\/de\/wp-json\/wp\/v2\/media?parent=2494"}],"wp:term":[{"taxonomy":"category","embeddable":true,"href":"https:\/\/caleine.com\/de\/wp-json\/wp\/v2\/categories?post=2494"},{"taxonomy":"post_tag","embeddable":true,"href":"https:\/\/caleine.com\/de\/wp-json\/wp\/v2\/tags?post=2494"}],"curies":[{"name":"wp","href":"https:\/\/api.w.org\/{rel}","templated":true}]}}