{"id":2307,"date":"2025-12-12T17:03:25","date_gmt":"2025-12-12T20:03:25","guid":{"rendered":"https:\/\/caleine.com\/caos-aereo-causado-por-ciclone-interrompe-voos\/"},"modified":"2025-12-12T17:03:25","modified_gmt":"2025-12-12T20:03:25","slug":"caos-aereo-causado-por-ciclone-interrompe-voos","status":"publish","type":"post","link":"https:\/\/caleine.com\/en\/caos-aereo-causado-por-ciclone-interrompe-voos\/","title":{"rendered":"Caos A\u00e9reo Causado Por Ciclone Interrompe Voos"},"content":{"rendered":"<p><strong>Caos A\u00e9reo<\/strong> em S\u00e3o Paulo, resultado de um ciclone devastador, impactou significativamente o Aeroporto de Congonhas, levando ao cancelamento de 117 voos em um \u00fanico dia.<\/p>\n<p>Neste artigo, abordaremos a gravidade da situa\u00e7\u00e3o, as medidas adotadas pelas companhias a\u00e9reas e o impacto nas vidas dos passageiros, que enfrentam longas esperas e incertezas em meio a regulamentos de seguran\u00e7a que complicam ainda mais a situa\u00e7\u00e3o.<\/p>\n<p>Analisaremos tamb\u00e9m as alternativas de transporte oferecidas e como a alta temporada agrava a desorganiza\u00e7\u00e3o da malha a\u00e9rea.<\/p>\n<h2>Ciclone e impacto imediato em Congonhas<\/h2>\n<p>Um poderoso ciclone atingiu o estado de S\u00e3o Paulo, resultando em um cen\u00e1rio ca\u00f3tico no Aeroporto de Congonhas.<\/p>\n<p>Em apenas um dia, o ciclone causou o<strong> cancelamento de 117 voos<\/strong>, afetando diretamente operadoras e passageiros.<\/p>\n<p>Os ventos, que ultrapassaram <strong>90 km\/h<\/strong>, foram respons\u00e1veis pela interrup\u00e7\u00e3o das opera\u00e7\u00f5es a\u00e9reas, destacando a vulnerabilidade do sistema em condi\u00e7\u00f5es clim\u00e1ticas extremas.<\/p>\n<p>As rajadas de vento demonstraram uma for\u00e7a impressionante, levando \u00e0 suspens\u00e3o imediata de diversas atividades no aeroporto e impactando milhares de pessoas.<\/p>\n<p>A desorganiza\u00e7\u00e3o da malha a\u00e9rea foi intensificada pelas <u>restri\u00e7\u00f5es de seguran\u00e7a nas horas de trabalho das tripula\u00e7\u00f5es<\/u>, complicando significativamente a reacomoda\u00e7\u00e3o de passageiros.<\/p>\n<p>Companhias a\u00e9reas adotaram medidas emergenciais como viagens de \u00f4nibus e flexibiliza\u00e7\u00e3o das pol\u00edticas de remarca\u00e7\u00e3o e reembolso.<\/p>\n<p>Contudo, a atmosfera de incerteza e ansiedade persistiu entre os passageiros, que enfrentaram longas esperas e incertezas quanto aos pr\u00f3ximos passos.<\/p>\n<p><a href=\"https:\/\/g1.globo.com\/sp\/sao-paulo\/noticia\/2025\/12\/10\/aeroporto-de-congonhas-tem-mais-de-100-voos-cancelados-apos-rajadas-de-vento-de-963-kmh-em-sp.ghtml\" alt=\"Mais sobre os cancelamentos em Congonhas\">Os cancelamentos no Aeroporto de Congonhas<\/a> enfatizaram a <strong>import\u00e2ncia da seguran\u00e7a<\/strong> em opera\u00e7\u00f5es aeroportu\u00e1rias, mesmo em circunst\u00e2ncias adversas.<\/p>\n<h2>Suspens\u00e3o de vendas e prioridade aos passageiros retidos<\/h2>\n<p>O Aeroporto de Congonhas em S\u00e3o Paulo enfrenta grandes desafios ap\u00f3s a passagem de um ciclone que causou ventos de mais de 90 km\/h, resultando no cancelamento de 117 voos em um \u00fanico dia.<\/p>\n<p>Essa situa\u00e7\u00e3o <strong>for\u00e7ou as companhias a\u00e9reas a suspenderem temporariamente a venda de novas passagens<\/strong>, a fim de priorizar os passageiros j\u00e1 retidos no aeroporto.<\/p>\n<p>Espera-se que apenas a partir de segunda-feira a situa\u00e7\u00e3o se normalize.<\/p>\n<p>Para minimizar o impacto sobre os consumidores, as companhias adotaram medidas essenciais como:<\/p>\n<ul>\n<li><strong>Retomar a ordem de embarque dos passageiros j\u00e1 afetados<\/strong><\/li>\n<li><strong>Oferecer alternativas de transporte terrestre, como viagens de \u00f4nibus<\/strong>, para destinos pr\u00f3ximos<\/li>\n<li>Flexibilizar <u><strong>remarca\u00e7\u00f5es e reembolsos<\/strong><\/u> para os afetados<\/li>\n<\/ul>\n<p>Al\u00e9m disso, a desorganiza\u00e7\u00e3o intensifica-se devido aos regulamentos de seguran\u00e7a que limitam as horas de trabalho das tripula\u00e7\u00f5es, complicando ainda mais a reacomoda\u00e7\u00e3o dos passageiros.<\/p>\n<p>Saiba mais sobre as decis\u00f5es tomadas pelas companhias no site oficial <a href=\"https:\/\/encircuito.com.br\/gol-suspende-vendas-ate-segunda-entenda-como-efeito-domino-do-ciclone-baguncou-a-aviacao-e-paralisou-congonhas\/\" alt=\"Gol suspende vendas ap\u00f3s ciclone\">da Gol<\/a>.<\/p>\n<p>Assim, os passageiros enfrentam longas esperas e incertezas diariamente.<\/p>\n<h2>Limita\u00e7\u00f5es de jornada das tripula\u00e7\u00f5es e desorganiza\u00e7\u00e3o da malha a\u00e9rea<\/h2>\n<p>O <u><strong>limite legal de horas de trabalho<\/strong><\/u> das tripula\u00e7\u00f5es de voo \u00e9 um fator crucial que, embora voltado \u00e0 seguran\u00e7a, pode agravar a desorganiza\u00e7\u00e3o da malha a\u00e9rea, especialmente em situa\u00e7\u00f5es adversas como o caos a\u00e9reo em S\u00e3o Paulo.<\/p>\n<p>Quando um ciclone com ventos superiores a 90 km\/h levou ao cancelamento de 117 voos no Aeroporto de Congonhas, a desorganiza\u00e7\u00e3o foi acentuada pelas restri\u00e7\u00f5es de jornada dos tripulantes.<\/p>\n<p>Esses regulamentos determinam n\u00e3o apenas o tempo m\u00e1ximo de voo permitido, mas tamb\u00e9m exigem per\u00edodos adequados de repouso, como evidenciado em relat\u00f3rios de fiscaliza\u00e7\u00f5es anteriores sobre condi\u00e7\u00f5es de trabalho excedentes em companhias a\u00e9reas <a href=\"https:\/\/g1.globo.com\/sp\/campinas-regiao\/noticia\/2025\/09\/16\/mte-aponta-excesso-de-jornada-e-repouso-insuficiente-em-tripulacao-da-voepass-dias-antes-da-tragedia-fadiga-traz-reflexos-nefastos.ghtml\" alt=\"Trabalhos excessivos na Voepass\">Trabalhos excessivos na Voepass<\/a>.<\/p>\n<p>Isso significa que, quando um voo \u00e9 cancelado, a reacomoda\u00e7\u00e3o dos passageiros se torna um desafio devido \u00e0 disponibilidade limitada de tripula\u00e7\u00f5es descansadas para operar avi\u00f5es.<\/p>\n<p>Assim, o <u>impacto imediato recai sobre os passageiros<\/u> que enfrentam longas esperas e incertezas, com atrasos frequentes.<\/p>\n<p>Al\u00e9m de adicionar complexidade \u00e0 log\u00edstica das companhias a\u00e9reas, essas regras aumentam a press\u00e3o para ado\u00e7\u00e3o de alternativas como viagens de \u00f4nibus e pol\u00edticas de remarca\u00e7\u00f5es mais flex\u00edveis.<\/p>\n<p>As limita\u00e7\u00f5es legais, portanto, s\u00e3o um componente importante que precisa de considera\u00e7\u00e3o equilibrada para atenuar os efeitos adversos na experi\u00eancia dos passageiros.<\/p>\n<h2>Alta temporada exacerba a crise nos aeroportos paulistas<\/h2>\n<p>O in\u00edcio da alta temporada exacerbou de forma significativa a crise que j\u00e1 afeta os aeroportos paulistas devido ao <u>ciclone extratropical<\/u> que atingiu a regi\u00e3o.<\/p>\n<p>A velocidade dos ventos chegou a 98 km\/h, resultando no cancelamento de mais de <strong>100 voos apenas em um \u00fanico dia<\/strong> no Aeroporto de Congonhas, segundo informa\u00e7\u00f5es da <a href=\"https:\/\/g1.globo.com\/sp\/sao-paulo\/noticia\/2025\/12\/12\/entenda-por-que-o-caos-aereo-em-sp-provocado-por-vendaval-historico-afeta-o-pais-todo.ghtml\" alt=\"G1 Globo sobre o caos a\u00e9reo em S\u00e3o Paulo\">G1 Globo<\/a>.<\/p>\n<p>Em um per\u00edodo onde o volume de passageiros j\u00e1 \u00e9 naturalmente maior, a situa\u00e7\u00e3o se agrava para os viajantes que enfrentam longas filas, altera\u00e7\u00f5es de itiner\u00e1rio e incertezas acerca de suas viagens.<\/p>\n<p>A desorganiza\u00e7\u00e3o da malha a\u00e9rea n\u00e3o s\u00f3 afeta S\u00e3o Paulo, mas provoca um <u><strong>efeito cascata em todo o pa\u00eds<\/strong><\/u>, com relatos de atrasos e cancelamentos tamb\u00e9m em outros estados, conforme destacado na mat\u00e9ria da <a href=\"https:\/\/noticias.uol.com.br\/ultimas-noticias\/agencia-estado\/2025\/12\/11\/efeito-cascata-vendaval-historico-em-sp-afeta-voos-em-ao-menos-cinco-aeroportos-pelo-brasil.htm\" alt=\"Not\u00edcias UOL\">Not\u00edcias UOL<\/a>.<\/p>\n<p>As restri\u00e7\u00f5es de seguran\u00e7a que limitam as horas de trabalho das tripula\u00e7\u00f5es complicam ainda mais a reacomoda\u00e7\u00e3o dos passageiros, pois aeroportos operam no limite de sua capacidade, sem margem para absorver as interrup\u00e7\u00f5es causadas por eventos clim\u00e1ticos extremos ou um aumento r\u00e1pido no n\u00famero de passageiros durante a alta temporada.<\/p>\n<h2>Solu\u00e7\u00f5es emergenciais e assist\u00eancia ao passageiro<\/h2>\n<p>Diante da crise enfrentada no setor a\u00e9reo em S\u00e3o Paulo, as companhias a\u00e9reas est\u00e3o adotando solu\u00e7\u00f5es emergenciais para garantir a assist\u00eancia aos passageiros afetados.<\/p>\n<p>Uma das alternativas oferecidas \u00e9 o transporte rodovi\u00e1rio, que visa facilitar a mobilidade dos viajantes que n\u00e3o conseguem mais embarcar em seus voos.<\/p>\n<p>Al\u00e9m disso, as empresas est\u00e3o implementando pol\u00edticas de remarca\u00e7\u00e3o e reembolso mais flex\u00edveis, buscando minimizar os impactos das longas esperas e incertezas enfrentadas pelos passageiros.<\/p>\n<h2>Alternativas de transporte oferecidas pelas companhias<\/h2>\n<p>A crise a\u00e9rea em S\u00e3o Paulo devido ao ciclone despertou a necessidade de alternativas eficientes para a mobilidade dos passageiros retidos.<\/p>\n<p><u><strong>A principal solu\u00e7\u00e3o encontrada pelas companhias a\u00e9reas tem sido a oferta de viagens de \u00f4nibus<\/strong><\/u>.<\/p>\n<p>Isso assegura que os passageiros cheguem a seus destinos mesmo diante do caos nos aeroportos.<\/p>\n<p>Com v\u00e1rias empresas a\u00e9reas, como a <a href=\"https:\/\/www.latam.com\/pt_br\/\" alt=\"LATAM - Site Oficial\">LATAM<\/a>, adotando essa pr\u00e1tica, os viajantes t\u00eam encontrado recursos eficazes para minimizar os transtornos.<\/p>\n<p>Outras solu\u00e7\u00f5es incluem a flexibiliza\u00e7\u00e3o nas pol\u00edticas de remarca\u00e7\u00e3o e reembolso, permitindo aos passageiros maior autonomia nas decis\u00f5es relacionadas \u00e0s suas viagens.<\/p>\n<p>A <a href=\"https:\/\/www.aeroin.net\/\" alt=\"AEROIN - Not\u00edcias da Avia\u00e7\u00e3o\">monitoria governamental<\/a> ajuda a garantir a implementa\u00e7\u00e3o dessas medidas, proporcionando uma assist\u00eancia adequada aos passageiros enquanto aguardam o normalizar das opera\u00e7\u00f5es a\u00e9reas.<\/p>\n<p>Essas medidas demonstram a aten\u00e7\u00e3o das companhias para com seus clientes, garantindo que, mesmo em per\u00edodos desafiadores, existam meios alternativos eficientes para atender \u00e0s suas necessidades de locomo\u00e7\u00e3o.<\/p>\n<h2>Flexibiliza\u00e7\u00e3o de remarca\u00e7\u00f5es e reembolsos<\/h2>\n<p>Durante o caos a\u00e9reo em Congonhas, as companhias a\u00e9reas adotaram <strong>medidas de flexibiliza\u00e7\u00e3o<\/strong> para remarca\u00e7\u00f5es e reembolsos.<\/p>\n<p>Para atender \u00e0 alta demanda e minimizar transtornos, muitas ofereceram op\u00e7\u00f5es mais flex\u00edveis, como a possibilidade de remarcar voos sem custo adicional ou receber reembolso integral.<\/p>\n<p>Ao comparar as pr\u00e1ticas das principais companhias, nota-se que algumas permitem a remarca\u00e7\u00e3o gratuita por at\u00e9 30 dias, enquanto outras oferecem cr\u00e9dito para futuras compras por at\u00e9 um ano.<\/p>\n<p>Segundo o <a href=\"https:\/\/timesbrasil.com.br\/empresas-e-negocios\/transporte\/direito-dos-passageiros-voos-cancelados-sao-paulo\/\" alt=\"Direitos dos passageiros em voos cancelados\">portal de direitos dos passageiros<\/a>, empresas como a Azul proporcionam remarca\u00e7\u00e3o sem multa, visando manter o compromisso com os clientes.<\/p>\n<table>\n<thead>\n<tr>\n<th><strong>Tipo de Flexibiliza\u00e7\u00e3o<\/strong><\/th>\n<th><strong>Per\u00edodo<\/strong><\/th>\n<th><u><strong>Custo<\/strong><\/u><\/th>\n<\/tr>\n<\/thead>\n<tbody>\n<tr>\n<td><strong>Remarca\u00e7\u00e3o sem multa<\/strong><\/td>\n<td>30 dias<\/td>\n<td><u>Gratuita<\/u><\/td>\n<\/tr>\n<tr>\n<td><strong>Cr\u00e9dito para futuras compras<\/strong><\/td>\n<td><u>1 ano<\/u><\/td>\n<td><u>Gratuita<\/u><\/td>\n<\/tr>\n<tr>\n<td><strong>Reembolso integral<\/strong><\/td>\n<td>Imediato<\/td>\n<td><u>Gratuita<\/u><\/td>\n<\/tr>\n<\/tbody>\n<\/table>\n<p><strong>Em resumo<\/strong>, o caos a\u00e9reo em S\u00e3o Paulo evidencia a fragilidade do sistema de transporte a\u00e9reo, especialmente em momentos de crise.<\/p>\n<p>As medidas adotadas pelas companhias a\u00e9reas para aliviar a situa\u00e7\u00e3o s\u00e3o um passo importante, mas os passageiros continuam a enfrentar desafios significativos.<\/p>","protected":false},"excerpt":{"rendered":"<p>Caos A\u00e9reo em S\u00e3o Paulo, resultado de um ciclone devastador, impactou significativamente o Aeroporto de Congonhas, levando ao cancelamento de 117 voos em um \u00fanico dia. Neste artigo, abordaremos a gravidade da situa\u00e7\u00e3o, as medidas adotadas pelas companhias a\u00e9reas e o impacto nas vidas dos passageiros, que enfrentam longas esperas [&hellip;]<\/p>","protected":false},"author":15,"featured_media":2305,"comment_status":"open","ping_status":"open","sticky":false,"template":"","format":"standard","meta":{"footnotes":""},"categories":[740],"tags":[1898,1900,1899],"class_list":["post-2307","post","type-post","status-publish","format-standard","has-post-thumbnail","hentry","category-tecnologia","tag-cancelamento-de-voos","tag-ciclone","tag-ventos-fortes"],"yoast_head":"<!-- This site is optimized with the Yoast SEO plugin v24.5 - https:\/\/yoast.com\/wordpress\/plugins\/seo\/ -->\n<title>Caos A\u00e9reo Causado Por Ciclone Interrompe Voos -<\/title>\n<meta name=\"robots\" content=\"index, follow, max-snippet:-1, max-image-preview:large, max-video-preview:-1\" \/>\n<link rel=\"canonical\" href=\"https:\/\/caleine.com\/en\/caos-aereo-causado-por-ciclone-interrompe-voos\/\" \/>\n<meta property=\"og:locale\" content=\"en_US\" \/>\n<meta property=\"og:type\" content=\"article\" \/>\n<meta property=\"og:title\" content=\"Caos A\u00e9reo Causado Por Ciclone Interrompe Voos -\" \/>\n<meta property=\"og:description\" content=\"Caos A\u00e9reo em S\u00e3o Paulo, resultado de um ciclone devastador, impactou significativamente o Aeroporto de Congonhas, levando ao cancelamento de 117 voos em um \u00fanico dia. Neste artigo, abordaremos a gravidade da situa\u00e7\u00e3o, as medidas adotadas pelas companhias a\u00e9reas e o impacto nas vidas dos passageiros, que enfrentam longas esperas [&hellip;]\" \/>\n<meta property=\"og:url\" content=\"https:\/\/caleine.com\/en\/caos-aereo-causado-por-ciclone-interrompe-voos\/\" \/>\n<meta property=\"article:published_time\" content=\"2025-12-12T20:03:25+00:00\" \/>\n<meta name=\"author\" content=\"Pamela\" \/>\n<meta name=\"twitter:card\" content=\"summary_large_image\" \/>\n<meta name=\"twitter:label1\" content=\"Written by\" \/>\n\t<meta name=\"twitter:data1\" content=\"Pamela\" \/>\n\t<meta name=\"twitter:label2\" content=\"Est. reading time\" \/>\n\t<meta name=\"twitter:data2\" content=\"7 minutes\" \/>\n<script type=\"application\/ld+json\" class=\"yoast-schema-graph\">{\"@context\":\"https:\/\/schema.org\",\"@graph\":[{\"@type\":\"WebPage\",\"@id\":\"https:\/\/caleine.com\/caos-aereo-causado-por-ciclone-interrompe-voos\/\",\"url\":\"https:\/\/caleine.com\/caos-aereo-causado-por-ciclone-interrompe-voos\/\",\"name\":\"Caos A\u00e9reo Causado Por Ciclone Interrompe Voos -\",\"isPartOf\":{\"@id\":\"https:\/\/caleine.com\/#website\"},\"primaryImageOfPage\":{\"@id\":\"https:\/\/caleine.com\/caos-aereo-causado-por-ciclone-interrompe-voos\/#primaryimage\"},\"image\":{\"@id\":\"https:\/\/caleine.com\/caos-aereo-causado-por-ciclone-interrompe-voos\/#primaryimage\"},\"thumbnailUrl\":\"https:\/\/caleine.com\/wp-content\/uploads\/2025\/12\/1765569798066.png\",\"datePublished\":\"2025-12-12T20:03:25+00:00\",\"author\":{\"@id\":\"https:\/\/caleine.com\/#\/schema\/person\/02e0b7103ab5c054b64b5ba1bdb0e388\"},\"breadcrumb\":{\"@id\":\"https:\/\/caleine.com\/caos-aereo-causado-por-ciclone-interrompe-voos\/#breadcrumb\"},\"inLanguage\":\"en-US\",\"potentialAction\":[{\"@type\":\"ReadAction\",\"target\":[\"https:\/\/caleine.com\/caos-aereo-causado-por-ciclone-interrompe-voos\/\"]}]},{\"@type\":\"ImageObject\",\"inLanguage\":\"en-US\",\"@id\":\"https:\/\/caleine.com\/caos-aereo-causado-por-ciclone-interrompe-voos\/#primaryimage\",\"url\":\"https:\/\/caleine.com\/wp-content\/uploads\/2025\/12\/1765569798066.png\",\"contentUrl\":\"https:\/\/caleine.com\/wp-content\/uploads\/2025\/12\/1765569798066.png\",\"width\":1024,\"height\":624,\"caption\":\"Imagem que ilustra o caos a\u00e9reo causado por um ciclone em um aeroporto, com passageiros esperando e voos cancelados.\"},{\"@type\":\"BreadcrumbList\",\"@id\":\"https:\/\/caleine.com\/caos-aereo-causado-por-ciclone-interrompe-voos\/#breadcrumb\",\"itemListElement\":[{\"@type\":\"ListItem\",\"position\":1,\"name\":\"In\u00edcio\",\"item\":\"https:\/\/caleine.com\/\"},{\"@type\":\"ListItem\",\"position\":2,\"name\":\"Caos A\u00e9reo Causado Por Ciclone Interrompe Voos\"}]},{\"@type\":\"WebSite\",\"@id\":\"https:\/\/caleine.com\/#website\",\"url\":\"https:\/\/caleine.com\/\",\"name\":\"\",\"description\":\"Caleine\",\"potentialAction\":[{\"@type\":\"SearchAction\",\"target\":{\"@type\":\"EntryPoint\",\"urlTemplate\":\"https:\/\/caleine.com\/?s={search_term_string}\"},\"query-input\":{\"@type\":\"PropertyValueSpecification\",\"valueRequired\":true,\"valueName\":\"search_term_string\"}}],\"inLanguage\":\"en-US\"},{\"@type\":\"Person\",\"@id\":\"https:\/\/caleine.com\/#\/schema\/person\/02e0b7103ab5c054b64b5ba1bdb0e388\",\"name\":\"Pamela\",\"image\":{\"@type\":\"ImageObject\",\"inLanguage\":\"en-US\",\"@id\":\"https:\/\/caleine.com\/#\/schema\/person\/image\/\",\"url\":\"https:\/\/secure.gravatar.com\/avatar\/3bc21d259a37a7f822a2533ecfa54d7ce7894de858a27df7765f0efeca5acef3?s=96&d=mm&r=g\",\"contentUrl\":\"https:\/\/secure.gravatar.com\/avatar\/3bc21d259a37a7f822a2533ecfa54d7ce7894de858a27df7765f0efeca5acef3?s=96&d=mm&r=g\",\"caption\":\"Pamela\"},\"url\":\"https:\/\/caleine.com\/en\/author\/pamela\/\"}]}<\/script>\n<!-- \/ Yoast SEO plugin. -->","yoast_head_json":{"title":"Caos A\u00e9reo Causado Por Ciclone Interrompe Voos -","robots":{"index":"index","follow":"follow","max-snippet":"max-snippet:-1","max-image-preview":"max-image-preview:large","max-video-preview":"max-video-preview:-1"},"canonical":"https:\/\/caleine.com\/en\/caos-aereo-causado-por-ciclone-interrompe-voos\/","og_locale":"en_US","og_type":"article","og_title":"Caos A\u00e9reo Causado Por Ciclone Interrompe Voos -","og_description":"Caos A\u00e9reo em S\u00e3o Paulo, resultado de um ciclone devastador, impactou significativamente o Aeroporto de Congonhas, levando ao cancelamento de 117 voos em um \u00fanico dia. Neste artigo, abordaremos a gravidade da situa\u00e7\u00e3o, as medidas adotadas pelas companhias a\u00e9reas e o impacto nas vidas dos passageiros, que enfrentam longas esperas [&hellip;]","og_url":"https:\/\/caleine.com\/en\/caos-aereo-causado-por-ciclone-interrompe-voos\/","article_published_time":"2025-12-12T20:03:25+00:00","author":"Pamela","twitter_card":"summary_large_image","twitter_misc":{"Written by":"Pamela","Est. reading time":"7 minutes"},"schema":{"@context":"https:\/\/schema.org","@graph":[{"@type":"WebPage","@id":"https:\/\/caleine.com\/caos-aereo-causado-por-ciclone-interrompe-voos\/","url":"https:\/\/caleine.com\/caos-aereo-causado-por-ciclone-interrompe-voos\/","name":"Caos A\u00e9reo Causado Por Ciclone Interrompe Voos -","isPartOf":{"@id":"https:\/\/caleine.com\/#website"},"primaryImageOfPage":{"@id":"https:\/\/caleine.com\/caos-aereo-causado-por-ciclone-interrompe-voos\/#primaryimage"},"image":{"@id":"https:\/\/caleine.com\/caos-aereo-causado-por-ciclone-interrompe-voos\/#primaryimage"},"thumbnailUrl":"https:\/\/caleine.com\/wp-content\/uploads\/2025\/12\/1765569798066.png","datePublished":"2025-12-12T20:03:25+00:00","author":{"@id":"https:\/\/caleine.com\/#\/schema\/person\/02e0b7103ab5c054b64b5ba1bdb0e388"},"breadcrumb":{"@id":"https:\/\/caleine.com\/caos-aereo-causado-por-ciclone-interrompe-voos\/#breadcrumb"},"inLanguage":"en-US","potentialAction":[{"@type":"ReadAction","target":["https:\/\/caleine.com\/caos-aereo-causado-por-ciclone-interrompe-voos\/"]}]},{"@type":"ImageObject","inLanguage":"en-US","@id":"https:\/\/caleine.com\/caos-aereo-causado-por-ciclone-interrompe-voos\/#primaryimage","url":"https:\/\/caleine.com\/wp-content\/uploads\/2025\/12\/1765569798066.png","contentUrl":"https:\/\/caleine.com\/wp-content\/uploads\/2025\/12\/1765569798066.png","width":1024,"height":624,"caption":"Imagem que ilustra o caos a\u00e9reo causado por um ciclone em um aeroporto, com passageiros esperando e voos cancelados."},{"@type":"BreadcrumbList","@id":"https:\/\/caleine.com\/caos-aereo-causado-por-ciclone-interrompe-voos\/#breadcrumb","itemListElement":[{"@type":"ListItem","position":1,"name":"In\u00edcio","item":"https:\/\/caleine.com\/"},{"@type":"ListItem","position":2,"name":"Caos A\u00e9reo Causado Por Ciclone Interrompe Voos"}]},{"@type":"WebSite","@id":"https:\/\/caleine.com\/#website","url":"https:\/\/caleine.com\/","name":"","description":"Caleine","potentialAction":[{"@type":"SearchAction","target":{"@type":"EntryPoint","urlTemplate":"https:\/\/caleine.com\/?s={search_term_string}"},"query-input":{"@type":"PropertyValueSpecification","valueRequired":true,"valueName":"search_term_string"}}],"inLanguage":"en-US"},{"@type":"Person","@id":"https:\/\/caleine.com\/#\/schema\/person\/02e0b7103ab5c054b64b5ba1bdb0e388","name":"Pamela","image":{"@type":"ImageObject","inLanguage":"en-US","@id":"https:\/\/caleine.com\/#\/schema\/person\/image\/","url":"https:\/\/secure.gravatar.com\/avatar\/3bc21d259a37a7f822a2533ecfa54d7ce7894de858a27df7765f0efeca5acef3?s=96&d=mm&r=g","contentUrl":"https:\/\/secure.gravatar.com\/avatar\/3bc21d259a37a7f822a2533ecfa54d7ce7894de858a27df7765f0efeca5acef3?s=96&d=mm&r=g","caption":"Pamela"},"url":"https:\/\/caleine.com\/en\/author\/pamela\/"}]}},"_links":{"self":[{"href":"https:\/\/caleine.com\/en\/wp-json\/wp\/v2\/posts\/2307","targetHints":{"allow":["GET"]}}],"collection":[{"href":"https:\/\/caleine.com\/en\/wp-json\/wp\/v2\/posts"}],"about":[{"href":"https:\/\/caleine.com\/en\/wp-json\/wp\/v2\/types\/post"}],"author":[{"embeddable":true,"href":"https:\/\/caleine.com\/en\/wp-json\/wp\/v2\/users\/15"}],"replies":[{"embeddable":true,"href":"https:\/\/caleine.com\/en\/wp-json\/wp\/v2\/comments?post=2307"}],"version-history":[{"count":0,"href":"https:\/\/caleine.com\/en\/wp-json\/wp\/v2\/posts\/2307\/revisions"}],"wp:featuredmedia":[{"embeddable":true,"href":"https:\/\/caleine.com\/en\/wp-json\/wp\/v2\/media\/2305"}],"wp:attachment":[{"href":"https:\/\/caleine.com\/en\/wp-json\/wp\/v2\/media?parent=2307"}],"wp:term":[{"taxonomy":"category","embeddable":true,"href":"https:\/\/caleine.com\/en\/wp-json\/wp\/v2\/categories?post=2307"},{"taxonomy":"post_tag","embeddable":true,"href":"https:\/\/caleine.com\/en\/wp-json\/wp\/v2\/tags?post=2307"}],"curies":[{"name":"wp","href":"https:\/\/api.w.org\/{rel}","templated":true}]}}