{"id":1266,"date":"2025-07-07T17:08:33","date_gmt":"2025-07-07T20:08:33","guid":{"rendered":"https:\/\/caleine.com\/desafios-na-formacao-de-talentos-no-brasil\/"},"modified":"2025-07-07T17:08:33","modified_gmt":"2025-07-07T20:08:33","slug":"desafios-na-formacao-de-talentos-no-brasil","status":"publish","type":"post","link":"https:\/\/caleine.com\/en_gb\/desafios-na-formacao-de-talentos-no-brasil\/","title":{"rendered":"Desafios na Forma\u00e7\u00e3o de Talentos no Brasil"},"content":{"rendered":"<p><strong>A Forma\u00e7\u00e3o de Talentos<\/strong> no futebol brasileiro \u00e9 um tema de grande relev\u00e2ncia, especialmente quando analisamos a Copa do Mundo de Clubes.<\/p>\n<p>Neste artigo, exploraremos como a disparidade f\u00edsica entre jogadores europeus e brasileiros tem diminu\u00eddo, mas ainda existem desafios significativos que comprometem o desenvolvimento de jovens atletas no Brasil.<\/p>\n<p>Quest\u00f5es sociais, falta de acompanhamento nutricional e a busca precoce por oportunidades em clubes europeus s\u00e3o alguns dos obst\u00e1culos que precisam ser superados.<\/p>\n<p>Tamb\u00e9m discutiremos o desempenho de clubes como Flamengo e Palmeiras, que mostram m\u00e9tricas competitivas, mas que enfrentam desafios na forma\u00e7\u00e3o de sua base.<\/p>\n<h2>Equil\u00edbrio F\u00edsico Evidenciado na Copa do Mundo de Clubes<\/h2>\n<p>A <a href=\"https:\/\/oglobo.globo.com\/esportes\/mundial-de-clubes\/noticia\/2025\/07\/07\/copa-do-mundo-de-clubes-disparidade-fisica-entre-europeus-e-brasileiros-diminui.ghtml%E2%80%9D\" alt=\"Copa do Mundo de Clubes\">Copa do Mundo de Clubes<\/a> tem revelado um fato significativo: a disparidade f\u00edsica entre jogadores brasileiros e europeus est\u00e1 diminuindo.<\/p>\n<p>As <strong>m\u00e9tricas-chave<\/strong>, como <strong>dist\u00e2ncia percorrida<\/strong> It is <strong>acelera\u00e7\u00f5es acima de 7 m\/s\u00b2<\/strong>, tornaram-se mais equilibradas, evidenciando a evolu\u00e7\u00e3o f\u00edsica dos atletas brasileiros.<\/p>\n<p>Essa mudan\u00e7a apresenta implica\u00e7\u00f5es profundas para o futebol nacional, pois permite que os clubes brasileiros possam competir de igual para igual com os gigantes europeus.<\/p>\n<p>Al\u00e9m disso, a crescente <strong>equidade f\u00edsica<\/strong> inspira estrat\u00e9gias de forma\u00e7\u00e3o mais robustas e integradas, como acompanhamento nutricional e interven\u00e7\u00f5es precoces para maximizar o potencial dos jovens atletas.<\/p>\n<p>Todavia, ainda h\u00e1 desafios a serem superados, incluindo a necessidade de suporte nutricional adequado.<\/p>\n<p>Assim, embora avan\u00e7os tenham sido alcan\u00e7ados, \u00e9 essencial continuar aprimorando a forma\u00e7\u00e3o de talentos para garantir que o Brasil permane\u00e7a competitivo no cen\u00e1rio internacional.<\/p>\n<p>Esse equil\u00edbrio abre novas oportunidades para o futebol nacional, permitindo uma competi\u00e7\u00e3o mais justa e igualit\u00e1ria nas principais competi\u00e7\u00f5es mundiais.<\/p>\n<h2>Obst\u00e1culos Sociais e Nutricionais na Forma\u00e7\u00e3o de Talentos<\/h2>\n<p>A forma\u00e7\u00e3o de talentos no futebol brasileiro enfrenta desafios significativos devido a obst\u00e1culos socioecon\u00f4micos e a uma <u><strong>defici\u00eancia no suporte nutricional<\/strong><\/u> aos jovens jogadores.<\/p>\n<p>As condi\u00e7\u00f5es sociais prec\u00e1rias em que muitos atletas brasileiros crescem afetam diretamente sua evolu\u00e7\u00e3o esportiva.<\/p>\n<p>Jovens oriundos de fam\u00edlias de baixa renda t\u00eam acesso limitado a recursos essenciais como alimenta\u00e7\u00e3o adequada, cuidados de sa\u00fade e infraestrutura esportiva.<\/p>\n<p>Segundo um estudo da <a href=\"https:\/\/www.asbran.org.br\/noticias\/800\/jogadores-de-futebol-tem-deficiencias-na-alimentacao\" alt=\"Pesquisa da ASBRAN sobre Nutri\u00e7\u00e3o de Jogadores de Futebol\">ASBRAN<\/a>, muitos jogadores ainda apresentam defici\u00eancias nutricionais que comprometem sua sa\u00fade e desempenho no campo.<\/p>\n<p>Al\u00e9m disso, a falta de acompanhamento nutricional especializado agrava ainda mais essa situa\u00e7\u00e3o.<\/p>\n<p>Muitos atletas carecem de orienta\u00e7\u00e3o sobre dietas balanceadas que maximizem seu desenvolvimento f\u00edsico e potencial atl\u00e9tico.<\/p>\n<p>A aus\u00eancia de interven\u00e7\u00f5es nutricionais precoces pode resultar na perda do desenvolvimento m\u00e1ximo em idades mais avan\u00e7adas, prejudicando suas carreiras profissionais.<\/p>\n<p>Especialistas afirmam que um suporte nutricional adequado, aliado a melhores condi\u00e7\u00f5es sociais, poderia proporcionar uma s\u00f3lida base para a forma\u00e7\u00e3o de jovens talentos no futebol brasileiro.<\/p>\n<p>Destacar e solucionar essas quest\u00f5es s\u00e3o passos fundamentais para garantir um futuro mais promissor para o esporte no Brasil.<\/p>\n<h2>Impacto da Sa\u00edda Precoce para Clubes Europeus na Forma\u00e7\u00e3o Brasileira<\/h2>\n<p>A transfer\u00eancia precoce de jovens jogadores brasileiros para clubes europeus fragiliza o processo formativo nacional de forma significativa.<\/p>\n<p>Um dos principais impactos est\u00e1 na <strong>perda de refer\u00eancias t\u00e9cnicas<\/strong> nos clubes de base no Brasil.<\/p>\n<p>Muitos jovens talentos, ao migrarem cedo, deixam um v\u00e1cuo que compromete a qualidade dos treinamentos e o desenvolvimento de outros jogadores.<\/p>\n<p>Ademais, h\u00e1 uma <u><strong>redu\u00e7\u00e3o de competitividade interna<\/strong><\/u>, pois a sa\u00edda de promessas diminui o n\u00edvel das competi\u00e7\u00f5es nacionais de base, afetando a prepara\u00e7\u00e3o de novos atletas.<\/p>\n<p>A busca por <a href=\"https:\/\/www.researchgate.net\/publication\/323221663_COMERCIO_INTERNACIONAL_DE_JOGADORES_BRASILEIROS_DE_FUTEBOL\" alt=\"pesquisa sobre com\u00e9rcio internacional de jogadores brasileiros\">estabilidade social e financeira<\/a> leva os jovens a optarem pela internacionaliza\u00e7\u00e3o, resultando em uma forma\u00e7\u00e3o t\u00e9cnica incompleta.<\/p>\n<p>As dificuldades na nutri\u00e7\u00e3o adequada e no acompanhamento multidisciplinar tornam-se evidentes, ampliando as barreiras no desenvolvimento pleno das capacidades dos jogadores restantes.<\/p>\n<p>Esses fatores contribuem para o <strong>enfraquecimento<\/strong> do pr\u00f3prio futebol brasileiro, que se v\u00ea privado de formar e reter seus talentos nativos.<\/p>\n<h2>Estruturas de Base Deficientes e Necessidade de Interven\u00e7\u00f5es Precoces<\/h2>\n<p>As defici\u00eancias de infraestrutura e de suporte nas categorias de base do futebol brasileiro representam um grande entrave \u00e0 forma\u00e7\u00e3o adequada de atletas jovens.<\/p>\n<p>Sem estruturas f\u00edsicas funcionais e acompanhamento nutricional especializado, muitos talentos potencialmente promissores acabam se perdendo ao longo do caminho.<\/p>\n<p>A falta de instala\u00e7\u00f5es apropriadas para treinamento e atendimento m\u00e9dico especializado agrava a situa\u00e7\u00e3o, expondo os jovens a riscos desnecess\u00e1rios e comprometendo seu desenvolvimento.<\/p>\n<p>Al\u00e9m disso, a aus\u00eancia de apoio nutricional adequado pode prejudicar o rendimento f\u00edsico desses jovens atletas, j\u00e1 que a alimenta\u00e7\u00e3o balanceada \u00e9 fundamental para um atleta em crescimento.<\/p>\n<p>Para ilustrar, podemos citar exemplos das principais car\u00eancias encontradas:<\/p>\n<ul>\n<li><strong>Campos de treinamento inadequados<\/strong><\/li>\n<li><strong>Falta de equipamentos m\u00e9dicos<\/strong><\/li>\n<li><strong>Acompanhamento nutricional inexistente<\/strong><\/li>\n<\/ul>\n<p><u>\u00c9 crucial a introdu\u00e7\u00e3o de interven\u00e7\u00f5es precoces<\/u>, tanto no aspecto estrutural quanto no acompanhamento dos jovens, garantindo que eles recebam a aten\u00e7\u00e3o necess\u00e1ria para prosperar e alcan\u00e7ar seu m\u00e1ximo potencial no esporte.<\/p>\n<h2>An\u00e1lise das M\u00e9tricas Competitivas de Flamengo e Palmeiras<\/h2>\n<p>Durante a Copa do Mundo de Clubes, as m\u00e9tricas f\u00edsicas dos jogadores do Flamengo e Palmeiras apresentaram uma diminui\u00e7\u00e3o na diferen\u00e7a f\u00edsica comparando com os europeus, conforme destacado em <a href=\"https:\/\/oglobo.globo.com\/esportes\/mundial-de-clubes\/noticia\/2025\/07\/07\/copa-do-mundo-de-clubes-disparidade-fisica-entre-europeus-e-brasileiros-diminui.ghtml\" alt=\"Not\u00edcia sobre diminui\u00e7\u00e3o da disparidade f\u00edsica\"><\/a>.<\/p>\n<p>Esse equil\u00edbrio \u00e9 relevante pois influencia diretamente a <strong>competitividade dos elencos<\/strong>.<\/p>\n<p>Podemos observar dados como os do Flamengo, que cobriu maior dist\u00e2ncia no campo, <a href=\"https:\/\/www.cnnbrasil.com.br\/esportes\/futebol\/jornal-frances-compara-palmeiras-e-flamengo-a-nice-e-rennes-entenda\/\" alt=\"Compara\u00e7\u00e3o entre times brasileiros e europeus\">mostrando que est\u00e1 em p\u00e9 de igualdade f\u00edsica<\/a>.<\/p>\n<p>Abaixo, apresento uma tabela comparativa:<\/br><\/p>\n<table>\n<thead>\n<tr>\n<th>M\u00e9trica<\/th>\n<th>Valor m\u00e9dio<\/th>\n<\/tr>\n<\/thead>\n<tbody>\n<tr>\n<td><strong>Velocidade m\u00e1xima<\/strong><\/td>\n<td>34,7 km\/h<\/td>\n<\/tr>\n<tr>\n<td><strong>Dist\u00e2ncia coberta<\/strong><\/td>\n<td>106,2 km<\/td>\n<\/tr>\n<\/tbody>\n<\/table>\n<p>Essas m\u00e9tricas destacam que, apesar dos desafios nos fatores de forma\u00e7\u00e3o e estrutura base, Flamengo e Palmeiras est\u00e3o conseguindo melhorar seu desempenho f\u00edsico, demonstrando <u>relev\u00e2ncia<\/u> na disputa internacional.<\/p>\n<h2>Aprimoramento Cont\u00ednuo na Forma\u00e7\u00e3o para Potencializar Jovens Talentos<\/h2>\n<p>A urg\u00eancia em aprimorar o processo de forma\u00e7\u00e3o de jogadores no Brasil n\u00e3o pode ser subestimada.<\/p>\n<p>A maximiza\u00e7\u00e3o do potencial dos atletas at\u00e9 a fase adulta depende de estrat\u00e9gias bem definidas que abordem n\u00e3o apenas o desenvolvimento f\u00edsico, mas tamb\u00e9m aspectos sociais e nutricionais.<\/p>\n<p>A disparidade f\u00edsica entre jogadores europeus e brasileiros diminuiu conforme observado na Copa do Mundo de Clubes, por\u00e9m ainda existem barreiras significativas na prepara\u00e7\u00e3o de talentos no Brasil, como a busca precoce por clubes europeus e a aus\u00eancia de estruturas adequadas.<\/p>\n<ul>\n<li><u><strong>Implementar interven\u00e7\u00f5es precoces com acompanhamento nutricional<\/strong><\/u> para garantir o desenvolvimento adequado dos jovens atletas, evitando a perda de potencial ao longo dos anos.<\/li>\n<li><u><strong>Fortalecer o suporte nas categorias de base<\/strong><\/u> por meio de investimentos em infraestrutura e pessoal capacitado, essencial para o crescimento integral dos jogadores.<\/li>\n<li><u><strong>Incentivar a forma\u00e7\u00e3o continuada de treinadores e coordenadores<\/strong><\/u> para estarem preparados a identificar e promover talentos de forma mais assertiva <a href=\"https:\/\/foothub.com.br\/site\/desafios-e-estrategias-para-a-formacao\/\" alt=\"Desafios e estrat\u00e9gias para a forma\u00e7\u00e3o de jogadores - FootHub\">como enfatizado na FootHub<\/a>.<\/li>\n<\/ul>\n<p>Essas a\u00e7\u00f5es s\u00e3o fundamentais para evitar que valiosos talentos se percam antes mesmo de alcan\u00e7arem seu \u00e1pice nos campos.<\/p>\n<p>Os clubes brasileiros, como Flamengo e Palmeiras, j\u00e1 demonstraram m\u00e9tricas competitivas, mas \u00e9 preciso ir al\u00e9m e focar na base para que novos talentos possam florescer plenamente.<\/p>\n<p><strong>Em suma<\/strong>, a Forma\u00e7\u00e3o de Talentos no Brasil enfrenta diversos desafios que exigem aten\u00e7\u00e3o e melhorias.<\/p>\n<p>Para garantir que o potencial m\u00e1ximo desses jovens atletas n\u00e3o se perca, \u00e9 essencial investir em estruturas adequadas e suporte nutricional.<\/p>","protected":false},"excerpt":{"rendered":"<p>A Forma\u00e7\u00e3o de Talentos no futebol brasileiro \u00e9 um tema de grande relev\u00e2ncia, especialmente quando analisamos a Copa do Mundo de Clubes. Neste artigo, exploraremos como a disparidade f\u00edsica entre jogadores europeus e brasileiros tem diminu\u00eddo, mas ainda existem desafios significativos que comprometem o desenvolvimento de jovens atletas no Brasil. [&hellip;]<\/p>","protected":false},"author":13,"featured_media":1264,"comment_status":"open","ping_status":"open","sticky":false,"template":"","format":"standard","meta":{"footnotes":""},"categories":[738],"tags":[786,859,858],"class_list":["post-1266","post","type-post","status-publish","format-standard","has-post-thumbnail","hentry","category-esporte","tag-copa-do-mundo-de-clubes","tag-disparidade-fisica","tag-jogadores-brasileiros"],"yoast_head":"<!-- This site is optimized with the Yoast SEO plugin v24.5 - https:\/\/yoast.com\/wordpress\/plugins\/seo\/ -->\n<title>Desafios na Forma\u00e7\u00e3o de Talentos no Brasil -<\/title>\n<meta name=\"robots\" content=\"index, follow, max-snippet:-1, max-image-preview:large, max-video-preview:-1\" \/>\n<link rel=\"canonical\" href=\"https:\/\/caleine.com\/en_gb\/desafios-na-formacao-de-talentos-no-brasil\/\" \/>\n<meta property=\"og:locale\" content=\"en_GB\" \/>\n<meta property=\"og:type\" content=\"article\" \/>\n<meta property=\"og:title\" content=\"Desafios na Forma\u00e7\u00e3o de Talentos no Brasil -\" \/>\n<meta property=\"og:description\" content=\"A Forma\u00e7\u00e3o de Talentos no futebol brasileiro \u00e9 um tema de grande relev\u00e2ncia, especialmente quando analisamos a Copa do Mundo de Clubes. Neste artigo, exploraremos como a disparidade f\u00edsica entre jogadores europeus e brasileiros tem diminu\u00eddo, mas ainda existem desafios significativos que comprometem o desenvolvimento de jovens atletas no Brasil. [&hellip;]\" \/>\n<meta property=\"og:url\" content=\"https:\/\/caleine.com\/en_gb\/desafios-na-formacao-de-talentos-no-brasil\/\" \/>\n<meta property=\"article:published_time\" content=\"2025-07-07T20:08:33+00:00\" \/>\n<meta name=\"author\" content=\"Andre\" \/>\n<meta name=\"twitter:card\" content=\"summary_large_image\" \/>\n<meta name=\"twitter:label1\" content=\"Written by\" \/>\n\t<meta name=\"twitter:data1\" content=\"Andre\" \/>\n\t<meta name=\"twitter:label2\" content=\"Estimated reading time\" \/>\n\t<meta name=\"twitter:data2\" content=\"6 minutes\" \/>\n<script type=\"application\/ld+json\" class=\"yoast-schema-graph\">{\"@context\":\"https:\/\/schema.org\",\"@graph\":[{\"@type\":\"WebPage\",\"@id\":\"https:\/\/caleine.com\/desafios-na-formacao-de-talentos-no-brasil\/\",\"url\":\"https:\/\/caleine.com\/desafios-na-formacao-de-talentos-no-brasil\/\",\"name\":\"Desafios na Forma\u00e7\u00e3o de Talentos no Brasil -\",\"isPartOf\":{\"@id\":\"https:\/\/caleine.com\/#website\"},\"primaryImageOfPage\":{\"@id\":\"https:\/\/caleine.com\/desafios-na-formacao-de-talentos-no-brasil\/#primaryimage\"},\"image\":{\"@id\":\"https:\/\/caleine.com\/desafios-na-formacao-de-talentos-no-brasil\/#primaryimage\"},\"thumbnailUrl\":\"https:\/\/caleine.com\/wp-content\/uploads\/2025\/07\/req-wkK5QHheq9MaaxzXLsH3j.png\",\"datePublished\":\"2025-07-07T20:08:33+00:00\",\"author\":{\"@id\":\"https:\/\/caleine.com\/#\/schema\/person\/3b0a162aeb9e0f8d47750f10c1587d48\"},\"breadcrumb\":{\"@id\":\"https:\/\/caleine.com\/desafios-na-formacao-de-talentos-no-brasil\/#breadcrumb\"},\"inLanguage\":\"en-GB\",\"potentialAction\":[{\"@type\":\"ReadAction\",\"target\":[\"https:\/\/caleine.com\/desafios-na-formacao-de-talentos-no-brasil\/\"]}]},{\"@type\":\"ImageObject\",\"inLanguage\":\"en-GB\",\"@id\":\"https:\/\/caleine.com\/desafios-na-formacao-de-talentos-no-brasil\/#primaryimage\",\"url\":\"https:\/\/caleine.com\/wp-content\/uploads\/2025\/07\/req-wkK5QHheq9MaaxzXLsH3j.png\",\"contentUrl\":\"https:\/\/caleine.com\/wp-content\/uploads\/2025\/07\/req-wkK5QHheq9MaaxzXLsH3j.png\",\"width\":1024,\"height\":624,\"caption\":\"Artigo sobre a forma\u00e7\u00e3o de talentos no Brasil e a compara\u00e7\u00e3o com jogadores europeus na Copa do Mundo de Clubes.\"},{\"@type\":\"BreadcrumbList\",\"@id\":\"https:\/\/caleine.com\/desafios-na-formacao-de-talentos-no-brasil\/#breadcrumb\",\"itemListElement\":[{\"@type\":\"ListItem\",\"position\":1,\"name\":\"In\u00edcio\",\"item\":\"https:\/\/caleine.com\/\"},{\"@type\":\"ListItem\",\"position\":2,\"name\":\"Desafios na Forma\u00e7\u00e3o de Talentos no Brasil\"}]},{\"@type\":\"WebSite\",\"@id\":\"https:\/\/caleine.com\/#website\",\"url\":\"https:\/\/caleine.com\/\",\"name\":\"\",\"description\":\"Caleine\",\"potentialAction\":[{\"@type\":\"SearchAction\",\"target\":{\"@type\":\"EntryPoint\",\"urlTemplate\":\"https:\/\/caleine.com\/?s={search_term_string}\"},\"query-input\":{\"@type\":\"PropertyValueSpecification\",\"valueRequired\":true,\"valueName\":\"search_term_string\"}}],\"inLanguage\":\"en-GB\"},{\"@type\":\"Person\",\"@id\":\"https:\/\/caleine.com\/#\/schema\/person\/3b0a162aeb9e0f8d47750f10c1587d48\",\"name\":\"Andre\",\"image\":{\"@type\":\"ImageObject\",\"inLanguage\":\"en-GB\",\"@id\":\"https:\/\/caleine.com\/#\/schema\/person\/image\/\",\"url\":\"https:\/\/secure.gravatar.com\/avatar\/631490c4d2811d45d5ab65f57e75e5cdca7c252f1eb8dd5b4eb4a7818d1dfaf6?s=96&d=mm&r=g\",\"contentUrl\":\"https:\/\/secure.gravatar.com\/avatar\/631490c4d2811d45d5ab65f57e75e5cdca7c252f1eb8dd5b4eb4a7818d1dfaf6?s=96&d=mm&r=g\",\"caption\":\"Andre\"},\"url\":\"https:\/\/caleine.com\/en_gb\/author\/andre\/\"}]}<\/script>\n<!-- \/ Yoast SEO plugin. -->","yoast_head_json":{"title":"Desafios na Forma\u00e7\u00e3o de Talentos no Brasil -","robots":{"index":"index","follow":"follow","max-snippet":"max-snippet:-1","max-image-preview":"max-image-preview:large","max-video-preview":"max-video-preview:-1"},"canonical":"https:\/\/caleine.com\/en_gb\/desafios-na-formacao-de-talentos-no-brasil\/","og_locale":"en_GB","og_type":"article","og_title":"Desafios na Forma\u00e7\u00e3o de Talentos no Brasil -","og_description":"A Forma\u00e7\u00e3o de Talentos no futebol brasileiro \u00e9 um tema de grande relev\u00e2ncia, especialmente quando analisamos a Copa do Mundo de Clubes. Neste artigo, exploraremos como a disparidade f\u00edsica entre jogadores europeus e brasileiros tem diminu\u00eddo, mas ainda existem desafios significativos que comprometem o desenvolvimento de jovens atletas no Brasil. [&hellip;]","og_url":"https:\/\/caleine.com\/en_gb\/desafios-na-formacao-de-talentos-no-brasil\/","article_published_time":"2025-07-07T20:08:33+00:00","author":"Andre","twitter_card":"summary_large_image","twitter_misc":{"Written by":"Andre","Estimated reading time":"6 minutes"},"schema":{"@context":"https:\/\/schema.org","@graph":[{"@type":"WebPage","@id":"https:\/\/caleine.com\/desafios-na-formacao-de-talentos-no-brasil\/","url":"https:\/\/caleine.com\/desafios-na-formacao-de-talentos-no-brasil\/","name":"Desafios na Forma\u00e7\u00e3o de Talentos no Brasil -","isPartOf":{"@id":"https:\/\/caleine.com\/#website"},"primaryImageOfPage":{"@id":"https:\/\/caleine.com\/desafios-na-formacao-de-talentos-no-brasil\/#primaryimage"},"image":{"@id":"https:\/\/caleine.com\/desafios-na-formacao-de-talentos-no-brasil\/#primaryimage"},"thumbnailUrl":"https:\/\/caleine.com\/wp-content\/uploads\/2025\/07\/req-wkK5QHheq9MaaxzXLsH3j.png","datePublished":"2025-07-07T20:08:33+00:00","author":{"@id":"https:\/\/caleine.com\/#\/schema\/person\/3b0a162aeb9e0f8d47750f10c1587d48"},"breadcrumb":{"@id":"https:\/\/caleine.com\/desafios-na-formacao-de-talentos-no-brasil\/#breadcrumb"},"inLanguage":"en-GB","potentialAction":[{"@type":"ReadAction","target":["https:\/\/caleine.com\/desafios-na-formacao-de-talentos-no-brasil\/"]}]},{"@type":"ImageObject","inLanguage":"en-GB","@id":"https:\/\/caleine.com\/desafios-na-formacao-de-talentos-no-brasil\/#primaryimage","url":"https:\/\/caleine.com\/wp-content\/uploads\/2025\/07\/req-wkK5QHheq9MaaxzXLsH3j.png","contentUrl":"https:\/\/caleine.com\/wp-content\/uploads\/2025\/07\/req-wkK5QHheq9MaaxzXLsH3j.png","width":1024,"height":624,"caption":"Artigo sobre a forma\u00e7\u00e3o de talentos no Brasil e a compara\u00e7\u00e3o com jogadores europeus na Copa do Mundo de Clubes."},{"@type":"BreadcrumbList","@id":"https:\/\/caleine.com\/desafios-na-formacao-de-talentos-no-brasil\/#breadcrumb","itemListElement":[{"@type":"ListItem","position":1,"name":"In\u00edcio","item":"https:\/\/caleine.com\/"},{"@type":"ListItem","position":2,"name":"Desafios na Forma\u00e7\u00e3o de Talentos no Brasil"}]},{"@type":"WebSite","@id":"https:\/\/caleine.com\/#website","url":"https:\/\/caleine.com\/","name":"","description":"Caleine","potentialAction":[{"@type":"SearchAction","target":{"@type":"EntryPoint","urlTemplate":"https:\/\/caleine.com\/?s={search_term_string}"},"query-input":{"@type":"PropertyValueSpecification","valueRequired":true,"valueName":"search_term_string"}}],"inLanguage":"en-GB"},{"@type":"Person","@id":"https:\/\/caleine.com\/#\/schema\/person\/3b0a162aeb9e0f8d47750f10c1587d48","name":"Andre","image":{"@type":"ImageObject","inLanguage":"en-GB","@id":"https:\/\/caleine.com\/#\/schema\/person\/image\/","url":"https:\/\/secure.gravatar.com\/avatar\/631490c4d2811d45d5ab65f57e75e5cdca7c252f1eb8dd5b4eb4a7818d1dfaf6?s=96&d=mm&r=g","contentUrl":"https:\/\/secure.gravatar.com\/avatar\/631490c4d2811d45d5ab65f57e75e5cdca7c252f1eb8dd5b4eb4a7818d1dfaf6?s=96&d=mm&r=g","caption":"Andre"},"url":"https:\/\/caleine.com\/en_gb\/author\/andre\/"}]}},"_links":{"self":[{"href":"https:\/\/caleine.com\/en_gb\/wp-json\/wp\/v2\/posts\/1266","targetHints":{"allow":["GET"]}}],"collection":[{"href":"https:\/\/caleine.com\/en_gb\/wp-json\/wp\/v2\/posts"}],"about":[{"href":"https:\/\/caleine.com\/en_gb\/wp-json\/wp\/v2\/types\/post"}],"author":[{"embeddable":true,"href":"https:\/\/caleine.com\/en_gb\/wp-json\/wp\/v2\/users\/13"}],"replies":[{"embeddable":true,"href":"https:\/\/caleine.com\/en_gb\/wp-json\/wp\/v2\/comments?post=1266"}],"version-history":[{"count":0,"href":"https:\/\/caleine.com\/en_gb\/wp-json\/wp\/v2\/posts\/1266\/revisions"}],"wp:featuredmedia":[{"embeddable":true,"href":"https:\/\/caleine.com\/en_gb\/wp-json\/wp\/v2\/media\/1264"}],"wp:attachment":[{"href":"https:\/\/caleine.com\/en_gb\/wp-json\/wp\/v2\/media?parent=1266"}],"wp:term":[{"taxonomy":"category","embeddable":true,"href":"https:\/\/caleine.com\/en_gb\/wp-json\/wp\/v2\/categories?post=1266"},{"taxonomy":"post_tag","embeddable":true,"href":"https:\/\/caleine.com\/en_gb\/wp-json\/wp\/v2\/tags?post=1266"}],"curies":[{"name":"wp","href":"https:\/\/api.w.org\/{rel}","templated":true}]}}