{"id":2447,"date":"2026-01-04T17:02:39","date_gmt":"2026-01-04T20:02:39","guid":{"rendered":"https:\/\/caleine.com\/fenomenos-astronomicos-imperdiveis-em-2026\/"},"modified":"2026-01-04T17:02:39","modified_gmt":"2026-01-04T20:02:39","slug":"fenomenos-astronomicos-imperdiveis-em-2026","status":"publish","type":"post","link":"https:\/\/caleine.com\/en_gb\/fenomenos-astronomicos-imperdiveis-em-2026\/","title":{"rendered":"Fen\u00f4menos Astron\u00f4micos Imperd\u00edveis em 2026"},"content":{"rendered":"<p><strong>Fen\u00f4menos Astron\u00f4micos<\/strong> s\u00e3o eventos celestiais que fascinam a humanidade e despertam nossa curiosidade.<\/p>\n<p>Em 2026, teremos uma s\u00e9rie de acontecimentos incr\u00edveis, desde superluas e eclipses at\u00e9 alinhamentos planet\u00e1rios.<\/p>\n<p>Neste artigo, exploraremos cada um desses eventos not\u00e1veis, analisando suas caracter\u00edsticas e o impacto que podem ter na observa\u00e7\u00e3o do c\u00e9u.<\/p>\n<p>Prepare-se para se maravilhar com os espect\u00e1culos que a astronomia nos reserva ao longo do ano.<\/p>\n<h2>Vis\u00e3o Geral dos Fen\u00f4menos Celestes de 2026<\/h2>\n<p><strong>2026 promete um espet\u00e1culo astron\u00f4mico<\/strong>, onde eventos como superluas, eclipses e alinhamentos envolvem o c\u00e9u em um misto de mist\u00e9rio e beleza.<\/p>\n<p><u>O tamanho e o brilho das superluas em <strong>3 de janeiro<\/strong> It is <strong>23 de dezembro<\/strong><\/u> ganham destaque, proporcionando uma oportunidade \u00fanica para ver a Lua em toda a sua gl\u00f3ria.<\/p>\n<p>Furthermore, <u>a vis\u00e3o de um eclipse lunar total em <strong>3 de mar\u00e7o<\/strong><\/u> cobrindo a Am\u00e9rica do Norte e do Sul permite aos observadores testemunhar uma <u>lua de sangue<\/u>, um fen\u00f4meno que sempre desperta fasc\u00ednio.<\/p>\n<p>J\u00e1 em <strong>10 de janeiro<\/strong>, a oposi\u00e7\u00e3o de J\u00fapiter fornece uma vis\u00e3o clara do gigante gasoso iluminado pelo Sol.<\/p>\n<p>No final de fevereiro, um especial alinhamento de seis planetas oferece uma rara exibi\u00e7\u00e3o celeste.<\/p>\n<p>N\u00e3o podemos esquecer do eclipse solar total em <strong>12 de agosto<\/strong>, vis\u00edvel no Oceano \u00c1rtico e norte da Espanha, seguido pelo auge da chuva de meteoros Perseidas, prometendo um c\u00e9u riscado por estrelas cadentes ao lado de um escuro pano de fundo c\u00f3smico.<\/p>\n<p>Esse conjunto de eventos oferece aos astr\u00f4nomos e curiosos uma chance inigual\u00e1vel de se reconectarem com as maravilhas do universo.<\/p>\n<h2>Primeiro Espet\u00e1culo Celeste de Janeiro<\/h2>\n<p>O m\u00eas de janeiro de 2026 promete um espet\u00e1culo celeste imperd\u00edvel, come\u00e7ando com uma superlua no dia 3, que se destaca por seu tamanho e brilho intensos, proporcionando uma excelente oportunidade para fot\u00f3grafos e amantes da astronomia observarem e retratarem a beleza lunar.<\/p>\n<p>Em 10 de janeiro, a oposi\u00e7\u00e3o de J\u00fapiter emana uma luz radiante, tornando o planeta mais vis\u00edvel e ousado no c\u00e9u noturno, permitindo que telesc\u00f3pios e at\u00e9 mesmo observa\u00e7\u00f5es a olho nu revelem detalhes fascinantes das suas faixas e luas.<\/p>\n<p>Esses eventos n\u00e3o apenas fascinam, mas tamb\u00e9m oferecem momentos \u00fanicos para capturar e apreciar a grandiosidade do cosmos.<\/p>\n<h2>Superlua de 3 de Janeiro<\/h2>\n<p>A <strong>superlua<\/strong> ocorre quando a Lua cheia se encontra no <u>perigeu<\/u>, o ponto mais pr\u00f3ximo de sua \u00f3rbita em rela\u00e7\u00e3o \u00e0 Terra.<\/p>\n<p>Durante essa fase, a Lua n\u00e3o s\u00f3 parece maior, como tamb\u00e9m demonstra um brilho mais intenso.<\/p>\n<p>Isso acontece porque essa proximidade reduz a dist\u00e2ncia entre n\u00f3s e a superf\u00edcie lunar, ampliando sua visibilidade.<\/p>\n<p>Assim, a Lua ganha destaque no c\u00e9u, tornando-se cerca de 6% maior e 13% mais brilhante.<\/p>\n<p>Este fen\u00f4meno p\u00f4de ser apreciado na superlua de janeiro de 2026, oferecendo uma experi\u00eancia visual inesquec\u00edvel e aumentando o interesse em observar o c\u00e9u noturno.<\/p>\n<h2>Oposi\u00e7\u00e3o de J\u00fapiter em 10 de Janeiro<\/h2>\n<p><strong>A oposi\u00e7\u00e3o de J\u00fapiter<\/strong> ocorrer\u00e1 em 10 de janeiro de 2026, um evento essencial para observadores do c\u00e9u.<\/p>\n<p>Durante a oposi\u00e7\u00e3o, a <strong>Terra se encontrar\u00e1 entre J\u00fapiter e o Sol<\/strong>, permitindo que o planeta gigante esteja <u>totalmente iluminado<\/u>, sendo <u>vis\u00edvel durante toda a noite<\/u>.<\/p>\n<p><strong>Com uma magnitude impressionante de -2,7<\/strong>, J\u00fapiter se destacar\u00e1 como um ponto de luz brilhante no c\u00e9u.<\/p>\n<p>Para aproveitar ao m\u00e1ximo essa oportunidade, recomenda-se o uso de telesc\u00f3pios ou bin\u00f3culos, pois eles ajudar\u00e3o a apreciar melhor os detalhes das faixas de nuvens de J\u00fapiter e suas luas.<\/p>\n<p>Saiba mais sobre o fen\u00f4meno visitando o <a href=\"https:\/\/starwalk.space\/pt\/news\/what-is-opposition-in-astronomy\" alt=\"Oposi\u00e7\u00f5es planet\u00e1rias 2026: J\u00fapiter \u00e9 o pr\u00f3ximo!\">Starwalk<\/a> e explore mais informa\u00e7\u00f5es fascinantes sobre o espa\u00e7o.<\/p>\n<h2>Alinhamento Noturno de Seis Planetas em Fevereiro<\/h2>\n<p>O alinhamento planet\u00e1rio que ocorrer\u00e1 no fim de fevereiro de 2026 ser\u00e1 um espet\u00e1culo celeste fascinante, envolvendo seis planetas, criando um verdadeiro bal\u00e9 c\u00f3smico no c\u00e9u.<\/p>\n<p>Esse fen\u00f4meno raro agrupa os planetas de maneira vis\u00edvel, proporcionando aos entusiastas da astronomia uma oportunidade \u00fanica de observa\u00e7\u00e3o.<\/p>\n<p>Os corpos celestes que participar\u00e3o desse alinhamento s\u00e3o:<\/p>\n<ul>\n<li>Merc\u00fario<\/li>\n<li>J\u00fapiter<\/li>\n<li>Urano<\/li>\n<li>Saturno<\/li>\n<li>Netuno<\/li>\n<li>V\u00eanus<\/li>\n<\/ul>\n<p><strong>Na janela temporal do fim de fevereiro<\/strong>, os entusiastas poder\u00e3o admirar esse espet\u00e1culo celeste.<\/p>\n<p>As melhores condi\u00e7\u00f5es para a observa\u00e7\u00e3o ocorrer\u00e3o logo ap\u00f3s o p\u00f4r do sol, em locais com baixa polui\u00e7\u00e3o luminosa.<\/p>\n<p>O impacto cient\u00edfico desse evento \u00e9 significativo, pois promove estudos sobre a movimenta\u00e7\u00e3o planet\u00e1ria e suas influ\u00eancias no sistema solar.<\/p>\n<p>Do ponto de vista est\u00e9tico, o alinhamento oferece uma experi\u00eancia visual incr\u00edvel, capturando o fasc\u00ednio humano pelo cosmos.<\/p>\n<p>Para acompanhar mais sobre o fen\u00f4meno e suas especificidades, recomendamos acessar o artigo na <a href=\"https:\/\/www.estadao.com.br\/ciencia\/alinhamento-raro-de-seis-planetas-podera-ser-visto-no-brasil-nos-proximos-dias-saiba-como-observar-nprm\/\" alt=\"Veja mais no Estad\u00e3o\">Veja mais no Estad\u00e3o<\/a>.<\/p>\n<p>A <u>raridade do alinhamento<\/u> adiciona ainda mais encanto a esse evento celeste imperd\u00edvel.<\/p>\n<h2>Mar\u00e7o: Eclipse Lunar Total e Auroras do Equin\u00f3cio<\/h2>\n<p>Em <strong>3 de mar\u00e7o<\/strong> de 2026, um fen\u00f3meno celeste espetacular ocorre no c\u00e9u: o <u>eclipse lunar total vis\u00edvel nas Am\u00e9ricas<\/u>.<\/p>\n<p>Este evento, conhecido como Lua de Sangue, acontece quando a Terra se posiciona entre o Sol e a Lua, projetando sua sombra sobre a superf\u00edcie lunar.<\/p>\n<p>A tonalidade avermelhada surge devido \u00e0 refra\u00e7\u00e3o da luz solar na atmosfera terrestre <a href=\"https:\/\/www.nationalgeographicbrasil.com\/espaco\/2026\/01\/os-12-eventos-espetaculares-no-ceu-noturno-para-ver-em-2026-de-um-eclipse-total-a-auroras-impressionantes\" alt=\"Eclipse lunar total em 3 de mar\u00e7o de 2026\">eclipse lunar 3 mar\u00e7o<\/a>.<\/p>\n<p>Essa colora\u00e7\u00e3o \u00e9 um espet\u00e1culo \u00e0 parte, sendo vis\u00edvel na Am\u00e9rica do Norte e do Sul, oferecendo uma oportunidade imperd\u00edvel para contempla\u00e7\u00e3o astron\u00f4mica.<\/p>\n<p><\/br><\/br> Aproximadamente duas semanas depois, em <strong>20 de mar\u00e7o<\/strong>, ocorre o equin\u00f3cio da primavera, um momento de equil\u00edbrio entre dia e noite.<\/p>\n<p>Este evento marca a transi\u00e7\u00e3o das esta\u00e7\u00f5es e \u00e9 frequentemente associado ao aumento da atividade geomagn\u00e9tica.<\/p>\n<p>Durante esse per\u00edodo, a <u>probabilidade de auroras<\/u> se intensifica, especialmente em latitudes mais ao norte.<\/p>\n<p>Essas luzes dan\u00e7antes no c\u00e9u noturno s\u00e3o causadas pela intera\u00e7\u00e3o entre as part\u00edculas solares e a atmosfera terrestre.<\/p>\n<p>Portanto, tanto o <strong>3 de mar\u00e7o<\/strong> quanto o <strong>20 de mar\u00e7o<\/strong> de 2026 prometem experi\u00eancias visuais incr\u00edveis e memor\u00e1veis.<\/p>\n<p>O c\u00e9u oferece um espet\u00e1culo de contrastes e cores, ligando maravilhas astron\u00f4micas e fen\u00f4menos naturais com a beleza do nosso planeta.<\/p>\n<h2>Agosto Duplamente Memor\u00e1vel<\/h2>\n<p>Agosto de 2026 promete ser um m\u00eas duplamente memor\u00e1vel, com um eclipse solar total que ocorrer\u00e1 em 12 de agosto, vis\u00edvel em regi\u00f5es do Oceano \u00c1rtico e no norte da Espanha.<\/p>\n<p>Essa \u00e9 uma oportunidade \u00fanica para admirar o fen\u00f4meno celestial, em que a Lua oculta completamente o Sol, criando um espet\u00e1culo impressionante para os observadores.<\/p>\n<p>Al\u00e9m disso, entre os dias 12 e 13 de agosto, o pico das chuvas de meteoros Perseidas acontece, com condi\u00e7\u00f5es ideais para visualiza\u00e7\u00e3o em c\u00e9us escuros, tornando esse per\u00edodo ainda mais especial para os amantes da astronomia.<\/p>\n<h2>Eclipse Solar Total de 12 de Agosto<\/h2>\n<p><strong>Totalidade<\/strong> do Eclipse Solar de 12 de agosto de 2026 ser\u00e1 um espet\u00e1culo not\u00e1vel, <u>atravessando a Groenl\u00e2ndia, Isl\u00e2ndia e norte da Espanha<\/u>.<\/p>\n<p>A <u>faixa de visibilidade<\/u> da <strong>totalidade<\/strong> oferece uma experi\u00eancia \u00fanica, passando por cidades como Reykjavik e \u00e1reas do norte da Espanha.<\/p>\n<p>Durante as fases do eclipse, que incluem o in\u00edcio parcial, a <strong>totalidade<\/strong> e o retorno ao parcial, \u00e9 vital proteger seus olhos.<\/p>\n<p>Use \u00f3culos espec\u00edficos para eclipses solares para evitar danos permanentes.<\/p>\n<p>Para maiores detalhes sobre o fen\u00f4meno em cada regi\u00e3o, confira o guia atualizado no <a href=\"https:\/\/www.timeanddate.com\/eclipse\/solar\/2026-august-12\" alt=\"Eclipse Solar Total em 12 de agosto de 2026\">guia especializado do timeanddate<\/a>.<\/p>\n<h2>Pico da Chuva de Meteoros Perseidas 12 \u2013 13 de Agosto<\/h2>\n<p><strong>A chuva de meteoros Perseidas<\/strong> oferece uma experi\u00eancia celestial \u00fanica em agosto de 2026. Com uma <strong>THZ de 100 meteoros\/h<\/strong>, os observadores podem esperar um espet\u00e1culo impressionante.<\/p>\n<p>O radiante em Perseus \u00e9 f\u00e1cil de identificar, proporcionando uma localiza\u00e7\u00e3o perfeita para direcionar suas aten\u00e7\u00f5es.<\/p>\n<p>Gra\u00e7as ao <u>c\u00e9u sem Lua<\/u>, as condi\u00e7\u00f5es de visualiza\u00e7\u00e3o ser\u00e3o ideais.<\/p>\n<p>Para maximizar a experi\u00eancia, observe a partir de locais afastados das luzes da cidade.<\/p>\n<p>Consulte o recurso especializado em <a href=\"https:\/\/starwalk.space\/pt\/news\/all-you-need-to-know-about-the-perseids\" alt=\"Chuva de meteoros Perseidas de agosto de 2026\">meteorologia astron\u00f4mica<\/a> para orienta\u00e7\u00f5es adicionais.<\/p>\n<h2>Dezembro: Superluas e Alinhamento de Marte a Netuno<\/h2>\n<p>Em dezembro, os entusiastas da astronomia poder\u00e3o desfrutar de um espet\u00e1culo celeste com as superluas e o not\u00e1vel alinhamento de planetas.<\/p>\n<p>A superlua mais pr\u00f3xima deste m\u00eas ocorrer\u00e1 no dia 23 de dezembro, permitindo aos observadores admirarem sua beleza e luminosidade intensas.<\/p>\n<p>Al\u00e9m disso, no final de dezembro, Marte, J\u00fapiter, Urano, Saturno e Netuno estar\u00e3o alinhados no c\u00e9u noturno, com as melhores condi\u00e7\u00f5es de observa\u00e7\u00e3o entre 18h e 22h, voltando-se para o oeste.<\/p>\n<h2>Superlua de 23 de Dezembro<\/h2>\n<p>A <strong>superlua<\/strong> em 23 de dezembro de 2026 ser\u00e1 not\u00e1vel devido ao seu <strong>perigeu extremo<\/strong>, quando a Lua estar\u00e1 a apenas 356.740 km da Terra, tornando-se a lua cheia mais pr\u00f3xima do ano.<\/p>\n<p>Com o <u>disco 14% maior<\/u> e cerca de 30% mais brilhante, ela apresentar\u00e1 um espet\u00e1culo \u00fanico para observadores e fot\u00f3grafos.<\/p>\n<p>A dist\u00e2ncia reduzida da Terra intensifica o tamanho e o brilho visual percept\u00edveis a olho nu.<\/p>\n<p>Para capturar as melhores imagens desta <strong>superlua<\/strong>, \u00e9 recomend\u00e1vel utilizar trip\u00e9s e ajustar o balan\u00e7o de luz, aproveitando ao m\u00e1ximo o fen\u00f4meno celeste.<\/p>\n<h2>Alinhamento Planet\u00e1rio de Fim de Dezembro<\/h2>\n<p>Em dezembro de 2026, o c\u00e9u noturno promete um espet\u00e1culo \u00fanico, com <strong>Marte<\/strong>, <strong>J\u00fapiter<\/strong>, <strong>Urano<\/strong>, <strong>Saturno<\/strong> It is <strong>Netuno<\/strong> alinhados em uma <u>linha imagin\u00e1ria no crep\u00fasculo<\/u>.<\/p>\n<p>Este raro alinhamento \u00e9 ideal para observa\u00e7\u00e3o na aus\u00eancia de luz excessiva.<\/p>\n<p>Recomenda-se o uso de bin\u00f3culos ou <a href=\"https:\/\/starwalk.space\/pt\/news\/what-is-planet-parade\" alt=\"Tecnologia de Realidade Aumentada para Alinhamentos Planet\u00e1rios\">aplicativos de realidade aumentada<\/a> que auxiliam na localiza\u00e7\u00e3o dos planetas no c\u00e9u.<\/p>\n<p>Para garantir a melhor visibilidade, procure \u00e1reas com pouca polui\u00e7\u00e3o luminosa e comece a observa\u00e7\u00e3o logo ap\u00f3s o p\u00f4r do sol, quando os planetas brilham em todo seu esplendor.<\/p>\n<p>Uma oportunidade imperd\u00edvel para os entusiastas da astronomia.<\/p>\n<p><strong>Fen\u00f4menos Astron\u00f4micos<\/strong> em 2026 prometem ser emocionantes e inspiradores.<\/p>\n<p>N\u00e3o perca a oportunidade de observar e aproveitar cada um desses eventos celestiais \u00fanicos.<\/p>","protected":false},"excerpt":{"rendered":"<p>Fen\u00f4menos Astron\u00f4micos s\u00e3o eventos celestiais que fascinam a humanidade e despertam nossa curiosidade. Em 2026, teremos uma s\u00e9rie de acontecimentos incr\u00edveis, desde superluas e eclipses at\u00e9 alinhamentos planet\u00e1rios. Neste artigo, exploraremos cada um desses eventos not\u00e1veis, analisando suas caracter\u00edsticas e o impacto que podem ter na observa\u00e7\u00e3o do c\u00e9u. Prepare-se [&hellip;]<\/p>","protected":false},"author":15,"featured_media":2446,"comment_status":"open","ping_status":"open","sticky":false,"template":"","format":"standard","meta":{"footnotes":""},"categories":[740],"tags":[1507,2046,1342],"class_list":["post-2447","post","type-post","status-publish","format-standard","has-post-thumbnail","hentry","category-tecnologia","tag-alinhamento-planetario","tag-oposicao-jupiter","tag-superlua"],"yoast_head":"<!-- This site is optimized with the Yoast SEO plugin v24.5 - https:\/\/yoast.com\/wordpress\/plugins\/seo\/ -->\n<title>Fen\u00f4menos Astron\u00f4micos Imperd\u00edveis em 2026 -<\/title>\n<meta name=\"robots\" content=\"index, follow, max-snippet:-1, max-image-preview:large, max-video-preview:-1\" \/>\n<link rel=\"canonical\" href=\"https:\/\/caleine.com\/en_gb\/fenomenos-astronomicos-imperdiveis-em-2026\/\" \/>\n<meta property=\"og:locale\" content=\"en_GB\" \/>\n<meta property=\"og:type\" content=\"article\" \/>\n<meta property=\"og:title\" content=\"Fen\u00f4menos Astron\u00f4micos Imperd\u00edveis em 2026 -\" \/>\n<meta property=\"og:description\" content=\"Fen\u00f4menos Astron\u00f4micos s\u00e3o eventos celestiais que fascinam a humanidade e despertam nossa curiosidade. Em 2026, teremos uma s\u00e9rie de acontecimentos incr\u00edveis, desde superluas e eclipses at\u00e9 alinhamentos planet\u00e1rios. Neste artigo, exploraremos cada um desses eventos not\u00e1veis, analisando suas caracter\u00edsticas e o impacto que podem ter na observa\u00e7\u00e3o do c\u00e9u. Prepare-se [&hellip;]\" \/>\n<meta property=\"og:url\" content=\"https:\/\/caleine.com\/en_gb\/fenomenos-astronomicos-imperdiveis-em-2026\/\" \/>\n<meta property=\"article:published_time\" content=\"2026-01-04T20:02:39+00:00\" \/>\n<meta name=\"author\" content=\"Pamela\" \/>\n<meta name=\"twitter:card\" content=\"summary_large_image\" \/>\n<meta name=\"twitter:label1\" content=\"Written by\" \/>\n\t<meta name=\"twitter:data1\" content=\"Pamela\" \/>\n\t<meta name=\"twitter:label2\" content=\"Estimated reading time\" \/>\n\t<meta name=\"twitter:data2\" content=\"8 minutes\" \/>\n<script type=\"application\/ld+json\" class=\"yoast-schema-graph\">{\"@context\":\"https:\/\/schema.org\",\"@graph\":[{\"@type\":\"WebPage\",\"@id\":\"https:\/\/caleine.com\/fenomenos-astronomicos-imperdiveis-em-2026\/\",\"url\":\"https:\/\/caleine.com\/fenomenos-astronomicos-imperdiveis-em-2026\/\",\"name\":\"Fen\u00f4menos Astron\u00f4micos Imperd\u00edveis em 2026 -\",\"isPartOf\":{\"@id\":\"https:\/\/caleine.com\/#website\"},\"primaryImageOfPage\":{\"@id\":\"https:\/\/caleine.com\/fenomenos-astronomicos-imperdiveis-em-2026\/#primaryimage\"},\"image\":{\"@id\":\"https:\/\/caleine.com\/fenomenos-astronomicos-imperdiveis-em-2026\/#primaryimage\"},\"thumbnailUrl\":\"https:\/\/caleine.com\/wp-content\/uploads\/2026\/01\/1767556954512.png\",\"datePublished\":\"2026-01-04T20:02:39+00:00\",\"author\":{\"@id\":\"https:\/\/caleine.com\/#\/schema\/person\/02e0b7103ab5c054b64b5ba1bdb0e388\"},\"breadcrumb\":{\"@id\":\"https:\/\/caleine.com\/fenomenos-astronomicos-imperdiveis-em-2026\/#breadcrumb\"},\"inLanguage\":\"en-GB\",\"potentialAction\":[{\"@type\":\"ReadAction\",\"target\":[\"https:\/\/caleine.com\/fenomenos-astronomicos-imperdiveis-em-2026\/\"]}]},{\"@type\":\"ImageObject\",\"inLanguage\":\"en-GB\",\"@id\":\"https:\/\/caleine.com\/fenomenos-astronomicos-imperdiveis-em-2026\/#primaryimage\",\"url\":\"https:\/\/caleine.com\/wp-content\/uploads\/2026\/01\/1767556954512.png\",\"contentUrl\":\"https:\/\/caleine.com\/wp-content\/uploads\/2026\/01\/1767556954512.png\",\"width\":1024,\"height\":624,\"caption\":\"Imagem ilustrativa dos fen\u00f4menos astron\u00f4micos de 2026, incluindo superluas, eclipses e alinhamentos planet\u00e1rios.\"},{\"@type\":\"BreadcrumbList\",\"@id\":\"https:\/\/caleine.com\/fenomenos-astronomicos-imperdiveis-em-2026\/#breadcrumb\",\"itemListElement\":[{\"@type\":\"ListItem\",\"position\":1,\"name\":\"In\u00edcio\",\"item\":\"https:\/\/caleine.com\/\"},{\"@type\":\"ListItem\",\"position\":2,\"name\":\"Fen\u00f4menos Astron\u00f4micos Imperd\u00edveis em 2026\"}]},{\"@type\":\"WebSite\",\"@id\":\"https:\/\/caleine.com\/#website\",\"url\":\"https:\/\/caleine.com\/\",\"name\":\"\",\"description\":\"Caleine\",\"potentialAction\":[{\"@type\":\"SearchAction\",\"target\":{\"@type\":\"EntryPoint\",\"urlTemplate\":\"https:\/\/caleine.com\/?s={search_term_string}\"},\"query-input\":{\"@type\":\"PropertyValueSpecification\",\"valueRequired\":true,\"valueName\":\"search_term_string\"}}],\"inLanguage\":\"en-GB\"},{\"@type\":\"Person\",\"@id\":\"https:\/\/caleine.com\/#\/schema\/person\/02e0b7103ab5c054b64b5ba1bdb0e388\",\"name\":\"Pamela\",\"image\":{\"@type\":\"ImageObject\",\"inLanguage\":\"en-GB\",\"@id\":\"https:\/\/caleine.com\/#\/schema\/person\/image\/\",\"url\":\"https:\/\/secure.gravatar.com\/avatar\/3bc21d259a37a7f822a2533ecfa54d7ce7894de858a27df7765f0efeca5acef3?s=96&d=mm&r=g\",\"contentUrl\":\"https:\/\/secure.gravatar.com\/avatar\/3bc21d259a37a7f822a2533ecfa54d7ce7894de858a27df7765f0efeca5acef3?s=96&d=mm&r=g\",\"caption\":\"Pamela\"},\"url\":\"https:\/\/caleine.com\/en_gb\/author\/pamela\/\"}]}<\/script>\n<!-- \/ Yoast SEO plugin. -->","yoast_head_json":{"title":"Fen\u00f4menos Astron\u00f4micos Imperd\u00edveis em 2026 -","robots":{"index":"index","follow":"follow","max-snippet":"max-snippet:-1","max-image-preview":"max-image-preview:large","max-video-preview":"max-video-preview:-1"},"canonical":"https:\/\/caleine.com\/en_gb\/fenomenos-astronomicos-imperdiveis-em-2026\/","og_locale":"en_GB","og_type":"article","og_title":"Fen\u00f4menos Astron\u00f4micos Imperd\u00edveis em 2026 -","og_description":"Fen\u00f4menos Astron\u00f4micos s\u00e3o eventos celestiais que fascinam a humanidade e despertam nossa curiosidade. Em 2026, teremos uma s\u00e9rie de acontecimentos incr\u00edveis, desde superluas e eclipses at\u00e9 alinhamentos planet\u00e1rios. Neste artigo, exploraremos cada um desses eventos not\u00e1veis, analisando suas caracter\u00edsticas e o impacto que podem ter na observa\u00e7\u00e3o do c\u00e9u. Prepare-se [&hellip;]","og_url":"https:\/\/caleine.com\/en_gb\/fenomenos-astronomicos-imperdiveis-em-2026\/","article_published_time":"2026-01-04T20:02:39+00:00","author":"Pamela","twitter_card":"summary_large_image","twitter_misc":{"Written by":"Pamela","Estimated reading time":"8 minutes"},"schema":{"@context":"https:\/\/schema.org","@graph":[{"@type":"WebPage","@id":"https:\/\/caleine.com\/fenomenos-astronomicos-imperdiveis-em-2026\/","url":"https:\/\/caleine.com\/fenomenos-astronomicos-imperdiveis-em-2026\/","name":"Fen\u00f4menos Astron\u00f4micos Imperd\u00edveis em 2026 -","isPartOf":{"@id":"https:\/\/caleine.com\/#website"},"primaryImageOfPage":{"@id":"https:\/\/caleine.com\/fenomenos-astronomicos-imperdiveis-em-2026\/#primaryimage"},"image":{"@id":"https:\/\/caleine.com\/fenomenos-astronomicos-imperdiveis-em-2026\/#primaryimage"},"thumbnailUrl":"https:\/\/caleine.com\/wp-content\/uploads\/2026\/01\/1767556954512.png","datePublished":"2026-01-04T20:02:39+00:00","author":{"@id":"https:\/\/caleine.com\/#\/schema\/person\/02e0b7103ab5c054b64b5ba1bdb0e388"},"breadcrumb":{"@id":"https:\/\/caleine.com\/fenomenos-astronomicos-imperdiveis-em-2026\/#breadcrumb"},"inLanguage":"en-GB","potentialAction":[{"@type":"ReadAction","target":["https:\/\/caleine.com\/fenomenos-astronomicos-imperdiveis-em-2026\/"]}]},{"@type":"ImageObject","inLanguage":"en-GB","@id":"https:\/\/caleine.com\/fenomenos-astronomicos-imperdiveis-em-2026\/#primaryimage","url":"https:\/\/caleine.com\/wp-content\/uploads\/2026\/01\/1767556954512.png","contentUrl":"https:\/\/caleine.com\/wp-content\/uploads\/2026\/01\/1767556954512.png","width":1024,"height":624,"caption":"Imagem ilustrativa dos fen\u00f4menos astron\u00f4micos de 2026, incluindo superluas, eclipses e alinhamentos planet\u00e1rios."},{"@type":"BreadcrumbList","@id":"https:\/\/caleine.com\/fenomenos-astronomicos-imperdiveis-em-2026\/#breadcrumb","itemListElement":[{"@type":"ListItem","position":1,"name":"In\u00edcio","item":"https:\/\/caleine.com\/"},{"@type":"ListItem","position":2,"name":"Fen\u00f4menos Astron\u00f4micos Imperd\u00edveis em 2026"}]},{"@type":"WebSite","@id":"https:\/\/caleine.com\/#website","url":"https:\/\/caleine.com\/","name":"","description":"Caleine","potentialAction":[{"@type":"SearchAction","target":{"@type":"EntryPoint","urlTemplate":"https:\/\/caleine.com\/?s={search_term_string}"},"query-input":{"@type":"PropertyValueSpecification","valueRequired":true,"valueName":"search_term_string"}}],"inLanguage":"en-GB"},{"@type":"Person","@id":"https:\/\/caleine.com\/#\/schema\/person\/02e0b7103ab5c054b64b5ba1bdb0e388","name":"Pamela","image":{"@type":"ImageObject","inLanguage":"en-GB","@id":"https:\/\/caleine.com\/#\/schema\/person\/image\/","url":"https:\/\/secure.gravatar.com\/avatar\/3bc21d259a37a7f822a2533ecfa54d7ce7894de858a27df7765f0efeca5acef3?s=96&d=mm&r=g","contentUrl":"https:\/\/secure.gravatar.com\/avatar\/3bc21d259a37a7f822a2533ecfa54d7ce7894de858a27df7765f0efeca5acef3?s=96&d=mm&r=g","caption":"Pamela"},"url":"https:\/\/caleine.com\/en_gb\/author\/pamela\/"}]}},"_links":{"self":[{"href":"https:\/\/caleine.com\/en_gb\/wp-json\/wp\/v2\/posts\/2447","targetHints":{"allow":["GET"]}}],"collection":[{"href":"https:\/\/caleine.com\/en_gb\/wp-json\/wp\/v2\/posts"}],"about":[{"href":"https:\/\/caleine.com\/en_gb\/wp-json\/wp\/v2\/types\/post"}],"author":[{"embeddable":true,"href":"https:\/\/caleine.com\/en_gb\/wp-json\/wp\/v2\/users\/15"}],"replies":[{"embeddable":true,"href":"https:\/\/caleine.com\/en_gb\/wp-json\/wp\/v2\/comments?post=2447"}],"version-history":[{"count":0,"href":"https:\/\/caleine.com\/en_gb\/wp-json\/wp\/v2\/posts\/2447\/revisions"}],"wp:featuredmedia":[{"embeddable":true,"href":"https:\/\/caleine.com\/en_gb\/wp-json\/wp\/v2\/media\/2446"}],"wp:attachment":[{"href":"https:\/\/caleine.com\/en_gb\/wp-json\/wp\/v2\/media?parent=2447"}],"wp:term":[{"taxonomy":"category","embeddable":true,"href":"https:\/\/caleine.com\/en_gb\/wp-json\/wp\/v2\/categories?post=2447"},{"taxonomy":"post_tag","embeddable":true,"href":"https:\/\/caleine.com\/en_gb\/wp-json\/wp\/v2\/tags?post=2447"}],"curies":[{"name":"wp","href":"https:\/\/api.w.org\/{rel}","templated":true}]}}