{"id":1285,"date":"2025-07-09T17:12:53","date_gmt":"2025-07-09T20:12:53","guid":{"rendered":"https:\/\/caleine.com\/luisa-stefani-brilha-na-final-de-duplas-mistas\/"},"modified":"2025-07-09T17:12:53","modified_gmt":"2025-07-09T20:12:53","slug":"luisa-stefani-brilha-na-final-de-duplas-mistas","status":"publish","type":"post","link":"https:\/\/caleine.com\/es\/luisa-stefani-brilha-na-final-de-duplas-mistas\/","title":{"rendered":"Luisa Stefani Brilha na Final de Duplas Mistas"},"content":{"rendered":"<p><strong>Duplas Mistas<\/strong> s\u00e3o sempre um destaque nas competi\u00e7\u00f5es de t\u00eanis, e a atua\u00e7\u00e3o de Luisa Stefani em Wimbledon n\u00e3o \u00e9 exce\u00e7\u00e3o.<\/p>\n<p>A atleta brasileira fez hist\u00f3ria ao se classificar para a final de duplas mistas, derrotando a forte dupla de Marcelo Ar\u00e9valo e Shuai Zhang.<\/p>\n<p>Este feito marca a primeira vez em quase 60 anos que uma brasileira alcan\u00e7a essa fase do torneio, e as expectativas est\u00e3o altas.<\/p>\n<p>Neste artigo, iremos explorar a trajet\u00f3ria de Luisa, suas conquistas at\u00e9 aqui e o que representa essa final para o t\u00eanis brasileiro.<\/p>\n<h2>Stefani faz hist\u00f3ria na capital do t\u00eanis<\/h2>\n<p>Luisa Stefani faz hist\u00f3ria na capital do t\u00eanis ao garantir sua vaga na final de duplas mistas em Wimbledon.<\/p>\n<p>Com uma vit\u00f3ria impressionante sobre Marcelo Ar\u00e9valo e Shuai Zhang por 2 sets a 0, ela se torna a primeira brasileira em quase seis d\u00e9cadas a chegar a essa decis\u00e3o de um Grand Slam.<\/p>\n<p>Essa conquista n\u00e3o apenas destaca seu talento excepcional, mas tamb\u00e9m ressoa profundamente em todo o Brasil, reafirmando a for\u00e7a da atleta paulista no cen\u00e1rio mundial.<\/p>\n<h2>Advers\u00e1rios da decis\u00e3o<\/h2>\n<p>Na aguardada final de duplas mistas em Wimbledon, a dupla formada por <strong>Sem Verbeek<\/strong> Es <strong>Katerina Siniakova<\/strong> promete ser um desafio formid\u00e1vel.<\/p>\n<p><a href=\"https:\/\/www.flashscore.com.br\/jogador\/verbeek-sem\/Usxki0dU\/\" alt=\"Resultados de Sem Verbeek\">Verbeek<\/a>, com sua t\u00e9cnica apurada, junta-se a <a href=\"https:\/\/www.wtatennis.com\/players\/320301\/katerina-siniakova\" alt=\"Perfil de Katerina Siniakova\">Siniakova<\/a>, renomada por sua trajet\u00f3ria vitoriosa.<\/p>\n<p><u>Esta combina\u00e7\u00e3o explosiva de talento<\/u> representa uma dura prova para Luisa Stefani.<\/p>\n<p>Con <u><strong>boas atua\u00e7\u00f5es em Grand Slams recentes<\/strong><\/u>, eles chegam embalados, prontos para perseguir o t\u00edtulo desejado.<\/p>\n<p>O embate entre essas for\u00e7as destaca a imprevisibilidade e emo\u00e7\u00e3o caracter\u00edsticas do torneio.<\/p>\n<h2>\u00danica esperan\u00e7a brasileira de t\u00edtulo<\/h2>\n<p><strong>Luisa Stefani destaca-se como a \u00fanica representante brasileira com chances de conquistar um t\u00edtulo<\/strong> em Wimbledon 2023. <u>Isso a coloca sob os holofotes, carregando o peso n\u00e3o apenas de suas ambi\u00e7\u00f5es pessoais<\/u>, mas tamb\u00e9m das expectativas de um pa\u00eds apaixonado por esportes.<\/p>\n<p>A campanha hist\u00f3rica de Luisa se torna um s\u00edmbolo de esperan\u00e7a e resili\u00eancia para o t\u00eanis nacional, mostrando que mesmo em face de desafios, ela continua a lutar com determina\u00e7\u00e3o.<\/p>\n<p>Para mais detalhes sobre sua incr\u00edvel trajet\u00f3ria, voc\u00ea pode visitar <a href=\"https:\/\/www.olympics.com\/pt\/noticias\/luisa-stefani-disputa-final-duplas-mistas-wimbledon-2025\" alt=\"Luisa Stefani na final de duplas mistas em Wimbledon\">Wimbledon e Luisa Stefani<\/a>.<\/p>\n<p>Sua jornada solit\u00e1ria entre os atletas brasileiros torna-se uma inspira\u00e7\u00e3o, reafirmando seu compromisso e dedica\u00e7\u00e3o.<\/p>\n<h2>Campanha tamb\u00e9m nas duplas femininas<\/h2>\n<blockquote><p>Luisa Stefani<\/p><\/blockquote>\n<p> conquistou destaque ao lado de <strong>T\u00edmea Babos<\/strong> ao chegarem \u00e0s <u>quartas de final das duplas femininas de Wimbledon<\/u>.<\/p>\n<p>Apesar da elimina\u00e7\u00e3o para a dupla formada pela tcheca <a href=\"https:\/\/www.uol.com.br\" alt=\"Leia sobre Katerina Siniakova e Taylor Townsend na Gazeta Esportiva\">Katerina Siniakova<\/a> e pela norte-americana Taylor Townsend, Stefani e Babos demonstraram um desempenho solidificado, levando cada partida com garra e estrat\u00e9gia.<\/p>\n<p><u>O marco de alcan\u00e7ar esta fase avan\u00e7ada<\/u> reflete n\u00e3o apenas as habilidades individuais, mas tamb\u00e9m a sintonia da parceria.<\/p>\n<p>Cada vit\u00f3ria representou mais que um avan\u00e7o no torneio: refor\u00e7ou o prest\u00edgio internacional da dupla em quadras de grama.<\/p>\n<p>&#8220;}<\/p>\n<h2>Avan\u00e7o sem precedentes em 60 anos<\/h2>\n<p>O <u>destaque hist\u00f3rico<\/u> da vit\u00f3ria de Luisa Stefani na semifinal de duplas mistas de Wimbledon se faz sentir ao encerrar quase seis d\u00e9cadas sem uma brasileira na final.<\/p>\n<p>Ao longo do torneio, a consist\u00eancia no saque e a precis\u00e3o nas devolu\u00e7\u00f5es foram cruciais para essa caminhada, que j\u00e1 pode ser considerada <strong>memor\u00e1vel<\/strong>.<\/p>\n<p>Esta impressionante jornada n\u00e3o apenas reflete o momento brilhante da tenista, mas tamb\u00e9m alimenta esperan\u00e7as para um <u>desfecho triunfante<\/u> do torneio.<\/p>\n<p>Em parceria com o brit\u00e2nico Joe Salisbury, Stefani venceu a partida contra a dupla formada por Shuai Zhang e Marcelo Ar\u00e9valo com autoridade e efici\u00eancia, confirmando seu alto n\u00edvel de jogo.<\/p>\n<p>Confira, abaixo, os detalhes de sua <u>conquista<\/u> impressionante:<\/p>\n<ul>\n<li>Parcial 1: 6-4<\/li>\n<li>Parcial 2: 6-3<\/li>\n<\/ul>\n<p>Para mais informa\u00e7\u00f5es sobre essa vit\u00f3ria incr\u00edvel, acesse o <a href=\"https:\/\/ge.globo.com\/tenis\/noticia\/2025\/07\/08\/luisa-stefani-vence-cabecas-de-chave-e-avanca-a-final-de-duplas-mistas-em-wimbledon.ghtml\" alt=\"Luisa Stefani avan\u00e7a \u00e0 final de duplas mistas em Wimbledon\">artigo completo aqui<\/a>.<\/p>\n<p>A expectativa agora se volta para a <u><strong>decis\u00e3o final<\/strong><\/u>, onde Stefani buscar\u00e1 fazer hist\u00f3ria novamente.<\/p>\n<p><strong>Luisa Stefani<\/strong> n\u00e3o apenas representa o Brasil, mas tamb\u00e9m simboliza a resili\u00eancia e a determina\u00e7\u00e3o no esporte.<\/p>\n<p>Sua jornada em Wimbledon \u00e9 uma inspira\u00e7\u00e3o, e estaremos na torcida para que ela conquiste o t\u00edtulo t\u00e3o aguardado.<\/p>","protected":false},"excerpt":{"rendered":"<p>Duplas Mistas s\u00e3o sempre um destaque nas competi\u00e7\u00f5es de t\u00eanis, e a atua\u00e7\u00e3o de Luisa Stefani em Wimbledon n\u00e3o \u00e9 exce\u00e7\u00e3o. A atleta brasileira fez hist\u00f3ria ao se classificar para a final de duplas mistas, derrotando a forte dupla de Marcelo Ar\u00e9valo e Shuai Zhang. Este feito marca a primeira [&hellip;]<\/p>","protected":false},"author":13,"featured_media":1284,"comment_status":"open","ping_status":"open","sticky":false,"template":"","format":"standard","meta":{"footnotes":""},"categories":[738],"tags":[873,874,781],"class_list":["post-1285","post","type-post","status-publish","format-standard","has-post-thumbnail","hentry","category-esporte","tag-luisa-stefani","tag-mistas","tag-wimbledon"],"yoast_head":"<!-- This site is optimized with the Yoast SEO plugin v24.5 - https:\/\/yoast.com\/wordpress\/plugins\/seo\/ -->\n<title>Luisa Stefani Brilha na Final de Duplas Mistas -<\/title>\n<meta name=\"robots\" content=\"index, follow, max-snippet:-1, max-image-preview:large, max-video-preview:-1\" \/>\n<link rel=\"canonical\" href=\"https:\/\/caleine.com\/es\/luisa-stefani-brilha-na-final-de-duplas-mistas\/\" \/>\n<meta property=\"og:locale\" content=\"es_MX\" \/>\n<meta property=\"og:type\" content=\"article\" \/>\n<meta property=\"og:title\" content=\"Luisa Stefani Brilha na Final de Duplas Mistas -\" \/>\n<meta property=\"og:description\" content=\"Duplas Mistas s\u00e3o sempre um destaque nas competi\u00e7\u00f5es de t\u00eanis, e a atua\u00e7\u00e3o de Luisa Stefani em Wimbledon n\u00e3o \u00e9 exce\u00e7\u00e3o. A atleta brasileira fez hist\u00f3ria ao se classificar para a final de duplas mistas, derrotando a forte dupla de Marcelo Ar\u00e9valo e Shuai Zhang. Este feito marca a primeira [&hellip;]\" \/>\n<meta property=\"og:url\" content=\"https:\/\/caleine.com\/es\/luisa-stefani-brilha-na-final-de-duplas-mistas\/\" \/>\n<meta property=\"article:published_time\" content=\"2025-07-09T20:12:53+00:00\" \/>\n<meta name=\"author\" content=\"Andre\" \/>\n<meta name=\"twitter:card\" content=\"summary_large_image\" \/>\n<meta name=\"twitter:label1\" content=\"Escrito por\" \/>\n\t<meta name=\"twitter:data1\" content=\"Andre\" \/>\n\t<meta name=\"twitter:label2\" content=\"Tiempo de lectura\" \/>\n\t<meta name=\"twitter:data2\" content=\"4 minutos\" \/>\n<script type=\"application\/ld+json\" class=\"yoast-schema-graph\">{\"@context\":\"https:\/\/schema.org\",\"@graph\":[{\"@type\":\"WebPage\",\"@id\":\"https:\/\/caleine.com\/luisa-stefani-brilha-na-final-de-duplas-mistas\/\",\"url\":\"https:\/\/caleine.com\/luisa-stefani-brilha-na-final-de-duplas-mistas\/\",\"name\":\"Luisa Stefani Brilha na Final de Duplas Mistas -\",\"isPartOf\":{\"@id\":\"https:\/\/caleine.com\/#website\"},\"primaryImageOfPage\":{\"@id\":\"https:\/\/caleine.com\/luisa-stefani-brilha-na-final-de-duplas-mistas\/#primaryimage\"},\"image\":{\"@id\":\"https:\/\/caleine.com\/luisa-stefani-brilha-na-final-de-duplas-mistas\/#primaryimage\"},\"thumbnailUrl\":\"https:\/\/caleine.com\/wp-content\/uploads\/2025\/07\/req-ZAqQH8DSI6da5V8wxDMLp.png\",\"datePublished\":\"2025-07-09T20:12:53+00:00\",\"author\":{\"@id\":\"https:\/\/caleine.com\/#\/schema\/person\/3b0a162aeb9e0f8d47750f10c1587d48\"},\"breadcrumb\":{\"@id\":\"https:\/\/caleine.com\/luisa-stefani-brilha-na-final-de-duplas-mistas\/#breadcrumb\"},\"inLanguage\":\"es\",\"potentialAction\":[{\"@type\":\"ReadAction\",\"target\":[\"https:\/\/caleine.com\/luisa-stefani-brilha-na-final-de-duplas-mistas\/\"]}]},{\"@type\":\"ImageObject\",\"inLanguage\":\"es\",\"@id\":\"https:\/\/caleine.com\/luisa-stefani-brilha-na-final-de-duplas-mistas\/#primaryimage\",\"url\":\"https:\/\/caleine.com\/wp-content\/uploads\/2025\/07\/req-ZAqQH8DSI6da5V8wxDMLp.png\",\"contentUrl\":\"https:\/\/caleine.com\/wp-content\/uploads\/2025\/07\/req-ZAqQH8DSI6da5V8wxDMLp.png\",\"width\":1024,\"height\":624,\"caption\":\"Luisa Stefani comemorando ap\u00f3s vencer a semifinal de duplas mistas em Wimbledon.\"},{\"@type\":\"BreadcrumbList\",\"@id\":\"https:\/\/caleine.com\/luisa-stefani-brilha-na-final-de-duplas-mistas\/#breadcrumb\",\"itemListElement\":[{\"@type\":\"ListItem\",\"position\":1,\"name\":\"In\u00edcio\",\"item\":\"https:\/\/caleine.com\/\"},{\"@type\":\"ListItem\",\"position\":2,\"name\":\"Luisa Stefani Brilha na Final de Duplas Mistas\"}]},{\"@type\":\"WebSite\",\"@id\":\"https:\/\/caleine.com\/#website\",\"url\":\"https:\/\/caleine.com\/\",\"name\":\"\",\"description\":\"Caleine\",\"potentialAction\":[{\"@type\":\"SearchAction\",\"target\":{\"@type\":\"EntryPoint\",\"urlTemplate\":\"https:\/\/caleine.com\/?s={search_term_string}\"},\"query-input\":{\"@type\":\"PropertyValueSpecification\",\"valueRequired\":true,\"valueName\":\"search_term_string\"}}],\"inLanguage\":\"es\"},{\"@type\":\"Person\",\"@id\":\"https:\/\/caleine.com\/#\/schema\/person\/3b0a162aeb9e0f8d47750f10c1587d48\",\"name\":\"Andre\",\"image\":{\"@type\":\"ImageObject\",\"inLanguage\":\"es\",\"@id\":\"https:\/\/caleine.com\/#\/schema\/person\/image\/\",\"url\":\"https:\/\/secure.gravatar.com\/avatar\/631490c4d2811d45d5ab65f57e75e5cdca7c252f1eb8dd5b4eb4a7818d1dfaf6?s=96&d=mm&r=g\",\"contentUrl\":\"https:\/\/secure.gravatar.com\/avatar\/631490c4d2811d45d5ab65f57e75e5cdca7c252f1eb8dd5b4eb4a7818d1dfaf6?s=96&d=mm&r=g\",\"caption\":\"Andre\"},\"url\":\"https:\/\/caleine.com\/es\/author\/andre\/\"}]}<\/script>\n<!-- \/ Yoast SEO plugin. -->","yoast_head_json":{"title":"Luisa Stefani Brilha na Final de Duplas Mistas -","robots":{"index":"index","follow":"follow","max-snippet":"max-snippet:-1","max-image-preview":"max-image-preview:large","max-video-preview":"max-video-preview:-1"},"canonical":"https:\/\/caleine.com\/es\/luisa-stefani-brilha-na-final-de-duplas-mistas\/","og_locale":"es_MX","og_type":"article","og_title":"Luisa Stefani Brilha na Final de Duplas Mistas -","og_description":"Duplas Mistas s\u00e3o sempre um destaque nas competi\u00e7\u00f5es de t\u00eanis, e a atua\u00e7\u00e3o de Luisa Stefani em Wimbledon n\u00e3o \u00e9 exce\u00e7\u00e3o. A atleta brasileira fez hist\u00f3ria ao se classificar para a final de duplas mistas, derrotando a forte dupla de Marcelo Ar\u00e9valo e Shuai Zhang. Este feito marca a primeira [&hellip;]","og_url":"https:\/\/caleine.com\/es\/luisa-stefani-brilha-na-final-de-duplas-mistas\/","article_published_time":"2025-07-09T20:12:53+00:00","author":"Andre","twitter_card":"summary_large_image","twitter_misc":{"Escrito por":"Andre","Tiempo de lectura":"4 minutos"},"schema":{"@context":"https:\/\/schema.org","@graph":[{"@type":"WebPage","@id":"https:\/\/caleine.com\/luisa-stefani-brilha-na-final-de-duplas-mistas\/","url":"https:\/\/caleine.com\/luisa-stefani-brilha-na-final-de-duplas-mistas\/","name":"Luisa Stefani Brilha na Final de Duplas Mistas -","isPartOf":{"@id":"https:\/\/caleine.com\/#website"},"primaryImageOfPage":{"@id":"https:\/\/caleine.com\/luisa-stefani-brilha-na-final-de-duplas-mistas\/#primaryimage"},"image":{"@id":"https:\/\/caleine.com\/luisa-stefani-brilha-na-final-de-duplas-mistas\/#primaryimage"},"thumbnailUrl":"https:\/\/caleine.com\/wp-content\/uploads\/2025\/07\/req-ZAqQH8DSI6da5V8wxDMLp.png","datePublished":"2025-07-09T20:12:53+00:00","author":{"@id":"https:\/\/caleine.com\/#\/schema\/person\/3b0a162aeb9e0f8d47750f10c1587d48"},"breadcrumb":{"@id":"https:\/\/caleine.com\/luisa-stefani-brilha-na-final-de-duplas-mistas\/#breadcrumb"},"inLanguage":"es","potentialAction":[{"@type":"ReadAction","target":["https:\/\/caleine.com\/luisa-stefani-brilha-na-final-de-duplas-mistas\/"]}]},{"@type":"ImageObject","inLanguage":"es","@id":"https:\/\/caleine.com\/luisa-stefani-brilha-na-final-de-duplas-mistas\/#primaryimage","url":"https:\/\/caleine.com\/wp-content\/uploads\/2025\/07\/req-ZAqQH8DSI6da5V8wxDMLp.png","contentUrl":"https:\/\/caleine.com\/wp-content\/uploads\/2025\/07\/req-ZAqQH8DSI6da5V8wxDMLp.png","width":1024,"height":624,"caption":"Luisa Stefani comemorando ap\u00f3s vencer a semifinal de duplas mistas em Wimbledon."},{"@type":"BreadcrumbList","@id":"https:\/\/caleine.com\/luisa-stefani-brilha-na-final-de-duplas-mistas\/#breadcrumb","itemListElement":[{"@type":"ListItem","position":1,"name":"In\u00edcio","item":"https:\/\/caleine.com\/"},{"@type":"ListItem","position":2,"name":"Luisa Stefani Brilha na Final de Duplas Mistas"}]},{"@type":"WebSite","@id":"https:\/\/caleine.com\/#website","url":"https:\/\/caleine.com\/","name":"","description":"Caleine","potentialAction":[{"@type":"SearchAction","target":{"@type":"EntryPoint","urlTemplate":"https:\/\/caleine.com\/?s={search_term_string}"},"query-input":{"@type":"PropertyValueSpecification","valueRequired":true,"valueName":"search_term_string"}}],"inLanguage":"es"},{"@type":"Person","@id":"https:\/\/caleine.com\/#\/schema\/person\/3b0a162aeb9e0f8d47750f10c1587d48","name":"Andre","image":{"@type":"ImageObject","inLanguage":"es","@id":"https:\/\/caleine.com\/#\/schema\/person\/image\/","url":"https:\/\/secure.gravatar.com\/avatar\/631490c4d2811d45d5ab65f57e75e5cdca7c252f1eb8dd5b4eb4a7818d1dfaf6?s=96&d=mm&r=g","contentUrl":"https:\/\/secure.gravatar.com\/avatar\/631490c4d2811d45d5ab65f57e75e5cdca7c252f1eb8dd5b4eb4a7818d1dfaf6?s=96&d=mm&r=g","caption":"Andre"},"url":"https:\/\/caleine.com\/es\/author\/andre\/"}]}},"_links":{"self":[{"href":"https:\/\/caleine.com\/es\/wp-json\/wp\/v2\/posts\/1285","targetHints":{"allow":["GET"]}}],"collection":[{"href":"https:\/\/caleine.com\/es\/wp-json\/wp\/v2\/posts"}],"about":[{"href":"https:\/\/caleine.com\/es\/wp-json\/wp\/v2\/types\/post"}],"author":[{"embeddable":true,"href":"https:\/\/caleine.com\/es\/wp-json\/wp\/v2\/users\/13"}],"replies":[{"embeddable":true,"href":"https:\/\/caleine.com\/es\/wp-json\/wp\/v2\/comments?post=1285"}],"version-history":[{"count":0,"href":"https:\/\/caleine.com\/es\/wp-json\/wp\/v2\/posts\/1285\/revisions"}],"wp:featuredmedia":[{"embeddable":true,"href":"https:\/\/caleine.com\/es\/wp-json\/wp\/v2\/media\/1284"}],"wp:attachment":[{"href":"https:\/\/caleine.com\/es\/wp-json\/wp\/v2\/media?parent=1285"}],"wp:term":[{"taxonomy":"category","embeddable":true,"href":"https:\/\/caleine.com\/es\/wp-json\/wp\/v2\/categories?post=1285"},{"taxonomy":"post_tag","embeddable":true,"href":"https:\/\/caleine.com\/es\/wp-json\/wp\/v2\/tags?post=1285"}],"curies":[{"name":"wp","href":"https:\/\/api.w.org\/{rel}","templated":true}]}}