{"id":1359,"date":"2025-07-20T17:03:25","date_gmt":"2025-07-20T20:03:25","guid":{"rendered":"https:\/\/caleine.com\/brasil-conquista-ouro-na-ginastica-ritmica\/"},"modified":"2025-07-20T17:03:25","modified_gmt":"2025-07-20T20:03:25","slug":"brasil-conquista-ouro-na-ginastica-ritmica","status":"publish","type":"post","link":"https:\/\/caleine.com\/es\/brasil-conquista-ouro-na-ginastica-ritmica\/","title":{"rendered":"Brasil Conquista Ouro na Gin\u00e1stica R\u00edtmica"},"content":{"rendered":"<p><strong>A conquista da Medalha de Ouro<\/strong> pela sele\u00e7\u00e3o brasileira de gin\u00e1stica r\u00edtmica em uma etapa da Copa do Mundo em Mil\u00e3o marca um momento hist\u00f3rico para o esporte nacional.<\/p>\n<p>No dia 19 de julho de 2025, as atletas brilharam ao obter 26.900 pontos na s\u00e9rie mista, consolidando sua lideran\u00e7a com um total de 52.850 pontos.<\/p>\n<p>Neste artigo, vamos explorar o desempenho impressionante da equipe, a disputa acirrada com Jap\u00e3o e China, e o destaque individual de B\u00e1rbara Domingos, que se classificou para v\u00e1rias finais.<\/p>\n<p>Al\u00e9m disso, abordaremos os pr\u00f3ximos desafios que o Brasil enfrentar\u00e1 nas competi\u00e7\u00f5es.<\/p>\n<h2>Conquista Hist\u00f3rica: Ouro Brasileiro no Conjunto Geral<\/h2>\n<p>No dia <strong>19 de julho de 2025<\/strong>, a equipe brasileira de gin\u00e1stica r\u00edtmica alcan\u00e7ou uma fa\u00e7anha impressionante ao conquistar o t\u00e3o esperado ouro no conjunto geral da Copa do Mundo, realizada em Mil\u00e3o.<\/p>\n<p>O desempenho excepcional das ginastas, embalado por uma apresenta\u00e7\u00e3o sincronizada e cheia de emo\u00e7\u00e3o, encantou o p\u00fablico.<\/p>\n<p>Ao som do cl\u00e1ssico &#8216;Evid\u00eancias&#8217;, Duda Arakaki, Maria Paula Caminha, Mariana Gon\u00e7alves, Sofia Pereira e Nicole P\u00edrcio estavam determinadas a brilhar na competi\u00e7\u00e3o.<\/p>\n<p>Com uma performance impec\u00e1vel na s\u00e9rie mista de tr\u00eas bolas e dois arcos, o Brasil acumulou not\u00e1veis <strong>26.900 pontos<\/strong>.<\/p>\n<p>Esta pontua\u00e7\u00e3o, aliada aos <strong>25.950 pontos<\/strong> conquistados no dia anterior, resultou em um total de <strong>52.850 pontos<\/strong>, garantindo a vit\u00f3ria de maneira surpreendente.<\/p>\n<p>O feito \u00e9 ainda mais significativo ao considerar que o Brasil superou tradicionais pot\u00eancias do esporte, como <u>Jap\u00e3o<\/u> Es <u>China<\/u>, que completaram o p\u00f3dio.<\/p>\n<p>Este resultado representou um marco na hist\u00f3ria da gin\u00e1stica r\u00edtmica nacional, simbolizando n\u00e3o apenas uma vit\u00f3ria esportiva, mas tamb\u00e9m um exemplo de determina\u00e7\u00e3o e talento.<\/p>\n<p>A not\u00edcia foi destaque em publica\u00e7\u00f5es de renome, como a <a href=\"https:\/\/ge.globo.com\/ginastica-ritmica\/noticia\/2025\/07\/19\/brasil-conquista-ouro-inedito-no-conjunto-geral-da-ginastica-ritmica-na-copa-do-mundo.ghtml\" alt=\"Globo Esporte sobre a vit\u00f3ria\">Globo Esporte<\/a>, ressaltando a import\u00e2ncia deste triunfo para o esporte brasileiro.<\/p>\n<p>Esta vit\u00f3ria n\u00e3o apenas celebra o talento e a performance das atletas, mas tamb\u00e9m inspira novas gera\u00e7\u00f5es de ginastas a sonhar e realizar o imposs\u00edvel.<\/p>\n<p>Com olhos j\u00e1 voltados para as futuras competi\u00e7\u00f5es, o Brasil reafirma sua posi\u00e7\u00e3o de destaque na cena internacional.<\/p>\n<h2>Desempenho na S\u00e9rie Mista: Estrat\u00e9gia e Execu\u00e7\u00e3o<\/h2>\n<p>A s\u00e9rie mista de <u>tr\u00eas bolas e dois arcos<\/u> destacou-se pela sua complexidade e precis\u00e3o, levando o Brasil a alcan\u00e7ar <strong>26.900 pontos<\/strong>, um feito hist\u00f3rico na etapa da Copa do Mundo em Mil\u00e3o.<\/p>\n<p>A execu\u00e7\u00e3o harmoniosa dependeu de uma estrat\u00e9gia meticulosamente elaborada e praticada \u00e0 exaust\u00e3o.<\/p>\n<p>Segundo especialistas, como destacou o t\u00e9cnico-chefe, a apresenta\u00e7\u00e3o definiu um novo marco no que tange \u00e0 excel\u00eancia esportiva.<\/p>\n<p>&#8220;<u>Este \u00e9 o novo padr\u00e3o de excel\u00eancia que o Brasil apresenta ao mundo<\/u>&#8220;, comentou ele, logo ap\u00f3s presenciar a apresenta\u00e7\u00e3o impec\u00e1vel.<\/p>\n<p>A sincronia foi fundamental, onde cada movimento complementava o outro, mantendo a fluidez e o ritmo necess\u00e1rios para impressionar os ju\u00edzes.<\/p>\n<p>O dom\u00ednio t\u00e9cnico e a expressividade foram essenciais para conquistar a pontua\u00e7\u00e3o alta.<\/p>\n<p>Para mais detalhes sobre essa conquista hist\u00f3rica do Brasil, confira a <a href=\"https:\/\/www.olympics.com\/pt\/noticias\/brasil-conquista-primeiro-ouro-copa-do-mundo-ginastica-ritmica-milao\" alt=\"Brasil conquista ouro na Copa do Mundo de Gin\u00e1stica\">not\u00edcia oficial sobre a conquista<\/a>.<\/p>\n<p>A performance do Brasil na s\u00e9rie mista serve como exemplo a ser seguido, mostrando que o talento aliado a uma prepara\u00e7\u00e3o cuidadosa pode produzir resultados extraordin\u00e1rios.<\/p>\n<h2>Rivalidade no P\u00f3dio: Jap\u00e3o e China na Disputa<\/h2>\n<p>A disputa na Copa do Mundo de Gin\u00e1stica R\u00edtmica em Mil\u00e3o em 2025 destacou a <u>rivalidade hist\u00f3rica<\/u> entre as sele\u00e7\u00f5es do <u>Jap\u00e3o<\/u> e da <u>China<\/u>, reconhecidas mundialmente por sua tradi\u00e7\u00e3o e excel\u00eancia na modalidade.<\/p>\n<p>Entretanto, o Brasil surpreendeu ao quebrar essa hegemonia, solidificando sua posi\u00e7\u00e3o no cen\u00e1rio global.<\/p>\n<p>A equipe brasileira mostrou <u>not\u00e1vel consist\u00eancia<\/u> ao alcan\u00e7ar a <a href=\"https:\/\/radardigitalbrasilia.com.br\/esportes\/ginastica-ritmica-brasil-conquista-ouro-historico-no-conjunto-geral-na-copa-do-mundo\/\" alt=\"Brasil conquista ouro hist\u00f3rico na Copa do Mundo\">primeira posi\u00e7\u00e3o<\/a> com uma pontua\u00e7\u00e3o impressionante de <strong>52.850<\/strong> pontos.<\/p>\n<p>Esta conquista n\u00e3o s\u00f3 alterou o equil\u00edbrio tradicional no p\u00f3dio, mas tamb\u00e9m criou uma <u>nova narrativa<\/u> para a gin\u00e1stica r\u00edtmica, onde a inova\u00e7\u00e3o e talento brasileiros superaram os tradicionais artif\u00edcios asi\u00e1ticos.<\/p>\n<p>A tabela a seguir ilustra essa disputa intensa:<\/p>\n<table>\n<thead>\n<tr>\n<th>Equipe<\/th>\n<th>Pontos<\/th>\n<\/tr>\n<\/thead>\n<tbody>\n<tr>\n<td>Brasil<\/td>\n<td><strong>52.850<\/strong><\/td>\n<\/tr>\n<tr>\n<td>Jap\u00e3o<\/td>\n<td><strong>50.500<\/strong><\/td>\n<\/tr>\n<tr>\n<td>China<\/td>\n<td><strong>50.200<\/strong><\/td>\n<\/tr>\n<\/tbody>\n<\/table>\n<p>O Jap\u00e3o, tradicionalmente forte, e a China, com suas rotinas precisas, continuam a ser concorrentes de peso, mas o <a href=\"https:\/\/ge.globo.com\/ginastica-ritmica\/noticia\/2025\/07\/19\/brasil-conquista-ouro-inedito-no-conjunto-geral-da-ginastica-ritmica-na-copa-do-mundo.ghtml\" alt=\"Brasil conquista ouro in\u00e9dito na Copa do Mundo\">resultado em Mil\u00e3o<\/a> reafirmou que a gin\u00e1stica r\u00edtmica mundial est\u00e1 passando por uma transforma\u00e7\u00e3o, com o Brasil emergindo como nova pot\u00eancia.<\/p>\n<h2>Destaques Individuais: B\u00e1rbara Domingos nas Finais<\/h2>\n<p>B\u00e1rbara Domingos se destacou na Copa do Mundo de Gin\u00e1stica R\u00edtmica em Mil\u00e3o 2025, garantindo uma <strong>nona coloca\u00e7\u00e3o<\/strong> no individual geral, totalizando 108.000 pontos.<\/p>\n<p>Esse resultado reflete seu talento e dedica\u00e7\u00e3o \u00e0 gin\u00e1stica r\u00edtmica.<\/p>\n<p>Com essa performance, ela consolidou o Brasil como uma for\u00e7a relevante tamb\u00e9m no cen\u00e1rio individual, mostrando que o pa\u00eds n\u00e3o brilha apenas nas competi\u00e7\u00f5es em grupo.<\/p>\n<p>Seu desempenho excepcional a classificou para as finais em tr\u00eas aparelhos: <u>fita<\/u>, <u>arco<\/u> Es <u>bola<\/u>.<\/p>\n<p>Na final da bola, B\u00e1rbara conquistou a sexta posi\u00e7\u00e3o com 28.500 pontos, sua melhor marca entre as finais.<\/p>\n<p>J\u00e1 no arco e na fita, a ginasta ficou em s\u00e9timo lugar, somando 27.450 e 25.650 pontos, respectivamente.<\/p>\n<p>Como mencionado na not\u00edcia da <a href=\"https:\/\/www.gov.br\/esporte\/pt-br\/noticias-e-conteudos\/esporte\/brasil-faz-historia-na-ginastica-ritmica-e-se-prepara-para-o-mundial-no-rio-de-janeiro-1\" alt=\"Brasil faz hist\u00f3ria na gin\u00e1stica r\u00edtmica\">Governo Brasileiro sobre destaques na gin\u00e1stica<\/a>, a consist\u00eancia de seus resultados reafirma seu potencial.<\/p>\n<p>Al\u00e9m disso, a participa\u00e7\u00e3o de B\u00e1rbara na final da bola destacou sua capacidade t\u00e9cnica e habilidade de improvisa\u00e7\u00e3o mesmo diante de fortes advers\u00e1rias internacionais.<\/p>\n<p>A competi\u00e7\u00e3o n\u00e3o apenas colocou o Brasil em destaque por meio do conjunto, mas tamb\u00e9m sublinhou o talento individual de B\u00e1rbara na cena mundial, sendo a \u00fanica ginasta da equipe a avan\u00e7ar em tr\u00eas aparelhos distintos.<\/p>\n<p>A pr\u00f3xima oportunidade de mostrar sua evolu\u00e7\u00e3o ser\u00e1 nas finais das s\u00e9ries de <strong>cinco fitas<\/strong> e mista, conforme divulgado por <a href=\"https:\/\/ge.globo.com\/ginastica-ritmica\/noticia\/2025\/07\/20\/apos-ouro-inedito-brasil-ganha-bronze-no-conjunto-de-bolas-e-arcos-da-copa-do-mundo-de-milao.ghtml\" alt=\"Ap\u00f3s ouro in\u00e9dito, Brasil ganha bronze na Copa do Mundo\">Globo Esporte<\/a>.<\/p>\n<p>Com seu empenho, B\u00e1rbara continua a inspirar novas gera\u00e7\u00f5es de ginastas brasileiras.<\/p>\n<h2>Pr\u00f3ximos Desafios: Finais de Cinco Fitas e Mista<\/h2>\n<p>A sele\u00e7\u00e3o brasileira de gin\u00e1stica r\u00edtmica est\u00e1 pronta para brilhar novamente nas finais da Copa do Mundo em Mil\u00e3o, neste <u><strong>20 de julho<\/strong><\/u>.<\/p>\n<p>Ap\u00f3s a <u>conquista hist\u00f3rica do ouro no conjunto geral<\/u>, as atletas buscam manter o ritmo e alcan\u00e7ar novas conquistas nas finais de <u>s\u00e9rie de cinco fitas<\/u> Es <u>s\u00e9rie mista<\/u>.<\/p>\n<p>Sempre focadas na precis\u00e3o e criatividade das coreografias, rumo a mais uma performance deslumbrante.<\/p>\n<p>A competi\u00e7\u00e3o est\u00e1 acirrada, especialmente contra times como o Jap\u00e3o e a China, que tamb\u00e9m marcaram forte presen\u00e7a neste torneio.<\/p>\n<p>Com as performances excepcionais em exibi\u00e7\u00f5es passadas, como detalhado no <a href=\"https:\/\/www.olympics.com\/pt\/noticias\/brasil-ginastica-ritmica-copa-mundo-milao-finais-aparelhos\" alt=\"not\u00edcias sobre as finais de aparelhos de gin\u00e1stica r\u00edtmica em Mil\u00e3o\">site oficial das Olimp\u00edadas<\/a>, o Brasil demonstra confian\u00e7a em seu potencial.<\/p>\n<p>As expectativas s\u00e3o altas e o time est\u00e1 unido, determinado a ampliar o quadro de medalhas com mais atua\u00e7\u00f5es impec\u00e1veis, evidenciando que o pa\u00eds est\u00e1 firme no cen\u00e1rio mundial da gin\u00e1stica r\u00edtmica.<\/p>\n<p>As s\u00e9ries que os f\u00e3s aguardam ansiosamente s\u00e3o:<\/p>\n<ul>\n<li><u>S\u00e9rie de cinco fitas<\/u><\/li>\n<li><u>S\u00e9rie mista<\/u><\/li>\n<\/ul>\n<p><strong>A conquista da Medalha de Ouro<\/strong> em Mil\u00e3o \u00e9 apenas o come\u00e7o para a sele\u00e7\u00e3o brasileira.<\/p>\n<p>A expectativa \u00e9 alta para as finais de cinco fitas e s\u00e9rie mista, onde as atletas t\u00eam a chance de brilhar ainda mais.<\/p>\n<p>O futuro promete grandes emo\u00e7\u00f5es para os f\u00e3s da gin\u00e1stica r\u00edtmica.<\/p>","protected":false},"excerpt":{"rendered":"<p>A conquista da Medalha de Ouro pela sele\u00e7\u00e3o brasileira de gin\u00e1stica r\u00edtmica em uma etapa da Copa do Mundo em Mil\u00e3o marca um momento hist\u00f3rico para o esporte nacional. No dia 19 de julho de 2025, as atletas brilharam ao obter 26.900 pontos na s\u00e9rie mista, consolidando sua lideran\u00e7a com [&hellip;]<\/p>","protected":false},"author":13,"featured_media":1358,"comment_status":"open","ping_status":"open","sticky":false,"template":"","format":"standard","meta":{"footnotes":""},"categories":[738],"tags":[927,984,983],"class_list":["post-1359","post","type-post","status-publish","format-standard","has-post-thumbnail","hentry","category-esporte","tag-copa-do-mundo","tag-ginastica-ritmica","tag-medalha-de-ouro"],"yoast_head":"<!-- This site is optimized with the Yoast SEO plugin v24.5 - https:\/\/yoast.com\/wordpress\/plugins\/seo\/ -->\n<title>Brasil Conquista Ouro na Gin\u00e1stica R\u00edtmica -<\/title>\n<meta name=\"robots\" content=\"index, follow, max-snippet:-1, max-image-preview:large, max-video-preview:-1\" \/>\n<link rel=\"canonical\" href=\"https:\/\/caleine.com\/es\/brasil-conquista-ouro-na-ginastica-ritmica\/\" \/>\n<meta property=\"og:locale\" content=\"es_MX\" \/>\n<meta property=\"og:type\" content=\"article\" \/>\n<meta property=\"og:title\" content=\"Brasil Conquista Ouro na Gin\u00e1stica R\u00edtmica -\" \/>\n<meta property=\"og:description\" content=\"A conquista da Medalha de Ouro pela sele\u00e7\u00e3o brasileira de gin\u00e1stica r\u00edtmica em uma etapa da Copa do Mundo em Mil\u00e3o marca um momento hist\u00f3rico para o esporte nacional. No dia 19 de julho de 2025, as atletas brilharam ao obter 26.900 pontos na s\u00e9rie mista, consolidando sua lideran\u00e7a com [&hellip;]\" \/>\n<meta property=\"og:url\" content=\"https:\/\/caleine.com\/es\/brasil-conquista-ouro-na-ginastica-ritmica\/\" \/>\n<meta property=\"article:published_time\" content=\"2025-07-20T20:03:25+00:00\" \/>\n<meta name=\"author\" content=\"Andre\" \/>\n<meta name=\"twitter:card\" content=\"summary_large_image\" \/>\n<meta name=\"twitter:label1\" content=\"Escrito por\" \/>\n\t<meta name=\"twitter:data1\" content=\"Andre\" \/>\n\t<meta name=\"twitter:label2\" content=\"Tiempo de lectura\" \/>\n\t<meta name=\"twitter:data2\" content=\"6 minutos\" \/>\n<script type=\"application\/ld+json\" class=\"yoast-schema-graph\">{\"@context\":\"https:\/\/schema.org\",\"@graph\":[{\"@type\":\"WebPage\",\"@id\":\"https:\/\/caleine.com\/brasil-conquista-ouro-na-ginastica-ritmica\/\",\"url\":\"https:\/\/caleine.com\/brasil-conquista-ouro-na-ginastica-ritmica\/\",\"name\":\"Brasil Conquista Ouro na Gin\u00e1stica R\u00edtmica -\",\"isPartOf\":{\"@id\":\"https:\/\/caleine.com\/#website\"},\"primaryImageOfPage\":{\"@id\":\"https:\/\/caleine.com\/brasil-conquista-ouro-na-ginastica-ritmica\/#primaryimage\"},\"image\":{\"@id\":\"https:\/\/caleine.com\/brasil-conquista-ouro-na-ginastica-ritmica\/#primaryimage\"},\"thumbnailUrl\":\"https:\/\/caleine.com\/wp-content\/uploads\/2025\/07\/1753041792771.png\",\"datePublished\":\"2025-07-20T20:03:25+00:00\",\"author\":{\"@id\":\"https:\/\/caleine.com\/#\/schema\/person\/3b0a162aeb9e0f8d47750f10c1587d48\"},\"breadcrumb\":{\"@id\":\"https:\/\/caleine.com\/brasil-conquista-ouro-na-ginastica-ritmica\/#breadcrumb\"},\"inLanguage\":\"es\",\"potentialAction\":[{\"@type\":\"ReadAction\",\"target\":[\"https:\/\/caleine.com\/brasil-conquista-ouro-na-ginastica-ritmica\/\"]}]},{\"@type\":\"ImageObject\",\"inLanguage\":\"es\",\"@id\":\"https:\/\/caleine.com\/brasil-conquista-ouro-na-ginastica-ritmica\/#primaryimage\",\"url\":\"https:\/\/caleine.com\/wp-content\/uploads\/2025\/07\/1753041792771.png\",\"contentUrl\":\"https:\/\/caleine.com\/wp-content\/uploads\/2025\/07\/1753041792771.png\",\"width\":1024,\"height\":624,\"caption\":\"undefined\"},{\"@type\":\"BreadcrumbList\",\"@id\":\"https:\/\/caleine.com\/brasil-conquista-ouro-na-ginastica-ritmica\/#breadcrumb\",\"itemListElement\":[{\"@type\":\"ListItem\",\"position\":1,\"name\":\"In\u00edcio\",\"item\":\"https:\/\/caleine.com\/\"},{\"@type\":\"ListItem\",\"position\":2,\"name\":\"Brasil Conquista Ouro na Gin\u00e1stica R\u00edtmica\"}]},{\"@type\":\"WebSite\",\"@id\":\"https:\/\/caleine.com\/#website\",\"url\":\"https:\/\/caleine.com\/\",\"name\":\"\",\"description\":\"Caleine\",\"potentialAction\":[{\"@type\":\"SearchAction\",\"target\":{\"@type\":\"EntryPoint\",\"urlTemplate\":\"https:\/\/caleine.com\/?s={search_term_string}\"},\"query-input\":{\"@type\":\"PropertyValueSpecification\",\"valueRequired\":true,\"valueName\":\"search_term_string\"}}],\"inLanguage\":\"es\"},{\"@type\":\"Person\",\"@id\":\"https:\/\/caleine.com\/#\/schema\/person\/3b0a162aeb9e0f8d47750f10c1587d48\",\"name\":\"Andre\",\"image\":{\"@type\":\"ImageObject\",\"inLanguage\":\"es\",\"@id\":\"https:\/\/caleine.com\/#\/schema\/person\/image\/\",\"url\":\"https:\/\/secure.gravatar.com\/avatar\/631490c4d2811d45d5ab65f57e75e5cdca7c252f1eb8dd5b4eb4a7818d1dfaf6?s=96&d=mm&r=g\",\"contentUrl\":\"https:\/\/secure.gravatar.com\/avatar\/631490c4d2811d45d5ab65f57e75e5cdca7c252f1eb8dd5b4eb4a7818d1dfaf6?s=96&d=mm&r=g\",\"caption\":\"Andre\"},\"url\":\"https:\/\/caleine.com\/es\/author\/andre\/\"}]}<\/script>\n<!-- \/ Yoast SEO plugin. -->","yoast_head_json":{"title":"Brasil Conquista Ouro na Gin\u00e1stica R\u00edtmica -","robots":{"index":"index","follow":"follow","max-snippet":"max-snippet:-1","max-image-preview":"max-image-preview:large","max-video-preview":"max-video-preview:-1"},"canonical":"https:\/\/caleine.com\/es\/brasil-conquista-ouro-na-ginastica-ritmica\/","og_locale":"es_MX","og_type":"article","og_title":"Brasil Conquista Ouro na Gin\u00e1stica R\u00edtmica -","og_description":"A conquista da Medalha de Ouro pela sele\u00e7\u00e3o brasileira de gin\u00e1stica r\u00edtmica em uma etapa da Copa do Mundo em Mil\u00e3o marca um momento hist\u00f3rico para o esporte nacional. No dia 19 de julho de 2025, as atletas brilharam ao obter 26.900 pontos na s\u00e9rie mista, consolidando sua lideran\u00e7a com [&hellip;]","og_url":"https:\/\/caleine.com\/es\/brasil-conquista-ouro-na-ginastica-ritmica\/","article_published_time":"2025-07-20T20:03:25+00:00","author":"Andre","twitter_card":"summary_large_image","twitter_misc":{"Escrito por":"Andre","Tiempo de lectura":"6 minutos"},"schema":{"@context":"https:\/\/schema.org","@graph":[{"@type":"WebPage","@id":"https:\/\/caleine.com\/brasil-conquista-ouro-na-ginastica-ritmica\/","url":"https:\/\/caleine.com\/brasil-conquista-ouro-na-ginastica-ritmica\/","name":"Brasil Conquista Ouro na Gin\u00e1stica R\u00edtmica -","isPartOf":{"@id":"https:\/\/caleine.com\/#website"},"primaryImageOfPage":{"@id":"https:\/\/caleine.com\/brasil-conquista-ouro-na-ginastica-ritmica\/#primaryimage"},"image":{"@id":"https:\/\/caleine.com\/brasil-conquista-ouro-na-ginastica-ritmica\/#primaryimage"},"thumbnailUrl":"https:\/\/caleine.com\/wp-content\/uploads\/2025\/07\/1753041792771.png","datePublished":"2025-07-20T20:03:25+00:00","author":{"@id":"https:\/\/caleine.com\/#\/schema\/person\/3b0a162aeb9e0f8d47750f10c1587d48"},"breadcrumb":{"@id":"https:\/\/caleine.com\/brasil-conquista-ouro-na-ginastica-ritmica\/#breadcrumb"},"inLanguage":"es","potentialAction":[{"@type":"ReadAction","target":["https:\/\/caleine.com\/brasil-conquista-ouro-na-ginastica-ritmica\/"]}]},{"@type":"ImageObject","inLanguage":"es","@id":"https:\/\/caleine.com\/brasil-conquista-ouro-na-ginastica-ritmica\/#primaryimage","url":"https:\/\/caleine.com\/wp-content\/uploads\/2025\/07\/1753041792771.png","contentUrl":"https:\/\/caleine.com\/wp-content\/uploads\/2025\/07\/1753041792771.png","width":1024,"height":624,"caption":"undefined"},{"@type":"BreadcrumbList","@id":"https:\/\/caleine.com\/brasil-conquista-ouro-na-ginastica-ritmica\/#breadcrumb","itemListElement":[{"@type":"ListItem","position":1,"name":"In\u00edcio","item":"https:\/\/caleine.com\/"},{"@type":"ListItem","position":2,"name":"Brasil Conquista Ouro na Gin\u00e1stica R\u00edtmica"}]},{"@type":"WebSite","@id":"https:\/\/caleine.com\/#website","url":"https:\/\/caleine.com\/","name":"","description":"Caleine","potentialAction":[{"@type":"SearchAction","target":{"@type":"EntryPoint","urlTemplate":"https:\/\/caleine.com\/?s={search_term_string}"},"query-input":{"@type":"PropertyValueSpecification","valueRequired":true,"valueName":"search_term_string"}}],"inLanguage":"es"},{"@type":"Person","@id":"https:\/\/caleine.com\/#\/schema\/person\/3b0a162aeb9e0f8d47750f10c1587d48","name":"Andre","image":{"@type":"ImageObject","inLanguage":"es","@id":"https:\/\/caleine.com\/#\/schema\/person\/image\/","url":"https:\/\/secure.gravatar.com\/avatar\/631490c4d2811d45d5ab65f57e75e5cdca7c252f1eb8dd5b4eb4a7818d1dfaf6?s=96&d=mm&r=g","contentUrl":"https:\/\/secure.gravatar.com\/avatar\/631490c4d2811d45d5ab65f57e75e5cdca7c252f1eb8dd5b4eb4a7818d1dfaf6?s=96&d=mm&r=g","caption":"Andre"},"url":"https:\/\/caleine.com\/es\/author\/andre\/"}]}},"_links":{"self":[{"href":"https:\/\/caleine.com\/es\/wp-json\/wp\/v2\/posts\/1359","targetHints":{"allow":["GET"]}}],"collection":[{"href":"https:\/\/caleine.com\/es\/wp-json\/wp\/v2\/posts"}],"about":[{"href":"https:\/\/caleine.com\/es\/wp-json\/wp\/v2\/types\/post"}],"author":[{"embeddable":true,"href":"https:\/\/caleine.com\/es\/wp-json\/wp\/v2\/users\/13"}],"replies":[{"embeddable":true,"href":"https:\/\/caleine.com\/es\/wp-json\/wp\/v2\/comments?post=1359"}],"version-history":[{"count":0,"href":"https:\/\/caleine.com\/es\/wp-json\/wp\/v2\/posts\/1359\/revisions"}],"wp:featuredmedia":[{"embeddable":true,"href":"https:\/\/caleine.com\/es\/wp-json\/wp\/v2\/media\/1358"}],"wp:attachment":[{"href":"https:\/\/caleine.com\/es\/wp-json\/wp\/v2\/media?parent=1359"}],"wp:term":[{"taxonomy":"category","embeddable":true,"href":"https:\/\/caleine.com\/es\/wp-json\/wp\/v2\/categories?post=1359"},{"taxonomy":"post_tag","embeddable":true,"href":"https:\/\/caleine.com\/es\/wp-json\/wp\/v2\/tags?post=1359"}],"curies":[{"name":"wp","href":"https:\/\/api.w.org\/{rel}","templated":true}]}}