{"id":2241,"date":"2025-12-01T17:02:19","date_gmt":"2025-12-01T20:02:19","guid":{"rendered":"https:\/\/caleine.com\/isencao-do-imposto-de-renda-para-renda-mensal-baixa\/"},"modified":"2025-12-01T17:02:19","modified_gmt":"2025-12-01T20:02:19","slug":"isencao-do-imposto-de-renda-para-renda-mensal-baixa","status":"publish","type":"post","link":"https:\/\/caleine.com\/es\/isencao-do-imposto-de-renda-para-renda-mensal-baixa\/","title":{"rendered":"Isen\u00e7\u00e3o do Imposto de Renda Para Renda Mensal Baixa"},"content":{"rendered":"<p><strong>Isen\u00e7\u00e3o Imposto<\/strong> de Renda para sal\u00e1rios at\u00e9 R$ 5.000 \u00e9 uma medida que promete transformar o cen\u00e1rio econ\u00f4mico brasileiro.<\/p>\n<p>Com previs\u00e3o de inje\u00e7\u00e3o de R$ 28 bilh\u00f5es na economia at\u00e9 2026, essa legisla\u00e7\u00e3o ampliar\u00e1 a faixa de isen\u00e7\u00e3o, proporcionando est\u00edmulos significativos para o com\u00e9rcio, ind\u00fastria e setor de servi\u00e7os.<\/p>\n<p>Al\u00e9m disso, a gera\u00e7\u00e3o de empregos e novas oportunidades ser\u00e1 uma consequ\u00eancia direta dessa mudan\u00e7a.<\/p>\n<p>O financiamento dessa isen\u00e7\u00e3o vir\u00e1 da taxa\u00e7\u00e3o dos super-ricos, criando um sistema mais justo.<\/p>\n<p>Neste artigo, exploraremos os impactos e os desdobramentos dessa importante iniciativa.<\/p>\n<h2>Isen\u00e7\u00e3o Integral at\u00e9 R$ 5.000 e Impacto de R$ 28 bilh\u00f5es em 2026<\/h2>\n<p>A nova lei que isenta do Imposto de Renda para sal\u00e1rios at\u00e9 <strong>R$ 5.000<\/strong> mensais surge como um marco fiscal significativo no Brasil.<\/p>\n<p>Essa mudan\u00e7a n\u00e3o s\u00f3 reduz a carga tribut\u00e1ria para milhares de trabalhadores, mas tamb\u00e9m desempenha um papel crucial ao injetar <strong>R$ 28 bilh\u00f5es<\/strong> na economia j\u00e1 em 2026. Tal quantia prevista promete um <u>efeito multiplicador na economia<\/u>, criando um cen\u00e1rio otimista para o com\u00e9rcio, a ind\u00fastria e o setor de servi\u00e7os, al\u00e9m de fomentar o empreendedorismo.<\/p>\n<p>De acordo com a informa\u00e7\u00e3o encontrada no site da <a href=\"https:\/\/www.gov.br\/fazenda\/pt-br\/assuntos\/noticias\/2025\/novembro\/presidente-sanciona-lei-que-amplia-isencao-do-imposto-de-renda-para-quem-ganha-ate-r-5-mil\" alt=\"Minist\u00e9rio da Fazenda\">Minist\u00e9rio da Fazenda<\/a>, a medida n\u00e3o comprometer\u00e1 investimentos em \u00e1reas essenciais, pois seu financiamento prov\u00e9m da taxa\u00e7\u00e3o de altos rendimentos que superam R$ 1 milh\u00e3o anual.<\/p>\n<p>Portanto, a convers\u00e3o do desconto no contracheque dos trabalhadores em renda dispon\u00edvel \u00e9 mais do que uma simples desonera\u00e7\u00e3o: \u00e9 um est\u00edmulo direto \u00e0 cria\u00e7\u00e3o de novas oportunidades de emprego, beneficiando milh\u00f5es de brasileiros e fortalecendo a economia nacional.<\/p>\n<h2>Est\u00edmulos aos Setores Produtivos<\/h2>\n<p>A amplia\u00e7\u00e3o da faixa de isen\u00e7\u00e3o do Imposto de Renda no Brasil ir\u00e1 gerar um impulso significativo em diversos setores econ\u00f4micos, contribuindo para o crescimento sustent\u00e1vel e a cria\u00e7\u00e3o de empregos.<\/p>\n<p>Esta medida promove um ambiente favor\u00e1vel ao aumento do poder de consumo, uma vez que os trabalhadores passam a ter um maior rendimento dispon\u00edvel, injetando diretamente R$ 28 bilh\u00f5es na economia prevista para 2026, de acordo com as informa\u00e7\u00f5es dispon\u00edveis.<\/p>\n<p><u>O impacto positivo \u00e9 percebido em diferentes setores<\/u>:<\/p>\n<ul>\n<li><strong>com\u00e9rcio<\/strong><\/li>\n<li><strong>ind\u00fastria<\/strong><\/li>\n<li><strong>setor de servi\u00e7os<\/strong><\/li>\n<li><strong>empreendedorismo<\/strong><\/li>\n<\/ul>\n<p>Esses segmentos experimentam um aumento na demanda por produtos e servi\u00e7os, o que resulta em mais atividade produtiva e oportunidades para expans\u00e3o dos neg\u00f3cios.<\/p>\n<p>Al\u00e9m disso, a redu\u00e7\u00e3o da carga tribut\u00e1ria sobre a classe m\u00e9dia, conforme <a href=\"https:\/\/www.fecap.br\/2025\/10\/13\/isencao-do-ir-para-quem-ganha-ate-r-5-mil-entenda-os-impactos-da-mudanca\/\" alt=\"an\u00e1lises de impacto fiscal da FECAP\">an\u00e1lises de impacto fiscal da FECAP<\/a>, tamb\u00e9m viabiliza uma maior competitividade e inova\u00e7\u00e3o dentro desses mercados.<\/p>\n<p>A iniciativa n\u00e3o compromete \u00e1reas essenciais, pois a compensa\u00e7\u00e3o fiscal ser\u00e1 feita por meio de taxa\u00e7\u00e3o de indiv\u00edduos com rendimentos anuais acima de R$ 1 milh\u00e3o.<\/p>\n<p>Esta medida representa uma <u><strong>estrat\u00e9gia econ\u00f4mica crucial<\/strong><\/u> para alavancar o desenvolvimento e proporcionar um cen\u00e1rio de maior equidade econ\u00f4mica no pa\u00eds.<\/p>\n<h2>Financiamento pela Taxa\u00e7\u00e3o dos Super-Ricos<\/h2>\n<p>A recente proposta de isen\u00e7\u00e3o do Imposto de Renda para indiv\u00edduos que recebem at\u00e9 R$ 5.000 mensais ser\u00e1 financiada por meio da <strong>taxa\u00e7\u00e3o dos super-ricos<\/strong>.<\/p>\n<p>Essa medida pretende garantir que contribuam aqueles que possuem rendimentos <strong>mais de R$ 1 milh\u00e3o por ano<\/strong>.<\/p>\n<p>Em vez de reduzir o or\u00e7amento de \u00e1reas cr\u00edticas, como sa\u00fade e educa\u00e7\u00e3o, a reforma se concentra em uma redistribui\u00e7\u00e3o consciente e equilibrada dos tributos.<\/p>\n<p>Segundo mat\u00e9rias publicadas, como na <a href=\"https:\/\/g1.globo.com\/economia\/noticia\/2025\/11\/05\/quem-ganha-e-quem-perde-com-esperada-aprovacao-do-novo-ir-que-eleva-isencao-e-taxa-super-ricos.ghtml\" alt=\"Clique aqui para mais informa\u00e7\u00f5es econ\u00f4micas sobre o novo IR\">G1 Not\u00edcias Econ\u00f4micas<\/a>, a reforma contribuir\u00e1 diretamente para estimular a economia, incentivando o crescimento do consumo.<\/p>\n<p>Assim, garante um ciclo virtuoso que promove atividade econ\u00f4mica sem comprometer os pilares do bem-estar social.<\/p>\n<p><u><strong>Sem cortes em sa\u00fade e educa\u00e7\u00e3o<\/strong><\/u>.<\/p>\n<h2>Desconto Convertido em Renda Adicional a partir de Janeiro<\/h2>\n<p>A partir de <strong>janeiro<\/strong>, os trabalhadores que ganham at\u00e9 R$ 5.000 mensais ser\u00e3o beneficiados com a isen\u00e7\u00e3o total do Imposto de Renda.<\/p>\n<p>Consequentemente, o desconto que antes era abatido diretamente no contracheque ser\u00e1 <strong>convertido em renda adicional<\/strong>.<\/p>\n<p>Essa mudan\u00e7a representa um al\u00edvio financeiro importante para muitos brasileiros.<\/p>\n<p>Por exemplo, um trabalhador que anteriormente tinha um desconto mensal de R$ 312,89 em seu sal\u00e1rio ver\u00e1 esse valor agora agregado \u00e0 sua <strong>renda adicional<\/strong>, efetivamente aumentando seu poder de compra a cada m\u00eas.<\/p>\n<p>Al\u00e9m disso, trabalhadores cuja renda mensal se encontra entre R$ 5.000,01 e R$ 7.350 ser\u00e3o contemplados com uma al\u00edquota reduzida, conforme explicado em detalhes no <a href=\"https:\/\/g1.globo.com\/economia\/noticia\/2025\/10\/02\/isencao-do-ir-perguntas-e-respostas.ghtml\" alt=\"Detalhes sobre a isen\u00e7\u00e3o do IR\">G1<\/a>.<\/p>\n<p>Esta medida n\u00e3o apenas amplia o or\u00e7amento dom\u00e9stico, mas tamb\u00e9m estimula a economia, gerando um impacto positivo nos setores de com\u00e9rcio, ind\u00fastria e servi\u00e7os devido ao aumento do consumo.<\/p>\n<p>Dessa forma, um ciclo de crescimento econ\u00f4mico \u00e9 fomentado, impulsionado pela maior capacidade financeira do trabalhador brasileiro.<\/p>\n<h2>Isen\u00e7\u00e3o Parcial para Sal\u00e1rios entre R$ 5.000 e R$ 7.350<\/h2>\n<p>A isen\u00e7\u00e3o parcial de Imposto de Renda para sal\u00e1rios entre <strong>R$ 5.000<\/strong> Es <strong>R$ 7.350<\/strong> representa uma importante medida fiscal no Brasil.<\/p>\n<p>Enquanto rendimentos de at\u00e9 <strong>R$ 5.000<\/strong> est\u00e3o totalmente isentos, sal\u00e1rios dentro desta faixa intermedi\u00e1ria se beneficiam de uma al\u00edquota reduzida.<\/p>\n<p>Essa diferencia\u00e7\u00e3o visa aliviar o impacto tribut\u00e1rio sobre os trabalhadores que, muitas vezes, acabam sendo fortemente onerados.<\/p>\n<p>Para deixar mais claro, veja a tabela abaixo:<\/p>\n<table>\n<thead>\n<tr>\n<th>Faixa Salarial<\/th>\n<th>Percentual de IR<\/th>\n<\/tr>\n<\/thead>\n<tbody>\n<tr>\n<td>At\u00e9 R$ 5.000<\/td>\n<td>0%<\/td>\n<\/tr>\n<tr>\n<td>R$ 5.000 a R$ 7.350<\/td>\n<td>Al\u00edquota reduzida<\/td>\n<\/tr>\n<\/tbody>\n<\/table>\n<p>Dessa forma, ao analisar detalhadamente, \u00e9 evidente que essa pol\u00edtica busca equilibrar a carga tribut\u00e1ria de forma justa, incentivando o consumo e estimulando o crescimento econ\u00f4mico.<\/p>\n<p>Al\u00e9m disso, a sua implementa\u00e7\u00e3o faz parte de um esfor\u00e7o mais amplo para redistribuir renda, buscando taxar de forma mais justa aqueles que possuem um ganho consider\u00e1vel acima de <strong>R$ 1 milh\u00e3o<\/strong> ao ano.<\/p>\n<p>Essa reformula\u00e7\u00e3o das faixas tribut\u00e1rias j\u00e1 come\u00e7a a influenciar positivamente o mercado e \u00e9 esperada para aumentar a renda dispon\u00edvel dos cidad\u00e3os pagantes a partir de janeiro de 2026. Para saber mais sobre como essa altera\u00e7\u00e3o se desdobra na pr\u00e1tica, voc\u00ea pode conferir o detalhamento da proposta no <a href=\"https:\/\/www12.senado.leg.br\/noticias\/materias\/2025\/11\/05\/entenda-as-regras-para-isencao-do-imposto-de-renda-e-taxacao-de-altas-rendas\" alt=\"Entenda as regras de isen\u00e7\u00e3o de imposto de renda de altas rendas\">site do Senado<\/a>.<\/p>\n<p><strong>Isen\u00e7\u00e3o Imposto<\/strong> poder\u00e1 revitalizar a economia e melhorar a vida de milhares de trabalhadores.<\/p>\n<p>A implementa\u00e7\u00e3o dessa lei \u00e9 um passo em dire\u00e7\u00e3o a um Brasil mais equitativo e pr\u00f3spero.<\/p>","protected":false},"excerpt":{"rendered":"<p>Isen\u00e7\u00e3o Imposto de Renda para sal\u00e1rios at\u00e9 R$ 5.000 \u00e9 uma medida que promete transformar o cen\u00e1rio econ\u00f4mico brasileiro. Com previs\u00e3o de inje\u00e7\u00e3o de R$ 28 bilh\u00f5es na economia at\u00e9 2026, essa legisla\u00e7\u00e3o ampliar\u00e1 a faixa de isen\u00e7\u00e3o, proporcionando est\u00edmulos significativos para o com\u00e9rcio, ind\u00fastria e setor de servi\u00e7os. Al\u00e9m [&hellip;]<\/p>","protected":false},"author":14,"featured_media":2240,"comment_status":"open","ping_status":"open","sticky":false,"template":"","format":"standard","meta":{"footnotes":""},"categories":[739],"tags":[788,1527,1834],"class_list":["post-2241","post","type-post","status-publish","format-standard","has-post-thumbnail","hentry","category-economia","tag-imposto-de-renda","tag-isencao","tag-r-5000"],"yoast_head":"<!-- This site is optimized with the Yoast SEO plugin v24.5 - https:\/\/yoast.com\/wordpress\/plugins\/seo\/ -->\n<title>Isen\u00e7\u00e3o do Imposto de Renda Para Renda Mensal Baixa -<\/title>\n<meta name=\"robots\" content=\"index, follow, max-snippet:-1, max-image-preview:large, max-video-preview:-1\" \/>\n<link rel=\"canonical\" href=\"https:\/\/caleine.com\/es\/isencao-do-imposto-de-renda-para-renda-mensal-baixa\/\" \/>\n<meta property=\"og:locale\" content=\"es_MX\" \/>\n<meta property=\"og:type\" content=\"article\" \/>\n<meta property=\"og:title\" content=\"Isen\u00e7\u00e3o do Imposto de Renda Para Renda Mensal Baixa -\" \/>\n<meta property=\"og:description\" content=\"Isen\u00e7\u00e3o Imposto de Renda para sal\u00e1rios at\u00e9 R$ 5.000 \u00e9 uma medida que promete transformar o cen\u00e1rio econ\u00f4mico brasileiro. Com previs\u00e3o de inje\u00e7\u00e3o de R$ 28 bilh\u00f5es na economia at\u00e9 2026, essa legisla\u00e7\u00e3o ampliar\u00e1 a faixa de isen\u00e7\u00e3o, proporcionando est\u00edmulos significativos para o com\u00e9rcio, ind\u00fastria e setor de servi\u00e7os. Al\u00e9m [&hellip;]\" \/>\n<meta property=\"og:url\" content=\"https:\/\/caleine.com\/es\/isencao-do-imposto-de-renda-para-renda-mensal-baixa\/\" \/>\n<meta property=\"article:published_time\" content=\"2025-12-01T20:02:19+00:00\" \/>\n<meta name=\"author\" content=\"Davi\" \/>\n<meta name=\"twitter:card\" content=\"summary_large_image\" \/>\n<meta name=\"twitter:label1\" content=\"Escrito por\" \/>\n\t<meta name=\"twitter:data1\" content=\"Davi\" \/>\n\t<meta name=\"twitter:label2\" content=\"Tiempo de lectura\" \/>\n\t<meta name=\"twitter:data2\" content=\"5 minutos\" \/>\n<script type=\"application\/ld+json\" class=\"yoast-schema-graph\">{\"@context\":\"https:\/\/schema.org\",\"@graph\":[{\"@type\":\"WebPage\",\"@id\":\"https:\/\/caleine.com\/isencao-do-imposto-de-renda-para-renda-mensal-baixa\/\",\"url\":\"https:\/\/caleine.com\/isencao-do-imposto-de-renda-para-renda-mensal-baixa\/\",\"name\":\"Isen\u00e7\u00e3o do Imposto de Renda Para Renda Mensal Baixa -\",\"isPartOf\":{\"@id\":\"https:\/\/caleine.com\/#website\"},\"primaryImageOfPage\":{\"@id\":\"https:\/\/caleine.com\/isencao-do-imposto-de-renda-para-renda-mensal-baixa\/#primaryimage\"},\"image\":{\"@id\":\"https:\/\/caleine.com\/isencao-do-imposto-de-renda-para-renda-mensal-baixa\/#primaryimage\"},\"thumbnailUrl\":\"https:\/\/caleine.com\/wp-content\/uploads\/2025\/12\/1764619334231.png\",\"datePublished\":\"2025-12-01T20:02:19+00:00\",\"author\":{\"@id\":\"https:\/\/caleine.com\/#\/schema\/person\/e822d0434de2761ae603436b42954961\"},\"breadcrumb\":{\"@id\":\"https:\/\/caleine.com\/isencao-do-imposto-de-renda-para-renda-mensal-baixa\/#breadcrumb\"},\"inLanguage\":\"es\",\"potentialAction\":[{\"@type\":\"ReadAction\",\"target\":[\"https:\/\/caleine.com\/isencao-do-imposto-de-renda-para-renda-mensal-baixa\/\"]}]},{\"@type\":\"ImageObject\",\"inLanguage\":\"es\",\"@id\":\"https:\/\/caleine.com\/isencao-do-imposto-de-renda-para-renda-mensal-baixa\/#primaryimage\",\"url\":\"https:\/\/caleine.com\/wp-content\/uploads\/2025\/12\/1764619334231.png\",\"contentUrl\":\"https:\/\/caleine.com\/wp-content\/uploads\/2025\/12\/1764619334231.png\",\"width\":1024,\"height\":624,\"caption\":\"undefined\"},{\"@type\":\"BreadcrumbList\",\"@id\":\"https:\/\/caleine.com\/isencao-do-imposto-de-renda-para-renda-mensal-baixa\/#breadcrumb\",\"itemListElement\":[{\"@type\":\"ListItem\",\"position\":1,\"name\":\"In\u00edcio\",\"item\":\"https:\/\/caleine.com\/\"},{\"@type\":\"ListItem\",\"position\":2,\"name\":\"Isen\u00e7\u00e3o do Imposto de Renda Para Renda Mensal Baixa\"}]},{\"@type\":\"WebSite\",\"@id\":\"https:\/\/caleine.com\/#website\",\"url\":\"https:\/\/caleine.com\/\",\"name\":\"\",\"description\":\"Caleine\",\"potentialAction\":[{\"@type\":\"SearchAction\",\"target\":{\"@type\":\"EntryPoint\",\"urlTemplate\":\"https:\/\/caleine.com\/?s={search_term_string}\"},\"query-input\":{\"@type\":\"PropertyValueSpecification\",\"valueRequired\":true,\"valueName\":\"search_term_string\"}}],\"inLanguage\":\"es\"},{\"@type\":\"Person\",\"@id\":\"https:\/\/caleine.com\/#\/schema\/person\/e822d0434de2761ae603436b42954961\",\"name\":\"Davi\",\"image\":{\"@type\":\"ImageObject\",\"inLanguage\":\"es\",\"@id\":\"https:\/\/caleine.com\/#\/schema\/person\/image\/\",\"url\":\"https:\/\/secure.gravatar.com\/avatar\/e1ee68e758cac208b2e5afa99bab2ebc9c971f628c4e810fe37ef98f59af2f71?s=96&d=mm&r=g\",\"contentUrl\":\"https:\/\/secure.gravatar.com\/avatar\/e1ee68e758cac208b2e5afa99bab2ebc9c971f628c4e810fe37ef98f59af2f71?s=96&d=mm&r=g\",\"caption\":\"Davi\"},\"url\":\"https:\/\/caleine.com\/es\/author\/davi\/\"}]}<\/script>\n<!-- \/ Yoast SEO plugin. -->","yoast_head_json":{"title":"Isen\u00e7\u00e3o do Imposto de Renda Para Renda Mensal Baixa -","robots":{"index":"index","follow":"follow","max-snippet":"max-snippet:-1","max-image-preview":"max-image-preview:large","max-video-preview":"max-video-preview:-1"},"canonical":"https:\/\/caleine.com\/es\/isencao-do-imposto-de-renda-para-renda-mensal-baixa\/","og_locale":"es_MX","og_type":"article","og_title":"Isen\u00e7\u00e3o do Imposto de Renda Para Renda Mensal Baixa -","og_description":"Isen\u00e7\u00e3o Imposto de Renda para sal\u00e1rios at\u00e9 R$ 5.000 \u00e9 uma medida que promete transformar o cen\u00e1rio econ\u00f4mico brasileiro. Com previs\u00e3o de inje\u00e7\u00e3o de R$ 28 bilh\u00f5es na economia at\u00e9 2026, essa legisla\u00e7\u00e3o ampliar\u00e1 a faixa de isen\u00e7\u00e3o, proporcionando est\u00edmulos significativos para o com\u00e9rcio, ind\u00fastria e setor de servi\u00e7os. Al\u00e9m [&hellip;]","og_url":"https:\/\/caleine.com\/es\/isencao-do-imposto-de-renda-para-renda-mensal-baixa\/","article_published_time":"2025-12-01T20:02:19+00:00","author":"Davi","twitter_card":"summary_large_image","twitter_misc":{"Escrito por":"Davi","Tiempo de lectura":"5 minutos"},"schema":{"@context":"https:\/\/schema.org","@graph":[{"@type":"WebPage","@id":"https:\/\/caleine.com\/isencao-do-imposto-de-renda-para-renda-mensal-baixa\/","url":"https:\/\/caleine.com\/isencao-do-imposto-de-renda-para-renda-mensal-baixa\/","name":"Isen\u00e7\u00e3o do Imposto de Renda Para Renda Mensal Baixa -","isPartOf":{"@id":"https:\/\/caleine.com\/#website"},"primaryImageOfPage":{"@id":"https:\/\/caleine.com\/isencao-do-imposto-de-renda-para-renda-mensal-baixa\/#primaryimage"},"image":{"@id":"https:\/\/caleine.com\/isencao-do-imposto-de-renda-para-renda-mensal-baixa\/#primaryimage"},"thumbnailUrl":"https:\/\/caleine.com\/wp-content\/uploads\/2025\/12\/1764619334231.png","datePublished":"2025-12-01T20:02:19+00:00","author":{"@id":"https:\/\/caleine.com\/#\/schema\/person\/e822d0434de2761ae603436b42954961"},"breadcrumb":{"@id":"https:\/\/caleine.com\/isencao-do-imposto-de-renda-para-renda-mensal-baixa\/#breadcrumb"},"inLanguage":"es","potentialAction":[{"@type":"ReadAction","target":["https:\/\/caleine.com\/isencao-do-imposto-de-renda-para-renda-mensal-baixa\/"]}]},{"@type":"ImageObject","inLanguage":"es","@id":"https:\/\/caleine.com\/isencao-do-imposto-de-renda-para-renda-mensal-baixa\/#primaryimage","url":"https:\/\/caleine.com\/wp-content\/uploads\/2025\/12\/1764619334231.png","contentUrl":"https:\/\/caleine.com\/wp-content\/uploads\/2025\/12\/1764619334231.png","width":1024,"height":624,"caption":"undefined"},{"@type":"BreadcrumbList","@id":"https:\/\/caleine.com\/isencao-do-imposto-de-renda-para-renda-mensal-baixa\/#breadcrumb","itemListElement":[{"@type":"ListItem","position":1,"name":"In\u00edcio","item":"https:\/\/caleine.com\/"},{"@type":"ListItem","position":2,"name":"Isen\u00e7\u00e3o do Imposto de Renda Para Renda Mensal Baixa"}]},{"@type":"WebSite","@id":"https:\/\/caleine.com\/#website","url":"https:\/\/caleine.com\/","name":"","description":"Caleine","potentialAction":[{"@type":"SearchAction","target":{"@type":"EntryPoint","urlTemplate":"https:\/\/caleine.com\/?s={search_term_string}"},"query-input":{"@type":"PropertyValueSpecification","valueRequired":true,"valueName":"search_term_string"}}],"inLanguage":"es"},{"@type":"Person","@id":"https:\/\/caleine.com\/#\/schema\/person\/e822d0434de2761ae603436b42954961","name":"Davi","image":{"@type":"ImageObject","inLanguage":"es","@id":"https:\/\/caleine.com\/#\/schema\/person\/image\/","url":"https:\/\/secure.gravatar.com\/avatar\/e1ee68e758cac208b2e5afa99bab2ebc9c971f628c4e810fe37ef98f59af2f71?s=96&d=mm&r=g","contentUrl":"https:\/\/secure.gravatar.com\/avatar\/e1ee68e758cac208b2e5afa99bab2ebc9c971f628c4e810fe37ef98f59af2f71?s=96&d=mm&r=g","caption":"Davi"},"url":"https:\/\/caleine.com\/es\/author\/davi\/"}]}},"_links":{"self":[{"href":"https:\/\/caleine.com\/es\/wp-json\/wp\/v2\/posts\/2241","targetHints":{"allow":["GET"]}}],"collection":[{"href":"https:\/\/caleine.com\/es\/wp-json\/wp\/v2\/posts"}],"about":[{"href":"https:\/\/caleine.com\/es\/wp-json\/wp\/v2\/types\/post"}],"author":[{"embeddable":true,"href":"https:\/\/caleine.com\/es\/wp-json\/wp\/v2\/users\/14"}],"replies":[{"embeddable":true,"href":"https:\/\/caleine.com\/es\/wp-json\/wp\/v2\/comments?post=2241"}],"version-history":[{"count":0,"href":"https:\/\/caleine.com\/es\/wp-json\/wp\/v2\/posts\/2241\/revisions"}],"wp:featuredmedia":[{"embeddable":true,"href":"https:\/\/caleine.com\/es\/wp-json\/wp\/v2\/media\/2240"}],"wp:attachment":[{"href":"https:\/\/caleine.com\/es\/wp-json\/wp\/v2\/media?parent=2241"}],"wp:term":[{"taxonomy":"category","embeddable":true,"href":"https:\/\/caleine.com\/es\/wp-json\/wp\/v2\/categories?post=2241"},{"taxonomy":"post_tag","embeddable":true,"href":"https:\/\/caleine.com\/es\/wp-json\/wp\/v2\/tags?post=2241"}],"curies":[{"name":"wp","href":"https:\/\/api.w.org\/{rel}","templated":true}]}}