{"id":2477,"date":"2026-01-10T17:02:26","date_gmt":"2026-01-10T20:02:26","guid":{"rendered":"https:\/\/caleine.com\/sindicato-busca-suspender-contratacao-temporaria-na-aneel\/"},"modified":"2026-01-10T17:02:26","modified_gmt":"2026-01-10T20:02:26","slug":"sindicato-busca-suspender-contratacao-temporaria-na-aneel","status":"publish","type":"post","link":"https:\/\/caleine.com\/fi\/sindicato-busca-suspender-contratacao-temporaria-na-aneel\/","title":{"rendered":"Sindicato Busca Suspender Contrata\u00e7\u00e3o Tempor\u00e1ria na Aneel"},"content":{"rendered":"<p><strong>Contrata\u00e7\u00e3o Tempor\u00e1ria<\/strong> tem gerado pol\u00eamica no setor p\u00fablico, especialmente com a recente a\u00e7\u00e3o do Sinag\u00eancias contra a Aneel.<\/p>\n<p>O sindicato argumenta que a contrata\u00e7\u00e3o de 50 servidores tempor\u00e1rios viola os princ\u00edpios do concurso p\u00fablico, substituindo profissionais efetivos por v\u00ednculos prec\u00e1rios em fun\u00e7\u00f5es permanentes.<\/p>\n<p>Este artigo explorar\u00e1 as alega\u00e7\u00f5es do Sinag\u00eancias, os dados sobre a escassez de pessoal na Aneel e a necessidade de convoca\u00e7\u00e3o do cadastro de reserva, bem como a import\u00e2ncia de um novo concurso para manter a qualidade nas atividades regulat\u00f3rias da ag\u00eancia.<\/p>\n<h2>A\u00e7\u00e3o do Sinag\u00eancias no TCU contra contrata\u00e7\u00f5es tempor\u00e1rias na Aneel<\/h2>\n<p>O Sinag\u00eancias protocolou uma a\u00e7\u00e3o no Tribunal de Contas da Uni\u00e3o (TCU) com o objetivo de suspender a contrata\u00e7\u00e3o de 50 servidores tempor\u00e1rios pela Aneel.<\/p>\n<p>O sindicato argumenta que essa medida viola os princ\u00edpios do concurso p\u00fablico, substituindo efetivos por v\u00ednculos prec\u00e1rios em fun\u00e7\u00f5es permanentes.<\/p>\n<p>Al\u00e9m disso, a a\u00e7\u00e3o solicita a instaura\u00e7\u00e3o de um procedimento de controle externo para investigar irregularidades na Aneel, refor\u00e7ando a necessidade de garantir uma ocupa\u00e7\u00e3o adequada de pessoal em suas atividades regulat\u00f3rias.<\/p>\n<h2>Fundamenta\u00e7\u00e3o jur\u00eddica do recurso<\/h2>\n<p>O Sinag\u00eancias recorreu ao Tribunal de Contas da Uni\u00e3o, destacando a <strong>inconstitucionalidade<\/strong> da <a href=\"https:\/\/abar.org.br\/governo-do-brasil-autoriza-contratacao-temporaria-de-50-profissionais-para-atuacao-da-agencia-nacional-de-energia-eletrica\/\" alt=\"Governo do Brasil autoriza contrata\u00e7\u00e3o tempor\u00e1ria na Aneel\">portaria<\/a> que autoriza a contrata\u00e7\u00e3o tempor\u00e1ria na Aneel.<\/p>\n<p>Essa medida desrespeita o <strong><u>princ\u00edpio do concurso p\u00fablico<\/u><\/strong> estabelecido na Constitui\u00e7\u00e3o, que impede a substitui\u00e7\u00e3o de cargos permanentes por v\u00ednculos prec\u00e1rios.<\/p>\n<p>A fundamenta\u00e7\u00e3o jur\u00eddica repousa em violar direitos constitucionais e contrasta com a necessidade de profissionais qualificados por meio de processos seletivos.<\/p>\n<p>Esse recurso evidencia que a contrata\u00e7\u00e3o tempor\u00e1ria deve servir apenas a situa\u00e7\u00f5es emergenciais, como sustentado pelo <a href=\"https:\/\/veja.abril.com.br\/brasil\/sindicato-recorre-ao-tcu-para-tentar-barrar-contratacoes-temporarias-na-aneel\/\" alt=\"Recurso do Sinag\u00eancias ao TCU\">Sinag\u00eancias<\/a>, alertando para riscos de fragiliza\u00e7\u00e3o da estrutura estatal:<br \/>\n1. <strong>Princ\u00edpio do concurso p\u00fablico<\/strong> \u2013 Art.<\/p>\n<p>37, II, da Constitui\u00e7\u00e3o<br \/>\n2. <strong>Veda\u00e7\u00e3o de substituir cargos permanentes<\/strong> \u2013 Arts.<\/p>\n<p>37 e 41, garantem estabilidade e a estrutura\u00e7\u00e3o administrativa<br \/>\n3. <strong>Contrata\u00e7\u00e3o tempor\u00e1ria<\/strong> \u2013 Deve ser exce\u00e7\u00e3o e n\u00e3o regra, destinada a situa\u00e7\u00f5es excepcionais<br \/>\n4. <strong>Fun\u00e7\u00f5es de confian\u00e7a<\/strong> \u2013 Devem ser exercidas por servidores efetivos, conforme dispositivo constitucional<br \/>\n5. <strong>Efici\u00eancia e moralidade<\/strong> \u2013 Princ\u00edpios constitucionais que balizam a Administra\u00e7\u00e3o P\u00fablica e que a precariza\u00e7\u00e3o desrespeita.<\/p>\n<h2>Dados do Dieese sobre vac\u00e2ncias na Aneel<\/h2>\n<p><u>Os dados do Dieese<\/u> evidenciam a <strong>preocupante escassez de servidores na Aneel<\/strong>, afetando diretamente as atividades regulat\u00f3rias essenciais.<\/p>\n<p>A taxa de ocupa\u00e7\u00e3o de apenas 72% destaca a urg\u00eancia em abordar esta quest\u00e3o.<\/p>\n<p>Com base no estudo, observa-se que a contrata\u00e7\u00e3o tempor\u00e1ria n\u00e3o \u00e9 uma solu\u00e7\u00e3o vi\u00e1vel, pois n\u00e3o supre as necessidades permanentes da ag\u00eancia, <a href=\"https:\/\/sinagencias.org.br\/agencias-reguladoras-perderam-ate-85-do-efetivo-em-seis-anos-mostra-estudo-do-dieese\/\" alt=\"Informa\u00e7\u00f5es sobre perda de efetivos em ag\u00eancias reguladoras\">conforme evidenciado aqui<\/a>.<\/p>\n<p>A seguir, apresentamos uma tabela que ilustra essa lacuna:<\/p>\n<table>\n<tr>\n<th>Total de Cargos<\/th>\n<th>Cargos Vagos<\/th>\n<th>Taxa de Ocupa\u00e7\u00e3o (%)<\/th>\n<\/tr>\n<tr>\n<td><strong>765<\/strong><\/td>\n<td><strong>213<\/strong><\/td>\n<td><strong>72%<\/strong><\/td>\n<\/tr>\n<\/table>\n<p>Essa tabela deixa claro como a insufici\u00eancia de pessoal afeta a Aneel atualmente.<\/p>\n<p>Substituir cargos efetivos por tempor\u00e1rios s\u00f3 agravaria a situa\u00e7\u00e3o, pois n\u00e3o oferece a estabilidade necess\u00e1ria para <u>fun\u00e7\u00f5es cont\u00ednuas<\/u> ou para manter a <u>integridade das opera\u00e7\u00f5es regulat\u00f3rias<\/u>.<\/p>\n<h2>Demandas do sindicato para recomposi\u00e7\u00e3o do quadro<\/h2>\n<p>A <strong>urgente necessidade de pessoal<\/strong> na Aneel evidencia a preocupa\u00e7\u00e3o com a continuidade das atividades regulat\u00f3rias.<\/p>\n<p>Com apenas 72% dos cargos ocupados e a previs\u00e3o de contratar tempor\u00e1rios, o Sinag\u00eancias prop\u00f5e <u>medidas definitivas<\/u> para corrigir o d\u00e9ficit.<\/p>\n<p>Entre as principais reivindica\u00e7\u00f5es est\u00e3o:<\/p>\n<ul>\n<li><u><strong>Convoca\u00e7\u00e3o imediata do cadastro de reserva<\/strong><\/u>, j\u00e1 autorizado pelo governo ap\u00f3s forte mobiliza\u00e7\u00e3o do sindicato <a href=\"https:\/\/sinagencias.org.br\/governo-autoriza-nomeacao-de-cadastro-reserva-nas-agencias-reguladoras-apos-mobilizacao-do-sinagencias\/\" alt=\"Nomea\u00e7\u00e3o de cadastro reserva Sinag\u00eancias\">Ver detalhes<\/a><\/li>\n<li><u><strong>Abertura de novo concurso p\u00fablico<\/strong><\/u>, necess\u00e1rio para a recomposi\u00e7\u00e3o do quadro efetivo da Aneel<\/li>\n<li>Fim das contrata\u00e7\u00f5es tempor\u00e1rias para as <strong>fun\u00e7\u00f5es permanentes<\/strong>, buscando <u>garantir estabilidade<\/u> e continuidade no desempenho das tarefas cruciais da ag\u00eancia<\/li>\n<\/ul>\n<p>Essa abordagem n\u00e3o s\u00f3 amplia o quadro, mas tamb\u00e9m reitera a <strong>import\u00e2ncia da efetividade regulat\u00f3ria.<\/p>\n<p><\/strong><\/p>\n<h2>Impacto da decis\u00e3o para a prote\u00e7\u00e3o ao concurso p\u00fablico<\/h2>\n<p>A decis\u00e3o do TCU em restringir o uso de <u><strong>v\u00ednculos prec\u00e1rios<\/strong><\/u> para fun\u00e7\u00f5es permanentes destaca-se como um marco essencial na prote\u00e7\u00e3o do concurso p\u00fablico, garantindo que a excel\u00eancia e a meritocracia permane\u00e7am como pilares principais da administra\u00e7\u00e3o p\u00fablica.<\/p>\n<p>A contrata\u00e7\u00e3o tempor\u00e1ria, sem o devido processo de sele\u00e7\u00e3o por concurso, pode comprometer a efici\u00eancia e a qualidade dos servi\u00e7os prestados, al\u00e9m de enfraquecer a estabilidade no servi\u00e7o p\u00fablico.<\/p>\n<p>A <strong>exig\u00eancia de concursos p\u00fablicos<\/strong> para vagas efetivas assegura que servidores altamente capacitados e comprometidos sejam escolhidos, aumentando assim a efic\u00e1cia e a responsabilidade no \u00e2mbito governamental.<\/p>\n<p>Decis\u00f5es como essa protegem o car\u00e1ter permanente dos cargos p\u00fablicos, promovendo <u>melhor gest\u00e3o<\/u> dos recursos humanos e evitando a rotatividade excessiva.<\/p>\n<p>Al\u00e9m disso, ao refor\u00e7ar a necessidade de concursos p\u00fablicos, o TCU promove um sentimento de justi\u00e7a e equidade no acesso aos empregos p\u00fablicos.<\/p>\n<p>Este posicionamento impede que administradores optem por solu\u00e7\u00f5es r\u00e1pidas, mas inadequadas, de contrata\u00e7\u00e3o que podem impactar negativamente na presta\u00e7\u00e3o de servi\u00e7os aos cidad\u00e3os.<\/p>\n<p>O <strong><a href=\"https:\/\/revista.tcu.gov.br\/ojs\/index.php\/RTCU\/article\/download\/583\/645\" alt=\"Revista TCU sobre desvirtua\u00e7\u00e3o de exce\u00e7\u00e3o\">desvirtuamento<\/a><\/strong> do uso de v\u00ednculos tempor\u00e1rios se torna mais dif\u00edcil de justificar quando os \u00f3rg\u00e3os respons\u00e1veis pela fiscaliza\u00e7\u00e3o tomam medidas firmes.<\/p>\n<p>Por isso, um quadro est\u00e1vel e focado em <u>qualidade e responsabilidade<\/u> fortalece a confian\u00e7a p\u00fablica nas institui\u00e7\u00f5es governamentais, revelando um caminho positivo para as futuras pol\u00edticas administrativas.<\/p>\n<p><strong>Em resumo<\/strong>, a discuss\u00e3o sobre a contrata\u00e7\u00e3o tempor\u00e1ria na Aneel revela desafios importantes na gest\u00e3o de recursos humanos e a necessidade de medidas que garantam a legalidade e a efici\u00eancia.<\/p>\n<p>O fortalecimento do quadro permanente \u00e9 essencial para assegurar a efetividade das fun\u00e7\u00f5es regulat\u00f3rias da ag\u00eancia.<\/p>","protected":false},"excerpt":{"rendered":"<p>Contrata\u00e7\u00e3o Tempor\u00e1ria tem gerado pol\u00eamica no setor p\u00fablico, especialmente com a recente a\u00e7\u00e3o do Sinag\u00eancias contra a Aneel. O sindicato argumenta que a contrata\u00e7\u00e3o de 50 servidores tempor\u00e1rios viola os princ\u00edpios do concurso p\u00fablico, substituindo profissionais efetivos por v\u00ednculos prec\u00e1rios em fun\u00e7\u00f5es permanentes. Este artigo explorar\u00e1 as alega\u00e7\u00f5es do Sinag\u00eancias, [&hellip;]<\/p>","protected":false},"author":12,"featured_media":2476,"comment_status":"open","ping_status":"open","sticky":false,"template":"","format":"standard","meta":{"footnotes":""},"categories":[737],"tags":[2069,909,2070],"class_list":["post-2477","post","type-post","status-publish","format-standard","has-post-thumbnail","hentry","category-financa","tag-aneel","tag-contratacao","tag-servidores-temporarios"],"yoast_head":"<!-- This site is optimized with the Yoast SEO plugin v24.5 - https:\/\/yoast.com\/wordpress\/plugins\/seo\/ -->\n<title>Sindicato Busca Suspender Contrata\u00e7\u00e3o Tempor\u00e1ria na Aneel -<\/title>\n<meta name=\"robots\" content=\"index, follow, max-snippet:-1, max-image-preview:large, max-video-preview:-1\" \/>\n<link rel=\"canonical\" href=\"https:\/\/caleine.com\/fi\/sindicato-busca-suspender-contratacao-temporaria-na-aneel\/\" \/>\n<meta property=\"og:locale\" content=\"fi_FI\" \/>\n<meta property=\"og:type\" content=\"article\" \/>\n<meta property=\"og:title\" content=\"Sindicato Busca Suspender Contrata\u00e7\u00e3o Tempor\u00e1ria na Aneel -\" \/>\n<meta property=\"og:description\" content=\"Contrata\u00e7\u00e3o Tempor\u00e1ria tem gerado pol\u00eamica no setor p\u00fablico, especialmente com a recente a\u00e7\u00e3o do Sinag\u00eancias contra a Aneel. O sindicato argumenta que a contrata\u00e7\u00e3o de 50 servidores tempor\u00e1rios viola os princ\u00edpios do concurso p\u00fablico, substituindo profissionais efetivos por v\u00ednculos prec\u00e1rios em fun\u00e7\u00f5es permanentes. Este artigo explorar\u00e1 as alega\u00e7\u00f5es do Sinag\u00eancias, [&hellip;]\" \/>\n<meta property=\"og:url\" content=\"https:\/\/caleine.com\/fi\/sindicato-busca-suspender-contratacao-temporaria-na-aneel\/\" \/>\n<meta property=\"article:published_time\" content=\"2026-01-10T20:02:26+00:00\" \/>\n<meta name=\"author\" content=\"Ana\" \/>\n<meta name=\"twitter:card\" content=\"summary_large_image\" \/>\n<meta name=\"twitter:label1\" content=\"Kirjoittanut\" \/>\n\t<meta name=\"twitter:data1\" content=\"Ana\" \/>\n\t<meta name=\"twitter:label2\" content=\"Arvioitu lukuaika\" \/>\n\t<meta name=\"twitter:data2\" content=\"5 minuuttia\" \/>\n<script type=\"application\/ld+json\" class=\"yoast-schema-graph\">{\"@context\":\"https:\/\/schema.org\",\"@graph\":[{\"@type\":\"WebPage\",\"@id\":\"https:\/\/caleine.com\/sindicato-busca-suspender-contratacao-temporaria-na-aneel\/\",\"url\":\"https:\/\/caleine.com\/sindicato-busca-suspender-contratacao-temporaria-na-aneel\/\",\"name\":\"Sindicato Busca Suspender Contrata\u00e7\u00e3o Tempor\u00e1ria na Aneel -\",\"isPartOf\":{\"@id\":\"https:\/\/caleine.com\/#website\"},\"primaryImageOfPage\":{\"@id\":\"https:\/\/caleine.com\/sindicato-busca-suspender-contratacao-temporaria-na-aneel\/#primaryimage\"},\"image\":{\"@id\":\"https:\/\/caleine.com\/sindicato-busca-suspender-contratacao-temporaria-na-aneel\/#primaryimage\"},\"thumbnailUrl\":\"https:\/\/caleine.com\/wp-content\/uploads\/2026\/01\/1768075307129.png\",\"datePublished\":\"2026-01-10T20:02:26+00:00\",\"author\":{\"@id\":\"https:\/\/caleine.com\/#\/schema\/person\/62089e4cf4c613ce5c0f8a2f565a3bb6\"},\"breadcrumb\":{\"@id\":\"https:\/\/caleine.com\/sindicato-busca-suspender-contratacao-temporaria-na-aneel\/#breadcrumb\"},\"inLanguage\":\"fi\",\"potentialAction\":[{\"@type\":\"ReadAction\",\"target\":[\"https:\/\/caleine.com\/sindicato-busca-suspender-contratacao-temporaria-na-aneel\/\"]}]},{\"@type\":\"ImageObject\",\"inLanguage\":\"fi\",\"@id\":\"https:\/\/caleine.com\/sindicato-busca-suspender-contratacao-temporaria-na-aneel\/#primaryimage\",\"url\":\"https:\/\/caleine.com\/wp-content\/uploads\/2026\/01\/1768075307129.png\",\"contentUrl\":\"https:\/\/caleine.com\/wp-content\/uploads\/2026\/01\/1768075307129.png\",\"width\":1024,\"height\":624,\"caption\":\"Imagem ilustrativa da sede da Aneel com foco na contrata\u00e7\u00e3o de servidores tempor\u00e1rios e a a\u00e7\u00e3o do sindicato.\"},{\"@type\":\"BreadcrumbList\",\"@id\":\"https:\/\/caleine.com\/sindicato-busca-suspender-contratacao-temporaria-na-aneel\/#breadcrumb\",\"itemListElement\":[{\"@type\":\"ListItem\",\"position\":1,\"name\":\"In\u00edcio\",\"item\":\"https:\/\/caleine.com\/\"},{\"@type\":\"ListItem\",\"position\":2,\"name\":\"Sindicato Busca Suspender Contrata\u00e7\u00e3o Tempor\u00e1ria na Aneel\"}]},{\"@type\":\"WebSite\",\"@id\":\"https:\/\/caleine.com\/#website\",\"url\":\"https:\/\/caleine.com\/\",\"name\":\"\",\"description\":\"Caleine\",\"potentialAction\":[{\"@type\":\"SearchAction\",\"target\":{\"@type\":\"EntryPoint\",\"urlTemplate\":\"https:\/\/caleine.com\/?s={search_term_string}\"},\"query-input\":{\"@type\":\"PropertyValueSpecification\",\"valueRequired\":true,\"valueName\":\"search_term_string\"}}],\"inLanguage\":\"fi\"},{\"@type\":\"Person\",\"@id\":\"https:\/\/caleine.com\/#\/schema\/person\/62089e4cf4c613ce5c0f8a2f565a3bb6\",\"name\":\"Ana\",\"image\":{\"@type\":\"ImageObject\",\"inLanguage\":\"fi\",\"@id\":\"https:\/\/caleine.com\/#\/schema\/person\/image\/\",\"url\":\"https:\/\/secure.gravatar.com\/avatar\/3b8d3239bbfabcc66532f32c73ae0a7615bc645b516dea668acc6760afea8a2c?s=96&d=mm&r=g\",\"contentUrl\":\"https:\/\/secure.gravatar.com\/avatar\/3b8d3239bbfabcc66532f32c73ae0a7615bc645b516dea668acc6760afea8a2c?s=96&d=mm&r=g\",\"caption\":\"Ana\"},\"url\":\"https:\/\/caleine.com\/fi\/author\/ana\/\"}]}<\/script>\n<!-- \/ Yoast SEO plugin. -->","yoast_head_json":{"title":"Sindicato Busca Suspender Contrata\u00e7\u00e3o Tempor\u00e1ria na Aneel -","robots":{"index":"index","follow":"follow","max-snippet":"max-snippet:-1","max-image-preview":"max-image-preview:large","max-video-preview":"max-video-preview:-1"},"canonical":"https:\/\/caleine.com\/fi\/sindicato-busca-suspender-contratacao-temporaria-na-aneel\/","og_locale":"fi_FI","og_type":"article","og_title":"Sindicato Busca Suspender Contrata\u00e7\u00e3o Tempor\u00e1ria na Aneel -","og_description":"Contrata\u00e7\u00e3o Tempor\u00e1ria tem gerado pol\u00eamica no setor p\u00fablico, especialmente com a recente a\u00e7\u00e3o do Sinag\u00eancias contra a Aneel. O sindicato argumenta que a contrata\u00e7\u00e3o de 50 servidores tempor\u00e1rios viola os princ\u00edpios do concurso p\u00fablico, substituindo profissionais efetivos por v\u00ednculos prec\u00e1rios em fun\u00e7\u00f5es permanentes. Este artigo explorar\u00e1 as alega\u00e7\u00f5es do Sinag\u00eancias, [&hellip;]","og_url":"https:\/\/caleine.com\/fi\/sindicato-busca-suspender-contratacao-temporaria-na-aneel\/","article_published_time":"2026-01-10T20:02:26+00:00","author":"Ana","twitter_card":"summary_large_image","twitter_misc":{"Kirjoittanut":"Ana","Arvioitu lukuaika":"5 minuuttia"},"schema":{"@context":"https:\/\/schema.org","@graph":[{"@type":"WebPage","@id":"https:\/\/caleine.com\/sindicato-busca-suspender-contratacao-temporaria-na-aneel\/","url":"https:\/\/caleine.com\/sindicato-busca-suspender-contratacao-temporaria-na-aneel\/","name":"Sindicato Busca Suspender Contrata\u00e7\u00e3o Tempor\u00e1ria na Aneel -","isPartOf":{"@id":"https:\/\/caleine.com\/#website"},"primaryImageOfPage":{"@id":"https:\/\/caleine.com\/sindicato-busca-suspender-contratacao-temporaria-na-aneel\/#primaryimage"},"image":{"@id":"https:\/\/caleine.com\/sindicato-busca-suspender-contratacao-temporaria-na-aneel\/#primaryimage"},"thumbnailUrl":"https:\/\/caleine.com\/wp-content\/uploads\/2026\/01\/1768075307129.png","datePublished":"2026-01-10T20:02:26+00:00","author":{"@id":"https:\/\/caleine.com\/#\/schema\/person\/62089e4cf4c613ce5c0f8a2f565a3bb6"},"breadcrumb":{"@id":"https:\/\/caleine.com\/sindicato-busca-suspender-contratacao-temporaria-na-aneel\/#breadcrumb"},"inLanguage":"fi","potentialAction":[{"@type":"ReadAction","target":["https:\/\/caleine.com\/sindicato-busca-suspender-contratacao-temporaria-na-aneel\/"]}]},{"@type":"ImageObject","inLanguage":"fi","@id":"https:\/\/caleine.com\/sindicato-busca-suspender-contratacao-temporaria-na-aneel\/#primaryimage","url":"https:\/\/caleine.com\/wp-content\/uploads\/2026\/01\/1768075307129.png","contentUrl":"https:\/\/caleine.com\/wp-content\/uploads\/2026\/01\/1768075307129.png","width":1024,"height":624,"caption":"Imagem ilustrativa da sede da Aneel com foco na contrata\u00e7\u00e3o de servidores tempor\u00e1rios e a a\u00e7\u00e3o do sindicato."},{"@type":"BreadcrumbList","@id":"https:\/\/caleine.com\/sindicato-busca-suspender-contratacao-temporaria-na-aneel\/#breadcrumb","itemListElement":[{"@type":"ListItem","position":1,"name":"In\u00edcio","item":"https:\/\/caleine.com\/"},{"@type":"ListItem","position":2,"name":"Sindicato Busca Suspender Contrata\u00e7\u00e3o Tempor\u00e1ria na Aneel"}]},{"@type":"WebSite","@id":"https:\/\/caleine.com\/#website","url":"https:\/\/caleine.com\/","name":"","description":"Caleine","potentialAction":[{"@type":"SearchAction","target":{"@type":"EntryPoint","urlTemplate":"https:\/\/caleine.com\/?s={search_term_string}"},"query-input":{"@type":"PropertyValueSpecification","valueRequired":true,"valueName":"search_term_string"}}],"inLanguage":"fi"},{"@type":"Person","@id":"https:\/\/caleine.com\/#\/schema\/person\/62089e4cf4c613ce5c0f8a2f565a3bb6","name":"Ana","image":{"@type":"ImageObject","inLanguage":"fi","@id":"https:\/\/caleine.com\/#\/schema\/person\/image\/","url":"https:\/\/secure.gravatar.com\/avatar\/3b8d3239bbfabcc66532f32c73ae0a7615bc645b516dea668acc6760afea8a2c?s=96&d=mm&r=g","contentUrl":"https:\/\/secure.gravatar.com\/avatar\/3b8d3239bbfabcc66532f32c73ae0a7615bc645b516dea668acc6760afea8a2c?s=96&d=mm&r=g","caption":"Ana"},"url":"https:\/\/caleine.com\/fi\/author\/ana\/"}]}},"_links":{"self":[{"href":"https:\/\/caleine.com\/fi\/wp-json\/wp\/v2\/posts\/2477","targetHints":{"allow":["GET"]}}],"collection":[{"href":"https:\/\/caleine.com\/fi\/wp-json\/wp\/v2\/posts"}],"about":[{"href":"https:\/\/caleine.com\/fi\/wp-json\/wp\/v2\/types\/post"}],"author":[{"embeddable":true,"href":"https:\/\/caleine.com\/fi\/wp-json\/wp\/v2\/users\/12"}],"replies":[{"embeddable":true,"href":"https:\/\/caleine.com\/fi\/wp-json\/wp\/v2\/comments?post=2477"}],"version-history":[{"count":0,"href":"https:\/\/caleine.com\/fi\/wp-json\/wp\/v2\/posts\/2477\/revisions"}],"wp:featuredmedia":[{"embeddable":true,"href":"https:\/\/caleine.com\/fi\/wp-json\/wp\/v2\/media\/2476"}],"wp:attachment":[{"href":"https:\/\/caleine.com\/fi\/wp-json\/wp\/v2\/media?parent=2477"}],"wp:term":[{"taxonomy":"category","embeddable":true,"href":"https:\/\/caleine.com\/fi\/wp-json\/wp\/v2\/categories?post=2477"},{"taxonomy":"post_tag","embeddable":true,"href":"https:\/\/caleine.com\/fi\/wp-json\/wp\/v2\/tags?post=2477"}],"curies":[{"name":"wp","href":"https:\/\/api.w.org\/{rel}","templated":true}]}}