{"id":2253,"date":"2025-12-04T17:02:26","date_gmt":"2025-12-04T20:02:26","guid":{"rendered":"https:\/\/caleine.com\/rendimento-medio-historico-e-desigualdades-brasil\/"},"modified":"2025-12-04T17:02:26","modified_gmt":"2025-12-04T20:02:26","slug":"rendimento-medio-historico-e-desigualdades-brasil","status":"publish","type":"post","link":"https:\/\/caleine.com\/fr\/rendimento-medio-historico-e-desigualdades-brasil\/","title":{"rendered":"Rendimento M\u00e9dio Hist\u00f3rico e Desigualdades Brasil"},"content":{"rendered":"<p><strong>No Brasil, o rendimento m\u00e9dio<\/strong> alcan\u00e7ou em 2024 a cifra hist\u00f3rica de R$ 3.208, revelando um cen\u00e1rio econ\u00f4mico que, apesar de progressos, ainda apresenta profundas desigualdades.<\/p>\n<p>Neste artigo, vamos explorar as disparidades regionais, comparando o Distrito Federal ao Maranh\u00e3o, al\u00e9m das desigualdades salariais em rela\u00e7\u00e3o \u00e0 ra\u00e7a, g\u00eanero e escolaridade.<\/p>\n<p>Analisaremos tamb\u00e9m como a posi\u00e7\u00e3o no mercado de trabalho influencia os rendimentos, com um foco especial nos setores mais e menos remunerados, destacando as nuances que persistem na economia brasileira contempor\u00e2nea.<\/p>\n<h2>Panorama do Rendimento M\u00e9dio Brasileiro e Desigualdades Regionais em 2024<\/h2>\n<p>Em <strong>2024<\/strong>, o Brasil alcan\u00e7ou um marco hist\u00f3rico ao registrar o maior rendimento m\u00e9dio, chegando a <strong>R$ 3.208<\/strong>.<\/p>\n<p>Este avan\u00e7o econ\u00f4mico denota um aumento no poder de compra e uma poss\u00edvel melhoria nas condi\u00e7\u00f5es de vida da popula\u00e7\u00e3o brasileira, embora as desigualdades regionais ainda sejam um desafio significativo.<\/p>\n<p>As disparidades s\u00e3o evidentes quando comparamos diferentes regi\u00f5es do pa\u00eds, notavelmente o Distrito Federal e o Maranh\u00e3o.<\/p>\n<ul>\n<li>Distrito Federal: <strong>R$ 5.037<\/strong><\/li>\n<li>Maranh\u00e3o: <strong>R$ 2.051<\/strong><\/li>\n<\/ul>\n<p>Esta diferen\u00e7a salarial acentuada ressalta as quest\u00f5es estruturais e a necessidade de pol\u00edticas efetivas que promovam um desenvolvimento econ\u00f4mico equilibrado entre as regi\u00f5es.<\/p>\n<p>Enquanto o Distrito Federal lidera com o maior rendimento m\u00e9dio, o Maranh\u00e3o apresenta um dos menores, exemplificando a disparidade econ\u00f4mica latente entre os estados brasileiros.<\/p>\n<p><u>Embora o rendimento m\u00e9dio nacional tenha atingido um recorde, as desigualdades regionais continuam a ser um desafio econ\u00f4mico premente<\/u>.<\/p>\n<p>As pol\u00edticas de desenvolvimento e redistribui\u00e7\u00e3o de renda precisam ser intensificadas para que o progresso econ\u00f4mico seja verdadeiramente inclusivo e beneficie todas as regi\u00f5es do Brasil.<\/p>\n<h2>Desigualdades Salariais Estruturais no Brasil<\/h2>\n<p>As desigualdades salariais estruturais no Brasil revelam um cen\u00e1rio alarmante, refletindo disparidades profundas por ra\u00e7a, g\u00eanero, escolaridade e cargo.<\/p>\n<p>Em 2024, homens receberam em m\u00e9dia 27,2% a mais que mulheres, enquanto brancos auferiram 65,9% a mais que pessoas pretas ou pardas, evidenciando como a cor da pele e o g\u00eanero ainda moldam as oportunidades de ganhos.<\/p>\n<p>Al\u00e9m disso, a desigualdade salarial se agrava com a escolaridade e a posi\u00e7\u00e3o ocupacional, onde profissionais em cargos de lideran\u00e7a desfrutam de sal\u00e1rios significativamente superiores em compara\u00e7\u00e3o a aqueles em fun\u00e7\u00f5es b\u00e1sicas, perpetuando um ciclo de exclus\u00e3o econ\u00f4mica no pa\u00eds.<\/p>\n<h2>Diferen\u00e7as de Renda por Ra\u00e7a e G\u00eanero<\/h2>\n<p>As <u>desigualdades<\/u> salariais no Brasil permanecem acentuadas, especialmente quando consideramos ra\u00e7a e g\u00eanero.<\/p>\n<p>Em 2024, os homens ganham <strong>27,2%<\/strong> a mais que as mulheres, destacando-se ainda mais as disparidades econ\u00f4micas.<\/p>\n<p>Al\u00e9m disso, trabalhadores brancos recebem <strong>65,9%<\/strong> a mais do que pretos ou pardos, perpetuando um ciclo de <u>inclus\u00e3o<\/u> limitada e oportunidades desiguais.<\/p>\n<p>A persist\u00eancia dessas diferen\u00e7as salariais est\u00e1 relacionada a fatores hist\u00f3ricos e sociais, como o acesso limitado \u00e0 educa\u00e7\u00e3o e \u00e0s oportunidades de emprego para grupos marginalizados.<\/p>\n<p>Segundo o <a href=\"https:\/\/www.gov.br\/trabalho-e-emprego\/pt-br\/noticias-e-conteudo\/2025\/abril\/3o-relatorio-de-transparencia-salarial-mulheres-recebem-20-9-a-menos-do-que-os-homens\" alt=\"Relat\u00f3rio de Transpar\u00eancia Salarial do Governo Brasileiro\">Relat\u00f3rio de Transpar\u00eancia Salarial do Governo Brasileiro<\/a>, essas disparidades refletem uma cultura de preconceito enraizada que perpetua a <u>desigualdade<\/u>.<\/p>\n<p>As consequ\u00eancias sociais dessas diferen\u00e7as s\u00e3o vastas, impactando desde a economia familiar at\u00e9 o potencial de crescimento do pa\u00eds como um todo.<\/p>\n<p>UN <u>inclus\u00e3o<\/u> mais ampla e equitativa na for\u00e7a de trabalho n\u00e3o s\u00f3 promove justi\u00e7a social, mas tamb\u00e9m fortalece a economia nacional.<\/p>\n<p>O enfraquecimento dessa estrutura de <u>desigualdade<\/u> \u00e9 essencial para garantir avan\u00e7os sociais e econ\u00f4micos.<\/p>\n<blockquote><p>&#8220;Garantir sal\u00e1rio igual para trabalho igual \u00e9 requisito b\u00e1sico de uma sociedade justa.<\/p>\n<p>&#8220;<\/p><\/blockquote>\n<h2>Efeito da Escolaridade e do Cargo sobre os Rendimentos<\/h2>\n<p>A escolaridade e o tipo de cargo t\u00eam uma influ\u00eancia significativa nos rendimentos m\u00e9dios dos trabalhadores no Brasil.<\/p>\n<p>Profissionais em cargos de lideran\u00e7a ou alta qualifica\u00e7\u00e3o frequentemente desfrutam de sal\u00e1rios mais elevados em compara\u00e7\u00e3o com aqueles em ocupa\u00e7\u00f5es b\u00e1sicas.<\/p>\n<p>Segundo a <a href=\"https:\/\/blogdoibre.fgv.br\/posts\/diferencial-salarial-do-ensino-superior-cai-no-brasil-mas-ainda-e-elevado-e-recompensador\" alt=\"Diferencial Salarial do Ensino Superior pela FGV\">Funda\u00e7\u00e3o Get\u00falio Vargas<\/a>, o diferencial salarial para aqueles com ensino superior ainda \u00e9 significativo, mesmo com uma ligeira queda nos \u00faltimos anos.<\/p>\n<p>A tabela abaixo ilustra essas diferen\u00e7as:<\/p>\n<table>\n<thead>\n<tr>\n<th>Tipo de Ocupa\u00e7\u00e3o<\/th>\n<th>N\u00edvel de Escolaridade<\/th>\n<th>Rendimento M\u00e9dio<\/th>\n<\/tr>\n<\/thead>\n<tbody>\n<tr>\n<td>Cargo de Lideran\u00e7a<\/td>\n<td>Ensino Superior<\/td>\n<td><strong>R$ 8.000<\/strong><\/td>\n<\/tr>\n<tr>\n<td>Ocupa\u00e7\u00e3p T\u00e9cnica<\/td>\n<td>Ensino M\u00e9dio<\/td>\n<td>R$ 3.500<\/td>\n<\/tr>\n<tr>\n<td>Ocupa\u00e7\u00e3p B\u00e1sica<\/td>\n<td>Sem Escolaridade<\/td>\n<td><strong>R$ 1.500<\/strong><\/td>\n<\/tr>\n<\/tbody>\n<\/table>\n<p><u>A educa\u00e7\u00e3o e a qualifica\u00e7\u00e3o profissional se mostram essenciais para a melhora da renda dos indiv\u00edduos<\/u>.<\/p>\n<p>Investir em um n\u00edvel mais alto de escolaridade pode proporcionar melhores oportunidades de trabalho e, consequentemente, sal\u00e1rios mais altos e estabilidade econ\u00f4mica.<\/p>\n<p>Al\u00e9m disso, a busca por qualifica\u00e7\u00f5es adicionais e treinamento cont\u00ednuo amplia possibilidades no mercado de trabalho, gerando maior competitividade e sucesso financeiro.<\/p>\n<p><strong>Em suma<\/strong>, as desigualdades sociais e econ\u00f4micas continuam a ser um desafio no Brasil, evidenciando a necessidade de pol\u00edticas eficazes que promovam equidade e inclus\u00e3o no mercado de trabalho.<\/p>","protected":false},"excerpt":{"rendered":"<p>No Brasil, o rendimento m\u00e9dio alcan\u00e7ou em 2024 a cifra hist\u00f3rica de R$ 3.208, revelando um cen\u00e1rio econ\u00f4mico que, apesar de progressos, ainda apresenta profundas desigualdades. Neste artigo, vamos explorar as disparidades regionais, comparando o Distrito Federal ao Maranh\u00e3o, al\u00e9m das desigualdades salariais em rela\u00e7\u00e3o \u00e0 ra\u00e7a, g\u00eanero e escolaridade. [&hellip;]<\/p>","protected":false},"author":12,"featured_media":2252,"comment_status":"open","ping_status":"open","sticky":false,"template":"","format":"standard","meta":{"footnotes":""},"categories":[737],"tags":[1847,1849,1848],"class_list":["post-2253","post","type-post","status-publish","format-standard","has-post-thumbnail","hentry","category-financa","tag-desigualdade-salarial","tag-renda-brasil-2024","tag-rendimento-medio"],"yoast_head":"<!-- This site is optimized with the Yoast SEO plugin v24.5 - https:\/\/yoast.com\/wordpress\/plugins\/seo\/ -->\n<title>Rendimento M\u00e9dio Hist\u00f3rico e Desigualdades Brasil -<\/title>\n<meta name=\"robots\" content=\"index, follow, max-snippet:-1, max-image-preview:large, max-video-preview:-1\" \/>\n<link rel=\"canonical\" href=\"https:\/\/caleine.com\/fr\/rendimento-medio-historico-e-desigualdades-brasil\/\" \/>\n<meta property=\"og:locale\" content=\"fr_FR\" \/>\n<meta property=\"og:type\" content=\"article\" \/>\n<meta property=\"og:title\" content=\"Rendimento M\u00e9dio Hist\u00f3rico e Desigualdades Brasil -\" \/>\n<meta property=\"og:description\" content=\"No Brasil, o rendimento m\u00e9dio alcan\u00e7ou em 2024 a cifra hist\u00f3rica de R$ 3.208, revelando um cen\u00e1rio econ\u00f4mico que, apesar de progressos, ainda apresenta profundas desigualdades. Neste artigo, vamos explorar as disparidades regionais, comparando o Distrito Federal ao Maranh\u00e3o, al\u00e9m das desigualdades salariais em rela\u00e7\u00e3o \u00e0 ra\u00e7a, g\u00eanero e escolaridade. [&hellip;]\" \/>\n<meta property=\"og:url\" content=\"https:\/\/caleine.com\/fr\/rendimento-medio-historico-e-desigualdades-brasil\/\" \/>\n<meta property=\"article:published_time\" content=\"2025-12-04T20:02:26+00:00\" \/>\n<meta name=\"author\" content=\"Ana\" \/>\n<meta name=\"twitter:card\" content=\"summary_large_image\" \/>\n<meta name=\"twitter:label1\" content=\"\u00c9crit par\" \/>\n\t<meta name=\"twitter:data1\" content=\"Ana\" \/>\n\t<meta name=\"twitter:label2\" content=\"Dur\u00e9e de lecture estim\u00e9e\" \/>\n\t<meta name=\"twitter:data2\" content=\"4 minutes\" \/>\n<script type=\"application\/ld+json\" class=\"yoast-schema-graph\">{\"@context\":\"https:\/\/schema.org\",\"@graph\":[{\"@type\":\"WebPage\",\"@id\":\"https:\/\/caleine.com\/rendimento-medio-historico-e-desigualdades-brasil\/\",\"url\":\"https:\/\/caleine.com\/rendimento-medio-historico-e-desigualdades-brasil\/\",\"name\":\"Rendimento M\u00e9dio Hist\u00f3rico e Desigualdades Brasil -\",\"isPartOf\":{\"@id\":\"https:\/\/caleine.com\/#website\"},\"primaryImageOfPage\":{\"@id\":\"https:\/\/caleine.com\/rendimento-medio-historico-e-desigualdades-brasil\/#primaryimage\"},\"image\":{\"@id\":\"https:\/\/caleine.com\/rendimento-medio-historico-e-desigualdades-brasil\/#primaryimage\"},\"thumbnailUrl\":\"https:\/\/caleine.com\/wp-content\/uploads\/2025\/12\/1764878540870.png\",\"datePublished\":\"2025-12-04T20:02:26+00:00\",\"author\":{\"@id\":\"https:\/\/caleine.com\/#\/schema\/person\/62089e4cf4c613ce5c0f8a2f565a3bb6\"},\"breadcrumb\":{\"@id\":\"https:\/\/caleine.com\/rendimento-medio-historico-e-desigualdades-brasil\/#breadcrumb\"},\"inLanguage\":\"fr-FR\",\"potentialAction\":[{\"@type\":\"ReadAction\",\"target\":[\"https:\/\/caleine.com\/rendimento-medio-historico-e-desigualdades-brasil\/\"]}]},{\"@type\":\"ImageObject\",\"inLanguage\":\"fr-FR\",\"@id\":\"https:\/\/caleine.com\/rendimento-medio-historico-e-desigualdades-brasil\/#primaryimage\",\"url\":\"https:\/\/caleine.com\/wp-content\/uploads\/2025\/12\/1764878540870.png\",\"contentUrl\":\"https:\/\/caleine.com\/wp-content\/uploads\/2025\/12\/1764878540870.png\",\"width\":1024,\"height\":624,\"caption\":\"undefined\"},{\"@type\":\"BreadcrumbList\",\"@id\":\"https:\/\/caleine.com\/rendimento-medio-historico-e-desigualdades-brasil\/#breadcrumb\",\"itemListElement\":[{\"@type\":\"ListItem\",\"position\":1,\"name\":\"In\u00edcio\",\"item\":\"https:\/\/caleine.com\/\"},{\"@type\":\"ListItem\",\"position\":2,\"name\":\"Rendimento M\u00e9dio Hist\u00f3rico e Desigualdades Brasil\"}]},{\"@type\":\"WebSite\",\"@id\":\"https:\/\/caleine.com\/#website\",\"url\":\"https:\/\/caleine.com\/\",\"name\":\"\",\"description\":\"Caleine\",\"potentialAction\":[{\"@type\":\"SearchAction\",\"target\":{\"@type\":\"EntryPoint\",\"urlTemplate\":\"https:\/\/caleine.com\/?s={search_term_string}\"},\"query-input\":{\"@type\":\"PropertyValueSpecification\",\"valueRequired\":true,\"valueName\":\"search_term_string\"}}],\"inLanguage\":\"fr-FR\"},{\"@type\":\"Person\",\"@id\":\"https:\/\/caleine.com\/#\/schema\/person\/62089e4cf4c613ce5c0f8a2f565a3bb6\",\"name\":\"Ana\",\"image\":{\"@type\":\"ImageObject\",\"inLanguage\":\"fr-FR\",\"@id\":\"https:\/\/caleine.com\/#\/schema\/person\/image\/\",\"url\":\"https:\/\/secure.gravatar.com\/avatar\/3b8d3239bbfabcc66532f32c73ae0a7615bc645b516dea668acc6760afea8a2c?s=96&d=mm&r=g\",\"contentUrl\":\"https:\/\/secure.gravatar.com\/avatar\/3b8d3239bbfabcc66532f32c73ae0a7615bc645b516dea668acc6760afea8a2c?s=96&d=mm&r=g\",\"caption\":\"Ana\"},\"url\":\"https:\/\/caleine.com\/fr\/author\/ana\/\"}]}<\/script>\n<!-- \/ Yoast SEO plugin. -->","yoast_head_json":{"title":"Rendimento M\u00e9dio Hist\u00f3rico e Desigualdades Brasil -","robots":{"index":"index","follow":"follow","max-snippet":"max-snippet:-1","max-image-preview":"max-image-preview:large","max-video-preview":"max-video-preview:-1"},"canonical":"https:\/\/caleine.com\/fr\/rendimento-medio-historico-e-desigualdades-brasil\/","og_locale":"fr_FR","og_type":"article","og_title":"Rendimento M\u00e9dio Hist\u00f3rico e Desigualdades Brasil -","og_description":"No Brasil, o rendimento m\u00e9dio alcan\u00e7ou em 2024 a cifra hist\u00f3rica de R$ 3.208, revelando um cen\u00e1rio econ\u00f4mico que, apesar de progressos, ainda apresenta profundas desigualdades. Neste artigo, vamos explorar as disparidades regionais, comparando o Distrito Federal ao Maranh\u00e3o, al\u00e9m das desigualdades salariais em rela\u00e7\u00e3o \u00e0 ra\u00e7a, g\u00eanero e escolaridade. [&hellip;]","og_url":"https:\/\/caleine.com\/fr\/rendimento-medio-historico-e-desigualdades-brasil\/","article_published_time":"2025-12-04T20:02:26+00:00","author":"Ana","twitter_card":"summary_large_image","twitter_misc":{"\u00c9crit par":"Ana","Dur\u00e9e de lecture estim\u00e9e":"4 minutes"},"schema":{"@context":"https:\/\/schema.org","@graph":[{"@type":"WebPage","@id":"https:\/\/caleine.com\/rendimento-medio-historico-e-desigualdades-brasil\/","url":"https:\/\/caleine.com\/rendimento-medio-historico-e-desigualdades-brasil\/","name":"Rendimento M\u00e9dio Hist\u00f3rico e Desigualdades Brasil -","isPartOf":{"@id":"https:\/\/caleine.com\/#website"},"primaryImageOfPage":{"@id":"https:\/\/caleine.com\/rendimento-medio-historico-e-desigualdades-brasil\/#primaryimage"},"image":{"@id":"https:\/\/caleine.com\/rendimento-medio-historico-e-desigualdades-brasil\/#primaryimage"},"thumbnailUrl":"https:\/\/caleine.com\/wp-content\/uploads\/2025\/12\/1764878540870.png","datePublished":"2025-12-04T20:02:26+00:00","author":{"@id":"https:\/\/caleine.com\/#\/schema\/person\/62089e4cf4c613ce5c0f8a2f565a3bb6"},"breadcrumb":{"@id":"https:\/\/caleine.com\/rendimento-medio-historico-e-desigualdades-brasil\/#breadcrumb"},"inLanguage":"fr-FR","potentialAction":[{"@type":"ReadAction","target":["https:\/\/caleine.com\/rendimento-medio-historico-e-desigualdades-brasil\/"]}]},{"@type":"ImageObject","inLanguage":"fr-FR","@id":"https:\/\/caleine.com\/rendimento-medio-historico-e-desigualdades-brasil\/#primaryimage","url":"https:\/\/caleine.com\/wp-content\/uploads\/2025\/12\/1764878540870.png","contentUrl":"https:\/\/caleine.com\/wp-content\/uploads\/2025\/12\/1764878540870.png","width":1024,"height":624,"caption":"undefined"},{"@type":"BreadcrumbList","@id":"https:\/\/caleine.com\/rendimento-medio-historico-e-desigualdades-brasil\/#breadcrumb","itemListElement":[{"@type":"ListItem","position":1,"name":"In\u00edcio","item":"https:\/\/caleine.com\/"},{"@type":"ListItem","position":2,"name":"Rendimento M\u00e9dio Hist\u00f3rico e Desigualdades Brasil"}]},{"@type":"WebSite","@id":"https:\/\/caleine.com\/#website","url":"https:\/\/caleine.com\/","name":"","description":"Caleine","potentialAction":[{"@type":"SearchAction","target":{"@type":"EntryPoint","urlTemplate":"https:\/\/caleine.com\/?s={search_term_string}"},"query-input":{"@type":"PropertyValueSpecification","valueRequired":true,"valueName":"search_term_string"}}],"inLanguage":"fr-FR"},{"@type":"Person","@id":"https:\/\/caleine.com\/#\/schema\/person\/62089e4cf4c613ce5c0f8a2f565a3bb6","name":"Ana","image":{"@type":"ImageObject","inLanguage":"fr-FR","@id":"https:\/\/caleine.com\/#\/schema\/person\/image\/","url":"https:\/\/secure.gravatar.com\/avatar\/3b8d3239bbfabcc66532f32c73ae0a7615bc645b516dea668acc6760afea8a2c?s=96&d=mm&r=g","contentUrl":"https:\/\/secure.gravatar.com\/avatar\/3b8d3239bbfabcc66532f32c73ae0a7615bc645b516dea668acc6760afea8a2c?s=96&d=mm&r=g","caption":"Ana"},"url":"https:\/\/caleine.com\/fr\/author\/ana\/"}]}},"_links":{"self":[{"href":"https:\/\/caleine.com\/fr\/wp-json\/wp\/v2\/posts\/2253","targetHints":{"allow":["GET"]}}],"collection":[{"href":"https:\/\/caleine.com\/fr\/wp-json\/wp\/v2\/posts"}],"about":[{"href":"https:\/\/caleine.com\/fr\/wp-json\/wp\/v2\/types\/post"}],"author":[{"embeddable":true,"href":"https:\/\/caleine.com\/fr\/wp-json\/wp\/v2\/users\/12"}],"replies":[{"embeddable":true,"href":"https:\/\/caleine.com\/fr\/wp-json\/wp\/v2\/comments?post=2253"}],"version-history":[{"count":0,"href":"https:\/\/caleine.com\/fr\/wp-json\/wp\/v2\/posts\/2253\/revisions"}],"wp:featuredmedia":[{"embeddable":true,"href":"https:\/\/caleine.com\/fr\/wp-json\/wp\/v2\/media\/2252"}],"wp:attachment":[{"href":"https:\/\/caleine.com\/fr\/wp-json\/wp\/v2\/media?parent=2253"}],"wp:term":[{"taxonomy":"category","embeddable":true,"href":"https:\/\/caleine.com\/fr\/wp-json\/wp\/v2\/categories?post=2253"},{"taxonomy":"post_tag","embeddable":true,"href":"https:\/\/caleine.com\/fr\/wp-json\/wp\/v2\/tags?post=2253"}],"curies":[{"name":"wp","href":"https:\/\/api.w.org\/{rel}","templated":true}]}}