{"id":2257,"date":"2025-12-04T17:02:35","date_gmt":"2025-12-04T20:02:35","guid":{"rendered":"https:\/\/caleine.com\/desigualdade-salarial-entre-diretores-negros-e-brancos\/"},"modified":"2025-12-04T17:02:35","modified_gmt":"2025-12-04T20:02:35","slug":"desigualdade-salarial-entre-diretores-negros-e-brancos","status":"publish","type":"post","link":"https:\/\/caleine.com\/fr\/desigualdade-salarial-entre-diretores-negros-e-brancos\/","title":{"rendered":"Desigualdade Salarial Entre Diretores Negros e Brancos"},"content":{"rendered":"<p><strong>Diretores Negros<\/strong> enfrentam uma realidade de desigualdade salarial em compara\u00e7\u00e3o a seus pares brancos, refletindo uma hist\u00f3ria de discrimina\u00e7\u00e3o e exclus\u00e3o no mercado de trabalho.<\/p>\n<p>Este artigo explorar\u00e1 as diferen\u00e7as de rendimento entre diretores e gerentes negros e brancos, analisando a redu\u00e7\u00e3o dessa disparidade ao longo dos anos.<\/p>\n<p>Tamb\u00e9m abordaremos como essa desigualdade se manifesta em outras ocupa\u00e7\u00f5es, a representatividade das popula\u00e7\u00f5es negras e pardas em cargos de lideran\u00e7a e a informalidade que afeta esses grupos.<\/p>\n<p>Ao final, discutiremos a persist\u00eancia da desigualdade, mesmo entre profissionais com forma\u00e7\u00e3o superior.<\/p>\n<p><\/strong><\/p>\n<h2>Desigualdade Salarial em Cargos de Dire\u00e7\u00e3o e Ger\u00eancia<\/h2>\n<p>A desigualdade salarial entre diretores e gerentes negros e brancos no Brasil \u00e9 uma quest\u00e3o de relev\u00e2ncia social que merece aten\u00e7\u00e3o.<\/p>\n<p>Em 2023, a m\u00e9dia salarial para negros em cargos de dire\u00e7\u00e3o e ger\u00eancia \u00e9 de <strong>R$ 6.446<\/strong>, enquanto para brancos o valor alcan\u00e7a <strong>R$ 9.831<\/strong>.<\/p>\n<p>A diferen\u00e7a de <strong>34%<\/strong> em rela\u00e7\u00e3o aos rendimentos salariais entre os grupos \u00e9 significativa, mesmo que tenha havido uma redu\u00e7\u00e3o hist\u00f3rica de <u><strong>39% em 2012 para 34% hoje<\/strong><\/u>.<\/p>\n<p>A pesquisa social aponta para causas estruturais e raciais profundamente enraizadas que perpetuam essas disparidades.<\/p>\n<p>&#8220;<em>Os n\u00fameros demonstram avan\u00e7os t\u00edmidos, mas a equidade ainda est\u00e1 distante<\/em>&#8220;, afirma pesquisadora do IPEA.<\/p>\n<p>Este cen\u00e1rio ressalta a necessidade de pol\u00edticas p\u00fablicas mais eficazes e inclusivas, abordando n\u00e3o apenas as disparidades salariais, mas tamb\u00e9m a representa\u00e7\u00e3o de negros e pardos em cargos de lideran\u00e7a, considerando que atualmente apenas 8,6% ocupam estas posi\u00e7\u00f5es, como descrito no estudo da <a href=\"https:\/\/agenciabrasil.ebc.com.br\/economia\/noticia\/2025-12\/diretores-e-gerentes-negros-ganham-34-menos-que-brancos-revela-ibge\" alt=\"Diretores e Gerentes Negros Ganham 34% Menos que Brancos\">Ag\u00eancia Brasil<\/a>.<\/p>\n<h2>Persist\u00eancia da Desigualdade em Outras Ocupa\u00e7\u00f5es Cient\u00edficas<\/h2>\n<ul>\n<li><strong>Brancos: R$ 7.412<\/strong><\/li>\n<li><strong>Negros: R$ 5.192<\/strong><\/li>\n<\/ul>\n<p>A desigualdade salarial nas ci\u00eancias no Brasil aponta para uma realidade injusta que ultrapassa os cargos de lideran\u00e7a.<\/p>\n<p>Os n\u00fameros s\u00e3o reveladores, mas a diferen\u00e7a de rendimentos entre negros e brancos n\u00e3o se resume apenas aos valores absolutos. \u00c9 importante entender que fatores socioecon\u00f4micos contribuem para essa disparidade.<\/p>\n<p>O racismo estrutural \u00e9 uma barreira significativa, dificultando o acesso dos negros a oportunidades iguais de educa\u00e7\u00e3o e desenvolvimento profissional.<\/p>\n<p>Al\u00e9m disso, a <a href=\"https:\/\/agenciabrasil.ebc.com.br\/economia\/noticia\/2025-12\/diretores-e-gerentes-negros-ganham-34-menos-que-brancos-revela-ibge\" alt=\"Desigualdade Salarial IBGE\">ag\u00eancia Brasil<\/a> destaca que a informalidade no mercado de trabalho atinge mais a popula\u00e7\u00e3o negra, o que reduz a estabilidade financeira e limita o acesso a posi\u00e7\u00f5es superiores e bem remuneradas.<\/p>\n<p>Portanto, mesmo em \u00e1reas cient\u00edficas, a desigualdade persiste, refletindo um problema que demanda a\u00e7\u00f5es concretas e pol\u00edticas p\u00fablicas de inclus\u00e3o e equidade para gerar mudan\u00e7as efetivas.<\/p>\n<h2>Representatividade e Rendimentos M\u00e9dios<\/h2>\n<p>Negros e pardos, embora representem 55,5% da popula\u00e7\u00e3o brasileira, enfrentam uma <u><strong>grande disparidade<\/strong> <\/u> na ocupa\u00e7\u00e3o de cargos de lideran\u00e7a.<\/p>\n<p>A propor\u00e7\u00e3o de negros e pardos em cargos de diretores e gerentes \u00e9 apenas 8,6%, enquanto brancos ocupam 17,7% desses postos.<\/p>\n<p>Com uma diferen\u00e7a gritante de rendimentos m\u00e9dios que chega a <u>65,9%<\/u>, o sal\u00e1rio m\u00e9dio dos brancos \u00e9 de R$ 4.119 em contraste com R$ 2.484 para negros.<\/p>\n<p>Esta desigualdade ressalta a necessidade de pol\u00edticas afirmativas para promover a igualdade no ambiente corporativo.<\/p>\n<table>\n<thead>\n<tr>\n<th>Grupo<\/th>\n<th>Participa\u00e7\u00e3o em Dire\u00e7\u00e3o\/Ger\u00eancia<\/th>\n<th>Rendimento M\u00e9dio (R$)<\/th>\n<\/tr>\n<\/thead>\n<tbody>\n<tr>\n<td>Brancos<\/td>\n<td><strong>17,7%<\/strong><\/td>\n<td><u><strong>4.119<\/strong><\/u><\/td>\n<\/tr>\n<tr>\n<td>Negros\/Pardos<\/td>\n<td><strong>8,6%<\/strong><\/td>\n<td><u><strong>2.484<\/strong><\/u><\/td>\n<\/tr>\n<\/tbody>\n<\/table>\n<p>A diferen\u00e7a salarial reflete barreiras estruturais enfrentadas pela popula\u00e7\u00e3o negra para alcan\u00e7ar o mesmo n\u00edvel de rendimento dos brancos.<\/p>\n<p>Mesmo entre os que possuem diploma de ensino superior, a desigualdade persiste.<\/p>\n<p><a href=\"https:\/\/agenciabrasil.ebc.com.br\/economia\/noticia\/2024-11\/dieese-expoe-diferenca-de-renda-entre-negros-e-brancos-no-brasil\" alt=\"Dieese exp\u00f5e diferen\u00e7a de renda entre negros e brancos no Brasil\">Estudos do Dieese<\/a> demonstram que a m\u00e9dia salarial dos negros com diploma \u00e9 ainda menor.<\/p>\n<p>Este cen\u00e1rio \u00e9 um chamado claro para que o mercado de trabalho adote medidas efetivas que estimulem a diversidade e igualdade.<\/p>\n<h2>Informalidade e Suas Consequ\u00eancias Econ\u00f4micas<\/h2>\n<p>A informalidade no mercado de trabalho brasileiro ressalta uma preocupante disparidade entre as popula\u00e7\u00f5es negra e branca.<\/p>\n<p>Enquanto <strong>45,6%<\/strong> dos negros enfrentam a aus\u00eancia de formaliza\u00e7\u00e3o em suas ocupa\u00e7\u00f5es, apenas <strong>34%<\/strong> dos brancos se encontram nessa situa\u00e7\u00e3o.<\/p>\n<p>Essa diferen\u00e7a impacta diretamente a desigualdade salarial, pois a informalidade resulta em <u>menor acesso a benef\u00edcios trabalhistas<\/u> que garantem seguran\u00e7a e estabilidade financeira.<\/p>\n<p>Sem a prote\u00e7\u00e3o de contratos formais, muitos trabalhadores negros n\u00e3o t\u00eam direito a f\u00e9rias remuneradas, FGTS ou aux\u00edlios como seguro-desemprego, como destacado no <a href=\"https:\/\/iree.org.br\/desigualdade-racial-no-mercado-de-trabalho\/\" alt=\"Desigualdade racial no mercado de trabalho\">site IREE<\/a>.<\/p>\n<p>Isso perpetua um ciclo de vulnerabilidade econ\u00f4mica, onde a falta de garantias formais limita as oportunidades de ascens\u00e3o social e consolida\u00e7\u00e3o de patrim\u00f4nio.<\/p>\n<p>Assim, a informalidade n\u00e3o s\u00f3 amplifica a desigualdade salarial como tamb\u00e9m impede que a popula\u00e7\u00e3o negra desfrute de direitos que s\u00e3o fundamentais para uma qualidade de vida digna e progresso econ\u00f4mico.<\/p>\n<h2>Desigualdade Salarial Apesar do Ensino Superior<\/h2>\n<p>No cen\u00e1rio atual do Brasil, observa-se uma persistente desigualdade salarial entre indiv\u00edduos negros e brancos, mesmo quando ambos possuem diplomas de ensino superior.<\/p>\n<p><strong>Brancos recebem em m\u00e9dia R$ 43,20 por hora<\/strong>, enquanto <strong>negros ganham R$ 29,90<\/strong> pela mesma hora trabalhada.<\/p>\n<p>Esta disparidade \u00e9 preocupante, pois contraria a expectativa de que a educa\u00e7\u00e3o superior proporcionaria equidade econ\u00f4mica.<\/p>\n<p>As ra\u00edzes dessa desigualdade residem em diversos fatores estruturais que permeiam o mercado de trabalho.<\/p>\n<p>Primeiramente, a representatividade em cargos de lideran\u00e7a ainda \u00e9 desproporcional.<\/p>\n<p>Negros e pardos comp\u00f5em 55,5% da popula\u00e7\u00e3o, mas apenas 8,6% delas ocupam cargos de diretores e gerentes, em compara\u00e7\u00e3o a 17,7% de brancos.<\/p>\n<p>Al\u00e9m disso, o racismo estrutural desempenha um papel crucial, criando barreiras invis\u00edveis que dificultam o acesso de profissionais negros \u00e0s mesmas oportunidades de crescimento e desenvolvimento profissional que s\u00e3o oferecidas aos brancos.<\/p>\n<p>De acordo com um relat\u00f3rio <a href=\"https:\/\/www.acritica.net\/editorias\/economia\/desigualdade-salarial-racial\/861197\/\" alt=\"Relat\u00f3rio sobre desigualdade salarial racial\">do Mercado de Trabalho<\/a>, mesmo titulares de diplomas de gradua\u00e7\u00e3o enfrentam obst\u00e1culos semelhantes, onde a diferen\u00e7a salarial soma-se \u00e0 taxa de informalidade, que afeta 45,6% dos trabalhadores negros versus 34% dos brancos.<\/p>\n<p>Portanto, a educa\u00e7\u00e3o, embora valiosa, n\u00e3o \u00e9 um rem\u00e9dio imediato para as desigualdades enraizadas na sociedade.<\/p>\n<p>Esses dados destacam a necessidade urgente de pol\u00edticas e a\u00e7\u00f5es afirmativas que promovam a equidade no local de trabalho para garantir que a escolaridade acima de tudo seja uma ferramenta para diminuir, e n\u00e3o perpetuar, a disparidade socioecon\u00f4mica entre negros e brancos.<\/p>\n<p><strong>Em suma, a desigualdade salarial entre diretores negros e brancos revela um desafio cont\u00ednuo para a equidade no mercado de trabalho.<\/p>\n<p>A luta por uma representa\u00e7\u00e3o justa e por sal\u00e1rios dignos permanece fundamental para garantir oportunidades iguais a todos.<\/p>\n<p><\/strong><\/p>","protected":false},"excerpt":{"rendered":"<p>Diretores Negros enfrentam uma realidade de desigualdade salarial em compara\u00e7\u00e3o a seus pares brancos, refletindo uma hist\u00f3ria de discrimina\u00e7\u00e3o e exclus\u00e3o no mercado de trabalho. Este artigo explorar\u00e1 as diferen\u00e7as de rendimento entre diretores e gerentes negros e brancos, analisando a redu\u00e7\u00e3o dessa disparidade ao longo dos anos. Tamb\u00e9m abordaremos [&hellip;]<\/p>","protected":false},"author":14,"featured_media":2256,"comment_status":"open","ping_status":"open","sticky":false,"template":"","format":"standard","meta":{"footnotes":""},"categories":[739],"tags":[1847,1851,1848],"class_list":["post-2257","post","type-post","status-publish","format-standard","has-post-thumbnail","hentry","category-economia","tag-desigualdade-salarial","tag-diretores-negros","tag-rendimento-medio"],"yoast_head":"<!-- This site is optimized with the Yoast SEO plugin v24.5 - https:\/\/yoast.com\/wordpress\/plugins\/seo\/ -->\n<title>Desigualdade Salarial Entre Diretores Negros e Brancos -<\/title>\n<meta name=\"robots\" content=\"index, follow, max-snippet:-1, max-image-preview:large, max-video-preview:-1\" \/>\n<link rel=\"canonical\" href=\"https:\/\/caleine.com\/fr\/desigualdade-salarial-entre-diretores-negros-e-brancos\/\" \/>\n<meta property=\"og:locale\" content=\"fr_FR\" \/>\n<meta property=\"og:type\" content=\"article\" \/>\n<meta property=\"og:title\" content=\"Desigualdade Salarial Entre Diretores Negros e Brancos -\" \/>\n<meta property=\"og:description\" content=\"Diretores Negros enfrentam uma realidade de desigualdade salarial em compara\u00e7\u00e3o a seus pares brancos, refletindo uma hist\u00f3ria de discrimina\u00e7\u00e3o e exclus\u00e3o no mercado de trabalho. Este artigo explorar\u00e1 as diferen\u00e7as de rendimento entre diretores e gerentes negros e brancos, analisando a redu\u00e7\u00e3o dessa disparidade ao longo dos anos. Tamb\u00e9m abordaremos [&hellip;]\" \/>\n<meta property=\"og:url\" content=\"https:\/\/caleine.com\/fr\/desigualdade-salarial-entre-diretores-negros-e-brancos\/\" \/>\n<meta property=\"article:published_time\" content=\"2025-12-04T20:02:35+00:00\" \/>\n<meta name=\"author\" content=\"Davi\" \/>\n<meta name=\"twitter:card\" content=\"summary_large_image\" \/>\n<meta name=\"twitter:label1\" content=\"\u00c9crit par\" \/>\n\t<meta name=\"twitter:data1\" content=\"Davi\" \/>\n\t<meta name=\"twitter:label2\" content=\"Dur\u00e9e de lecture estim\u00e9e\" \/>\n\t<meta name=\"twitter:data2\" content=\"5 minutes\" \/>\n<script type=\"application\/ld+json\" class=\"yoast-schema-graph\">{\"@context\":\"https:\/\/schema.org\",\"@graph\":[{\"@type\":\"WebPage\",\"@id\":\"https:\/\/caleine.com\/desigualdade-salarial-entre-diretores-negros-e-brancos\/\",\"url\":\"https:\/\/caleine.com\/desigualdade-salarial-entre-diretores-negros-e-brancos\/\",\"name\":\"Desigualdade Salarial Entre Diretores Negros e Brancos -\",\"isPartOf\":{\"@id\":\"https:\/\/caleine.com\/#website\"},\"primaryImageOfPage\":{\"@id\":\"https:\/\/caleine.com\/desigualdade-salarial-entre-diretores-negros-e-brancos\/#primaryimage\"},\"image\":{\"@id\":\"https:\/\/caleine.com\/desigualdade-salarial-entre-diretores-negros-e-brancos\/#primaryimage\"},\"thumbnailUrl\":\"https:\/\/caleine.com\/wp-content\/uploads\/2025\/12\/1764878549342.png\",\"datePublished\":\"2025-12-04T20:02:35+00:00\",\"author\":{\"@id\":\"https:\/\/caleine.com\/#\/schema\/person\/e822d0434de2761ae603436b42954961\"},\"breadcrumb\":{\"@id\":\"https:\/\/caleine.com\/desigualdade-salarial-entre-diretores-negros-e-brancos\/#breadcrumb\"},\"inLanguage\":\"fr-FR\",\"potentialAction\":[{\"@type\":\"ReadAction\",\"target\":[\"https:\/\/caleine.com\/desigualdade-salarial-entre-diretores-negros-e-brancos\/\"]}]},{\"@type\":\"ImageObject\",\"inLanguage\":\"fr-FR\",\"@id\":\"https:\/\/caleine.com\/desigualdade-salarial-entre-diretores-negros-e-brancos\/#primaryimage\",\"url\":\"https:\/\/caleine.com\/wp-content\/uploads\/2025\/12\/1764878549342.png\",\"contentUrl\":\"https:\/\/caleine.com\/wp-content\/uploads\/2025\/12\/1764878549342.png\",\"width\":1024,\"height\":624,\"caption\":\"undefined\"},{\"@type\":\"BreadcrumbList\",\"@id\":\"https:\/\/caleine.com\/desigualdade-salarial-entre-diretores-negros-e-brancos\/#breadcrumb\",\"itemListElement\":[{\"@type\":\"ListItem\",\"position\":1,\"name\":\"In\u00edcio\",\"item\":\"https:\/\/caleine.com\/\"},{\"@type\":\"ListItem\",\"position\":2,\"name\":\"Desigualdade Salarial Entre Diretores Negros e Brancos\"}]},{\"@type\":\"WebSite\",\"@id\":\"https:\/\/caleine.com\/#website\",\"url\":\"https:\/\/caleine.com\/\",\"name\":\"\",\"description\":\"Caleine\",\"potentialAction\":[{\"@type\":\"SearchAction\",\"target\":{\"@type\":\"EntryPoint\",\"urlTemplate\":\"https:\/\/caleine.com\/?s={search_term_string}\"},\"query-input\":{\"@type\":\"PropertyValueSpecification\",\"valueRequired\":true,\"valueName\":\"search_term_string\"}}],\"inLanguage\":\"fr-FR\"},{\"@type\":\"Person\",\"@id\":\"https:\/\/caleine.com\/#\/schema\/person\/e822d0434de2761ae603436b42954961\",\"name\":\"Davi\",\"image\":{\"@type\":\"ImageObject\",\"inLanguage\":\"fr-FR\",\"@id\":\"https:\/\/caleine.com\/#\/schema\/person\/image\/\",\"url\":\"https:\/\/secure.gravatar.com\/avatar\/e1ee68e758cac208b2e5afa99bab2ebc9c971f628c4e810fe37ef98f59af2f71?s=96&d=mm&r=g\",\"contentUrl\":\"https:\/\/secure.gravatar.com\/avatar\/e1ee68e758cac208b2e5afa99bab2ebc9c971f628c4e810fe37ef98f59af2f71?s=96&d=mm&r=g\",\"caption\":\"Davi\"},\"url\":\"https:\/\/caleine.com\/fr\/author\/davi\/\"}]}<\/script>\n<!-- \/ Yoast SEO plugin. -->","yoast_head_json":{"title":"Desigualdade Salarial Entre Diretores Negros e Brancos -","robots":{"index":"index","follow":"follow","max-snippet":"max-snippet:-1","max-image-preview":"max-image-preview:large","max-video-preview":"max-video-preview:-1"},"canonical":"https:\/\/caleine.com\/fr\/desigualdade-salarial-entre-diretores-negros-e-brancos\/","og_locale":"fr_FR","og_type":"article","og_title":"Desigualdade Salarial Entre Diretores Negros e Brancos -","og_description":"Diretores Negros enfrentam uma realidade de desigualdade salarial em compara\u00e7\u00e3o a seus pares brancos, refletindo uma hist\u00f3ria de discrimina\u00e7\u00e3o e exclus\u00e3o no mercado de trabalho. Este artigo explorar\u00e1 as diferen\u00e7as de rendimento entre diretores e gerentes negros e brancos, analisando a redu\u00e7\u00e3o dessa disparidade ao longo dos anos. Tamb\u00e9m abordaremos [&hellip;]","og_url":"https:\/\/caleine.com\/fr\/desigualdade-salarial-entre-diretores-negros-e-brancos\/","article_published_time":"2025-12-04T20:02:35+00:00","author":"Davi","twitter_card":"summary_large_image","twitter_misc":{"\u00c9crit par":"Davi","Dur\u00e9e de lecture estim\u00e9e":"5 minutes"},"schema":{"@context":"https:\/\/schema.org","@graph":[{"@type":"WebPage","@id":"https:\/\/caleine.com\/desigualdade-salarial-entre-diretores-negros-e-brancos\/","url":"https:\/\/caleine.com\/desigualdade-salarial-entre-diretores-negros-e-brancos\/","name":"Desigualdade Salarial Entre Diretores Negros e Brancos -","isPartOf":{"@id":"https:\/\/caleine.com\/#website"},"primaryImageOfPage":{"@id":"https:\/\/caleine.com\/desigualdade-salarial-entre-diretores-negros-e-brancos\/#primaryimage"},"image":{"@id":"https:\/\/caleine.com\/desigualdade-salarial-entre-diretores-negros-e-brancos\/#primaryimage"},"thumbnailUrl":"https:\/\/caleine.com\/wp-content\/uploads\/2025\/12\/1764878549342.png","datePublished":"2025-12-04T20:02:35+00:00","author":{"@id":"https:\/\/caleine.com\/#\/schema\/person\/e822d0434de2761ae603436b42954961"},"breadcrumb":{"@id":"https:\/\/caleine.com\/desigualdade-salarial-entre-diretores-negros-e-brancos\/#breadcrumb"},"inLanguage":"fr-FR","potentialAction":[{"@type":"ReadAction","target":["https:\/\/caleine.com\/desigualdade-salarial-entre-diretores-negros-e-brancos\/"]}]},{"@type":"ImageObject","inLanguage":"fr-FR","@id":"https:\/\/caleine.com\/desigualdade-salarial-entre-diretores-negros-e-brancos\/#primaryimage","url":"https:\/\/caleine.com\/wp-content\/uploads\/2025\/12\/1764878549342.png","contentUrl":"https:\/\/caleine.com\/wp-content\/uploads\/2025\/12\/1764878549342.png","width":1024,"height":624,"caption":"undefined"},{"@type":"BreadcrumbList","@id":"https:\/\/caleine.com\/desigualdade-salarial-entre-diretores-negros-e-brancos\/#breadcrumb","itemListElement":[{"@type":"ListItem","position":1,"name":"In\u00edcio","item":"https:\/\/caleine.com\/"},{"@type":"ListItem","position":2,"name":"Desigualdade Salarial Entre Diretores Negros e Brancos"}]},{"@type":"WebSite","@id":"https:\/\/caleine.com\/#website","url":"https:\/\/caleine.com\/","name":"","description":"Caleine","potentialAction":[{"@type":"SearchAction","target":{"@type":"EntryPoint","urlTemplate":"https:\/\/caleine.com\/?s={search_term_string}"},"query-input":{"@type":"PropertyValueSpecification","valueRequired":true,"valueName":"search_term_string"}}],"inLanguage":"fr-FR"},{"@type":"Person","@id":"https:\/\/caleine.com\/#\/schema\/person\/e822d0434de2761ae603436b42954961","name":"Davi","image":{"@type":"ImageObject","inLanguage":"fr-FR","@id":"https:\/\/caleine.com\/#\/schema\/person\/image\/","url":"https:\/\/secure.gravatar.com\/avatar\/e1ee68e758cac208b2e5afa99bab2ebc9c971f628c4e810fe37ef98f59af2f71?s=96&d=mm&r=g","contentUrl":"https:\/\/secure.gravatar.com\/avatar\/e1ee68e758cac208b2e5afa99bab2ebc9c971f628c4e810fe37ef98f59af2f71?s=96&d=mm&r=g","caption":"Davi"},"url":"https:\/\/caleine.com\/fr\/author\/davi\/"}]}},"_links":{"self":[{"href":"https:\/\/caleine.com\/fr\/wp-json\/wp\/v2\/posts\/2257","targetHints":{"allow":["GET"]}}],"collection":[{"href":"https:\/\/caleine.com\/fr\/wp-json\/wp\/v2\/posts"}],"about":[{"href":"https:\/\/caleine.com\/fr\/wp-json\/wp\/v2\/types\/post"}],"author":[{"embeddable":true,"href":"https:\/\/caleine.com\/fr\/wp-json\/wp\/v2\/users\/14"}],"replies":[{"embeddable":true,"href":"https:\/\/caleine.com\/fr\/wp-json\/wp\/v2\/comments?post=2257"}],"version-history":[{"count":0,"href":"https:\/\/caleine.com\/fr\/wp-json\/wp\/v2\/posts\/2257\/revisions"}],"wp:featuredmedia":[{"embeddable":true,"href":"https:\/\/caleine.com\/fr\/wp-json\/wp\/v2\/media\/2256"}],"wp:attachment":[{"href":"https:\/\/caleine.com\/fr\/wp-json\/wp\/v2\/media?parent=2257"}],"wp:term":[{"taxonomy":"category","embeddable":true,"href":"https:\/\/caleine.com\/fr\/wp-json\/wp\/v2\/categories?post=2257"},{"taxonomy":"post_tag","embeddable":true,"href":"https:\/\/caleine.com\/fr\/wp-json\/wp\/v2\/tags?post=2257"}],"curies":[{"name":"wp","href":"https:\/\/api.w.org\/{rel}","templated":true}]}}