{"id":2327,"date":"2025-12-16T17:02:41","date_gmt":"2025-12-16T20:02:41","guid":{"rendered":"https:\/\/caleine.com\/campinas-luta-por-vitoria-no-mundial-de-clubes\/"},"modified":"2025-12-16T17:02:41","modified_gmt":"2025-12-16T20:02:41","slug":"campinas-luta-por-vitoria-no-mundial-de-clubes","status":"publish","type":"post","link":"https:\/\/caleine.com\/fr\/campinas-luta-por-vitoria-no-mundial-de-clubes\/","title":{"rendered":"Campinas Luta Por Vit\u00f3ria No Mundial De Clubes"},"content":{"rendered":"<p><strong>Mundial de Clubes<\/strong> \u00e9 um dos eventos mais aguardados no calend\u00e1rio do voleibol, e em 2025, o V\u00f4lei Campinas se prepara para sua estreia nesta competi\u00e7\u00e3o de elite.<\/p>\n<p>Neste artigo, vamos explorar o confronto inaugural do Campinas contra o Warta Zawiercie, as equipes participantes, o hist\u00f3rico do clube na competi\u00e7\u00e3o, seu desempenho na Superliga e o calend\u00e1rio da primeira fase.<\/p>\n<p>Acompanhe conosco essa jornada emocionante em busca do t\u00edtulo mundial, onde o V\u00f4lei Campinas representa a for\u00e7a do voleibol brasileiro no cen\u00e1rio internacional.<\/p>\n<h2>Estreia do V\u00f4lei Campinas no Mundial 2025<\/h2>\n<p>O V\u00f4lei Campinas faz sua estreia no <strong>Mundial de Clubes 2025<\/strong> enfrentando o time polon\u00eas <strong>Warta Zawiercie<\/strong> nesta <strong>ter\u00e7a-feira, dia 16 de dezembro<\/strong>.<\/p>\n<p>A partida come\u00e7ar\u00e1 \u00e0s <strong>20h30<\/strong>, em um verdadeiro espet\u00e1culo de voleibol que acontecer\u00e1 no <u><strong>Gin\u00e1sio Mangueirinho em Bel\u00e9m<\/strong><\/u>.<\/p>\n<p>Este \u00e9 um momento crucial para o Campinas, especialmente ap\u00f3s a elimina\u00e7\u00e3o na primeira fase em 2022. Entrando nesta competi\u00e7\u00e3o como representante do pa\u00eds sede, ap\u00f3s liderar o turno da Superliga com uma campanha impressionante de 10 vit\u00f3rias em 11 jogos, a equipe est\u00e1 determinada a garantir um melhor resultado este ano.<\/p>\n<p>O palco n\u00e3o poderia ser mais <u>relevante<\/u>, j\u00e1 que <a href=\"https:\/\/www.voleirenata.com.br\/\" alt=\"V\u00f4lei Renata\">V\u00f4lei Renata<\/a> \u00e9 a esperan\u00e7a brasileira no torneio, disputando ao lado de grandes nomes como Cruzeiro e Praia Clube.<\/p>\n<p>O <u><strong>Gin\u00e1sio Mangueirinho<\/strong><\/u> promete ser um ambiente eletrizante, prop\u00edcio para belas jogadas e disputas acirradas.<\/p>\n<p>Os torcedores aguardam ansiosos o desempenho de Campinas e todos os olhos estar\u00e3o voltados para este confronto inicial.<\/p>\n<h2>Momento e hist\u00f3rico recente do V\u00f4lei Campinas<\/h2>\n<p>O V\u00f4lei Campinas tem uma hist\u00f3ria de altos e baixos no <a href=\"https:\/\/ge.globo.com\/sp\/campinas-e-regiao\/volei\/noticia\/2025\/12\/16\/volei-campinas-estreia-no-mundial-de-clubes-veja-onde-assistir-ao-vivo.ghtml\" alt=\"V\u00f4lei Campinas na participa\u00e7\u00e3o do Mundial de Clubes 2025\">Mundial de Clubes<\/a>.<\/p>\n<p>Em 2022, a equipe enfrentou desafios e n\u00e3o conseguiu passar da fase de grupos.<\/p>\n<p>Entretanto, a participa\u00e7\u00e3o em 2025 marca uma reviravolta importante como o representante do pa\u00eds-sede, destacando-se por sua lideran\u00e7a no turno da Superliga.<\/p>\n<p>Durante a temporada 2024\/25, o V\u00f4lei Campinas demonstrou sua excel\u00eancia com uma performance impressionante, <strong>sendo l\u00edder com:<\/strong><\/p>\n<ul>\n<li><strong>10 vit\u00f3rias em 11 jogos.<\/strong><\/li>\n<li>Nove vit\u00f3rias consecutivas.<\/li>\n<\/ul>\n<p>.<\/p>\n<p>Essa campanha dominante na Superliga foi crucial para garantir a confian\u00e7a do time e uma <strong>nova chance<\/strong> de brilhar no palco mundial.<\/p>\n<p>A ambi\u00e7\u00e3o em competir em alto n\u00edvel mostra a for\u00e7a do <a href=\"https:\/\/www.voleirenata.com.br\" alt=\"V\u00f4lei Renata com for\u00e7a total no Mundial\">V\u00f4lei Renata<\/a>, que continua a buscar reconhecimento global enquanto mant\u00e9m um desempenho consistente nas competi\u00e7\u00f5es nacionais.<\/p>\n<h2>O advers\u00e1rio polon\u00eas Warta Zawiercie<\/h2>\n<p>O Warta Zawiercie conquistou um feito hist\u00f3rico ao chegar pela primeira vez \u00e0 final da <strong>PlusLiga<\/strong> em 2025, marcando um momento significativo para o voleibol europeu.<\/p>\n<p>Esta conquista ressalta o crescimento e a import\u00e2ncia do clube dentro do cen\u00e1rio competitivo da Europa, destacando-se entre os principais times da Pol\u00f4nia.<\/p>\n<p>A caminhada do Warta Zawiercie at\u00e9 a final da principal liga polonesa evidenciou a evolu\u00e7\u00e3o cont\u00ednua da equipe e seu compromisso com o alto desempenho.<\/p>\n<p>A presen\u00e7a do Warta Zawiercie no <u>Mundial de Clubes de 2025<\/u> refor\u00e7a sua posi\u00e7\u00e3o de destaque no voleibol, representando a Pol\u00f4nia entre os melhores do mundo.<\/p>\n<p>Esta fa\u00e7anha in\u00e9dita n\u00e3o apenas coloca o Warta Zawiercie em uma posi\u00e7\u00e3o de prest\u00edgio no voleibol europeu, mas tamb\u00e9m inspira diversas equipes a almejarem resultados semelhantes, elevando o n\u00edvel das competi\u00e7\u00f5es na regi\u00e3o.<\/p>\n<p>Para mais detalhes sobre a trajet\u00f3ria do Warta Zawiercie, visite a <a href=\"https:\/\/pt.wikipedia.org\/wiki\/Aluron_CMC_Warta_Zawiercie\" alt=\"Mais sobre o Aluron CMC Warta Zawiercie\">p\u00e1gina oficial<\/a>.<\/p>\n<h2>Calend\u00e1rio da primeira fase do Campinas<\/h2>\n<p>Os pr\u00f3ximos confrontos do V\u00f4lei Campinas no <strong>Mundial de Clubes 2025<\/strong> s\u00e3o cruciais para a equipe continuar na busca pelo t\u00edtulo.<\/p>\n<p>Com a primeira partida contra o <a href=\"https:\/\/ge.globo.com\/sp\/campinas-e-regiao\/volei\/noticia\/2025\/12\/16\/volei-campinas-estreia-no-mundial-de-clubes-veja-onde-assistir-ao-vivo.ghtml\" alt=\"V\u00f4lei Campinas estreia no Mundial de Clubes\">Warta Zawiercie da Pol\u00f4nia<\/a>, marcada para ter\u00e7a-feira, <strong>16 de dezembro<\/strong>, o time precisa de bons resultados para avan\u00e7ar \u00e0 pr\u00f3xima fase.<\/p>\n<p>Na quarta-feira, <strong>17 de dezembro<\/strong>, enfrenta o <a href=\"https:\/\/ge.globo.com\/sp\/campinas-e-regiao\/volei\/noticia\/2025\/12\/16\/volei-campinas-estreia-no-mundial-de-clubes-veja-onde-assistir-ao-vivo.ghtml\" alt=\"Confronto com o Praia Clube\">Praia Clube<\/a>, outro rival brasileiro no campeonato.<\/p>\n<p>Encerrando a primeira fase, no dia <strong>18 de dezembro<\/strong>, o advers\u00e1rio ser\u00e1 o <a href=\"https:\/\/ge.globo.com\/sp\/campinas-e-regiao\/volei\/noticia\/2025\/12\/16\/volei-campinas-estreia-no-mundial-de-clubes-veja-onde-assistir-ao-vivo.ghtml\" alt=\"Jogo final da primeira fase contra Al Rayyan\">Al Rayyan<\/a>.<\/p>\n<p>A sequ\u00eancia dos jogos exige concentra\u00e7\u00e3o e estrat\u00e9gia do t\u00e9cnico e dos jogadores.<\/p>\n<table>\n<thead>\n<tr>\n<th><strong>Data<\/strong><\/th>\n<th><strong>Advers\u00e1rio<\/strong><\/th>\n<th><strong>Local<\/strong><\/th>\n<\/tr>\n<\/thead>\n<tbody>\n<tr>\n<td><strong>16 de dezembro<\/strong><\/td>\n<td>Warta Zawiercie<\/td>\n<td>Gin\u00e1sio Mangueirinho, Bel\u00e9m<\/td>\n<\/tr>\n<tr>\n<td><strong>17 de dezembro<\/strong><\/td>\n<td>Praia Clube<\/td>\n<td>Gin\u00e1sio Mangueirinho, Bel\u00e9m<\/td>\n<\/tr>\n<tr>\n<td><strong>18 de dezembro<\/strong><\/td>\n<td>Al Rayyan<\/td>\n<td>Gin\u00e1sio Mangueirinho, Bel\u00e9m<\/td>\n<\/tr>\n<\/tbody>\n<\/table>\n<p><strong>O Mundial de Clubes<\/strong> promete ser uma vitrine do melhor do voleibol, e o desempenho do V\u00f4lei Campinas ser\u00e1 crucial para os planos do clube e do esporte brasileiro.<\/p>\n<p>A torcida ficar\u00e1 na expectativa de grandes atua\u00e7\u00f5es nesta competi\u00e7\u00e3o.<\/p>","protected":false},"excerpt":{"rendered":"<p>Mundial de Clubes \u00e9 um dos eventos mais aguardados no calend\u00e1rio do voleibol, e em 2025, o V\u00f4lei Campinas se prepara para sua estreia nesta competi\u00e7\u00e3o de elite. Neste artigo, vamos explorar o confronto inaugural do Campinas contra o Warta Zawiercie, as equipes participantes, o hist\u00f3rico do clube na competi\u00e7\u00e3o, [&hellip;]<\/p>","protected":false},"author":13,"featured_media":2326,"comment_status":"open","ping_status":"open","sticky":false,"template":"","format":"standard","meta":{"footnotes":""},"categories":[738],"tags":[1920,825,780],"class_list":["post-2327","post","type-post","status-publish","format-standard","has-post-thumbnail","hentry","category-esporte","tag-campinas","tag-mundial-de-clubes","tag-volei"],"yoast_head":"<!-- This site is optimized with the Yoast SEO plugin v24.5 - https:\/\/yoast.com\/wordpress\/plugins\/seo\/ -->\n<title>Campinas Luta Por Vit\u00f3ria No Mundial De Clubes -<\/title>\n<meta name=\"robots\" content=\"index, follow, max-snippet:-1, max-image-preview:large, max-video-preview:-1\" \/>\n<link rel=\"canonical\" href=\"https:\/\/caleine.com\/fr\/campinas-luta-por-vitoria-no-mundial-de-clubes\/\" \/>\n<meta property=\"og:locale\" content=\"fr_FR\" \/>\n<meta property=\"og:type\" content=\"article\" \/>\n<meta property=\"og:title\" content=\"Campinas Luta Por Vit\u00f3ria No Mundial De Clubes -\" \/>\n<meta property=\"og:description\" content=\"Mundial de Clubes \u00e9 um dos eventos mais aguardados no calend\u00e1rio do voleibol, e em 2025, o V\u00f4lei Campinas se prepara para sua estreia nesta competi\u00e7\u00e3o de elite. Neste artigo, vamos explorar o confronto inaugural do Campinas contra o Warta Zawiercie, as equipes participantes, o hist\u00f3rico do clube na competi\u00e7\u00e3o, [&hellip;]\" \/>\n<meta property=\"og:url\" content=\"https:\/\/caleine.com\/fr\/campinas-luta-por-vitoria-no-mundial-de-clubes\/\" \/>\n<meta property=\"article:published_time\" content=\"2025-12-16T20:02:41+00:00\" \/>\n<meta name=\"author\" content=\"Andre\" \/>\n<meta name=\"twitter:card\" content=\"summary_large_image\" \/>\n<meta name=\"twitter:label1\" content=\"\u00c9crit par\" \/>\n\t<meta name=\"twitter:data1\" content=\"Andre\" \/>\n\t<meta name=\"twitter:label2\" content=\"Dur\u00e9e de lecture estim\u00e9e\" \/>\n\t<meta name=\"twitter:data2\" content=\"4 minutes\" \/>\n<script type=\"application\/ld+json\" class=\"yoast-schema-graph\">{\"@context\":\"https:\/\/schema.org\",\"@graph\":[{\"@type\":\"WebPage\",\"@id\":\"https:\/\/caleine.com\/campinas-luta-por-vitoria-no-mundial-de-clubes\/\",\"url\":\"https:\/\/caleine.com\/campinas-luta-por-vitoria-no-mundial-de-clubes\/\",\"name\":\"Campinas Luta Por Vit\u00f3ria No Mundial De Clubes -\",\"isPartOf\":{\"@id\":\"https:\/\/caleine.com\/#website\"},\"primaryImageOfPage\":{\"@id\":\"https:\/\/caleine.com\/campinas-luta-por-vitoria-no-mundial-de-clubes\/#primaryimage\"},\"image\":{\"@id\":\"https:\/\/caleine.com\/campinas-luta-por-vitoria-no-mundial-de-clubes\/#primaryimage\"},\"thumbnailUrl\":\"https:\/\/caleine.com\/wp-content\/uploads\/2025\/12\/1765915357545.png\",\"datePublished\":\"2025-12-16T20:02:41+00:00\",\"author\":{\"@id\":\"https:\/\/caleine.com\/#\/schema\/person\/3b0a162aeb9e0f8d47750f10c1587d48\"},\"breadcrumb\":{\"@id\":\"https:\/\/caleine.com\/campinas-luta-por-vitoria-no-mundial-de-clubes\/#breadcrumb\"},\"inLanguage\":\"fr-FR\",\"potentialAction\":[{\"@type\":\"ReadAction\",\"target\":[\"https:\/\/caleine.com\/campinas-luta-por-vitoria-no-mundial-de-clubes\/\"]}]},{\"@type\":\"ImageObject\",\"inLanguage\":\"fr-FR\",\"@id\":\"https:\/\/caleine.com\/campinas-luta-por-vitoria-no-mundial-de-clubes\/#primaryimage\",\"url\":\"https:\/\/caleine.com\/wp-content\/uploads\/2025\/12\/1765915357545.png\",\"contentUrl\":\"https:\/\/caleine.com\/wp-content\/uploads\/2025\/12\/1765915357545.png\",\"width\":1024,\"height\":624,\"caption\":\"Jogadores do V\u00f4lei Campinas se preparando para o Mundial de Clubes 2025.\"},{\"@type\":\"BreadcrumbList\",\"@id\":\"https:\/\/caleine.com\/campinas-luta-por-vitoria-no-mundial-de-clubes\/#breadcrumb\",\"itemListElement\":[{\"@type\":\"ListItem\",\"position\":1,\"name\":\"In\u00edcio\",\"item\":\"https:\/\/caleine.com\/\"},{\"@type\":\"ListItem\",\"position\":2,\"name\":\"Campinas Luta Por Vit\u00f3ria No Mundial De Clubes\"}]},{\"@type\":\"WebSite\",\"@id\":\"https:\/\/caleine.com\/#website\",\"url\":\"https:\/\/caleine.com\/\",\"name\":\"\",\"description\":\"Caleine\",\"potentialAction\":[{\"@type\":\"SearchAction\",\"target\":{\"@type\":\"EntryPoint\",\"urlTemplate\":\"https:\/\/caleine.com\/?s={search_term_string}\"},\"query-input\":{\"@type\":\"PropertyValueSpecification\",\"valueRequired\":true,\"valueName\":\"search_term_string\"}}],\"inLanguage\":\"fr-FR\"},{\"@type\":\"Person\",\"@id\":\"https:\/\/caleine.com\/#\/schema\/person\/3b0a162aeb9e0f8d47750f10c1587d48\",\"name\":\"Andre\",\"image\":{\"@type\":\"ImageObject\",\"inLanguage\":\"fr-FR\",\"@id\":\"https:\/\/caleine.com\/#\/schema\/person\/image\/\",\"url\":\"https:\/\/secure.gravatar.com\/avatar\/631490c4d2811d45d5ab65f57e75e5cdca7c252f1eb8dd5b4eb4a7818d1dfaf6?s=96&d=mm&r=g\",\"contentUrl\":\"https:\/\/secure.gravatar.com\/avatar\/631490c4d2811d45d5ab65f57e75e5cdca7c252f1eb8dd5b4eb4a7818d1dfaf6?s=96&d=mm&r=g\",\"caption\":\"Andre\"},\"url\":\"https:\/\/caleine.com\/fr\/author\/andre\/\"}]}<\/script>\n<!-- \/ Yoast SEO plugin. -->","yoast_head_json":{"title":"Campinas Luta Por Vit\u00f3ria No Mundial De Clubes -","robots":{"index":"index","follow":"follow","max-snippet":"max-snippet:-1","max-image-preview":"max-image-preview:large","max-video-preview":"max-video-preview:-1"},"canonical":"https:\/\/caleine.com\/fr\/campinas-luta-por-vitoria-no-mundial-de-clubes\/","og_locale":"fr_FR","og_type":"article","og_title":"Campinas Luta Por Vit\u00f3ria No Mundial De Clubes -","og_description":"Mundial de Clubes \u00e9 um dos eventos mais aguardados no calend\u00e1rio do voleibol, e em 2025, o V\u00f4lei Campinas se prepara para sua estreia nesta competi\u00e7\u00e3o de elite. Neste artigo, vamos explorar o confronto inaugural do Campinas contra o Warta Zawiercie, as equipes participantes, o hist\u00f3rico do clube na competi\u00e7\u00e3o, [&hellip;]","og_url":"https:\/\/caleine.com\/fr\/campinas-luta-por-vitoria-no-mundial-de-clubes\/","article_published_time":"2025-12-16T20:02:41+00:00","author":"Andre","twitter_card":"summary_large_image","twitter_misc":{"\u00c9crit par":"Andre","Dur\u00e9e de lecture estim\u00e9e":"4 minutes"},"schema":{"@context":"https:\/\/schema.org","@graph":[{"@type":"WebPage","@id":"https:\/\/caleine.com\/campinas-luta-por-vitoria-no-mundial-de-clubes\/","url":"https:\/\/caleine.com\/campinas-luta-por-vitoria-no-mundial-de-clubes\/","name":"Campinas Luta Por Vit\u00f3ria No Mundial De Clubes -","isPartOf":{"@id":"https:\/\/caleine.com\/#website"},"primaryImageOfPage":{"@id":"https:\/\/caleine.com\/campinas-luta-por-vitoria-no-mundial-de-clubes\/#primaryimage"},"image":{"@id":"https:\/\/caleine.com\/campinas-luta-por-vitoria-no-mundial-de-clubes\/#primaryimage"},"thumbnailUrl":"https:\/\/caleine.com\/wp-content\/uploads\/2025\/12\/1765915357545.png","datePublished":"2025-12-16T20:02:41+00:00","author":{"@id":"https:\/\/caleine.com\/#\/schema\/person\/3b0a162aeb9e0f8d47750f10c1587d48"},"breadcrumb":{"@id":"https:\/\/caleine.com\/campinas-luta-por-vitoria-no-mundial-de-clubes\/#breadcrumb"},"inLanguage":"fr-FR","potentialAction":[{"@type":"ReadAction","target":["https:\/\/caleine.com\/campinas-luta-por-vitoria-no-mundial-de-clubes\/"]}]},{"@type":"ImageObject","inLanguage":"fr-FR","@id":"https:\/\/caleine.com\/campinas-luta-por-vitoria-no-mundial-de-clubes\/#primaryimage","url":"https:\/\/caleine.com\/wp-content\/uploads\/2025\/12\/1765915357545.png","contentUrl":"https:\/\/caleine.com\/wp-content\/uploads\/2025\/12\/1765915357545.png","width":1024,"height":624,"caption":"Jogadores do V\u00f4lei Campinas se preparando para o Mundial de Clubes 2025."},{"@type":"BreadcrumbList","@id":"https:\/\/caleine.com\/campinas-luta-por-vitoria-no-mundial-de-clubes\/#breadcrumb","itemListElement":[{"@type":"ListItem","position":1,"name":"In\u00edcio","item":"https:\/\/caleine.com\/"},{"@type":"ListItem","position":2,"name":"Campinas Luta Por Vit\u00f3ria No Mundial De Clubes"}]},{"@type":"WebSite","@id":"https:\/\/caleine.com\/#website","url":"https:\/\/caleine.com\/","name":"","description":"Caleine","potentialAction":[{"@type":"SearchAction","target":{"@type":"EntryPoint","urlTemplate":"https:\/\/caleine.com\/?s={search_term_string}"},"query-input":{"@type":"PropertyValueSpecification","valueRequired":true,"valueName":"search_term_string"}}],"inLanguage":"fr-FR"},{"@type":"Person","@id":"https:\/\/caleine.com\/#\/schema\/person\/3b0a162aeb9e0f8d47750f10c1587d48","name":"Andre","image":{"@type":"ImageObject","inLanguage":"fr-FR","@id":"https:\/\/caleine.com\/#\/schema\/person\/image\/","url":"https:\/\/secure.gravatar.com\/avatar\/631490c4d2811d45d5ab65f57e75e5cdca7c252f1eb8dd5b4eb4a7818d1dfaf6?s=96&d=mm&r=g","contentUrl":"https:\/\/secure.gravatar.com\/avatar\/631490c4d2811d45d5ab65f57e75e5cdca7c252f1eb8dd5b4eb4a7818d1dfaf6?s=96&d=mm&r=g","caption":"Andre"},"url":"https:\/\/caleine.com\/fr\/author\/andre\/"}]}},"_links":{"self":[{"href":"https:\/\/caleine.com\/fr\/wp-json\/wp\/v2\/posts\/2327","targetHints":{"allow":["GET"]}}],"collection":[{"href":"https:\/\/caleine.com\/fr\/wp-json\/wp\/v2\/posts"}],"about":[{"href":"https:\/\/caleine.com\/fr\/wp-json\/wp\/v2\/types\/post"}],"author":[{"embeddable":true,"href":"https:\/\/caleine.com\/fr\/wp-json\/wp\/v2\/users\/13"}],"replies":[{"embeddable":true,"href":"https:\/\/caleine.com\/fr\/wp-json\/wp\/v2\/comments?post=2327"}],"version-history":[{"count":0,"href":"https:\/\/caleine.com\/fr\/wp-json\/wp\/v2\/posts\/2327\/revisions"}],"wp:featuredmedia":[{"embeddable":true,"href":"https:\/\/caleine.com\/fr\/wp-json\/wp\/v2\/media\/2326"}],"wp:attachment":[{"href":"https:\/\/caleine.com\/fr\/wp-json\/wp\/v2\/media?parent=2327"}],"wp:term":[{"taxonomy":"category","embeddable":true,"href":"https:\/\/caleine.com\/fr\/wp-json\/wp\/v2\/categories?post=2327"},{"taxonomy":"post_tag","embeddable":true,"href":"https:\/\/caleine.com\/fr\/wp-json\/wp\/v2\/tags?post=2327"}],"curies":[{"name":"wp","href":"https:\/\/api.w.org\/{rel}","templated":true}]}}