{"id":2501,"date":"2026-01-15T17:01:56","date_gmt":"2026-01-15T20:01:56","guid":{"rendered":"https:\/\/caleine.com\/real-madrid-anuncia-saida-de-xabi-alonso-apos-derrota\/"},"modified":"2026-01-15T17:01:56","modified_gmt":"2026-01-15T20:01:56","slug":"real-madrid-anuncia-saida-de-xabi-alonso-apos-derrota","status":"publish","type":"post","link":"https:\/\/caleine.com\/fr\/real-madrid-anuncia-saida-de-xabi-alonso-apos-derrota\/","title":{"rendered":"Real Madrid Anuncia Sa\u00edda de Xabi Alonso Ap\u00f3s Derrota"},"content":{"rendered":"<p><strong>Sa\u00edda Xabi<\/strong> Alonso do Real Madrid marca um novo cap\u00edtulo na hist\u00f3ria recente do clube.<\/p>\n<p>Ap\u00f3s uma derrota significativa na Supercopa da Espanha contra o Barcelona, a decis\u00e3o de rescindir o contrato do t\u00e9cnico foi tomada em comum acordo.<\/p>\n<p>Xabi, que esteve \u00e0 frente da equipe por quase oito meses, trouxe mudan\u00e7as e desafios ao time, mas n\u00e3o conseguiu garantir um desempenho superior nas competi\u00e7\u00f5es.<\/p>\n<p>Neste artigo, iremos analisar os principais desdobramentos dessa sa\u00edda, incluindo a situa\u00e7\u00e3o atual do Real Madrid no Campeonato Espanhol e a ascens\u00e3o de \u00c1lvaro Arbeloa como novo treinador.<\/p>\n<p><\/strong><\/p>\n<h2>Mudan\u00e7as no comando do Real Madrid ap\u00f3s a Supercopa<\/h2>\n<p><strong>O Real Madrid<\/strong> anunciou a sa\u00edda do t\u00e9cnico <strong>Xabi Alonso<\/strong> em comum acordo, <u>um dia ap\u00f3s a derrota para o <strong>Barcelona<\/strong> na Supercopa da Espanha por 3 a 2<\/u>.<\/p>\n<p>Permanecendo no cargo por quase oito meses, Alonso foi contratado como substituto de Carlo Ancelotti.<\/p>\n<p>Essa mudan\u00e7a de comando chega em um momento crucial do Campeonato Espanhol, onde o time ocupa a segunda coloca\u00e7\u00e3o, quatro pontos atr\u00e1s do l\u00edder, <strong>Barcelona<\/strong>.<\/p>\n<p>Durante sua gest\u00e3o, <strong>Xabi Alonso<\/strong> enfrentou desafios significativos, incluindo press\u00f5es constantes por t\u00edtulos e a expectativa dos torcedores por resultados imediatos.<\/p>\n<p>A derrota na Supercopa acentuou cr\u00edticas sobre suas decis\u00f5es t\u00e1ticas, como ilustrado em <a href=\"https:\/\/www.clarin.com\/deportes\/bomba-real-madrid-echaron-xabi-alonso-derrota-supercopa-espana_0_IOneJQ3y40.html\" alt=\"Clarin: Bomba en Real Madrid\">Clarin: Bomba en Real Madrid<\/a>.<\/p>\n<p>Agora, com \u00c1lvaro Arbeloa assumindo o comando, o clube espera retomar o rumo vitorioso.<\/p>\n<ul>\n<li>Derrota para o <strong>Barcelona<\/strong> por 3 a 2<\/li>\n<li>Quase oito meses no cargo<\/li>\n<li>Substitui\u00e7\u00e3o de Carlo Ancelotti<\/li>\n<\/ul>\n<p><u>A troca de lideran\u00e7a no <strong>Real Madrid<\/strong> representa um marco relevante no panorama do futebol espanhol<\/u>, refletindo a din\u00e2mica e alta competitividade da liga.<\/p>\n<h2>Desempenho do Real Madrid no Campeonato Espanhol sob Xabi Alonso<\/h2>\n<p>O desempenho do Real Madrid no Campeonato Espanhol sob o comando de Xabi Alonso revela alguns aspectos importantes sobre a atual temporada.<\/p>\n<p><strong>O Real Madrid ocupa atualmente a segunda coloca\u00e7\u00e3o no Campeonato Espanhol<\/strong>, somando <strong>45 pontos<\/strong>.<\/p>\n<p>Essa coloca\u00e7\u00e3o reflete a competitividade do time, mas tamb\u00e9m a margem que precisa superar para alcan\u00e7ar o topo da tabela.<\/p>\n<p>A diferen\u00e7a para o l\u00edder, <u>Barcelona, que possui 49 pontos<\/u>, destaca a necessidade de consist\u00eancia e estrat\u00e9gia para se manter na briga pelo t\u00edtulo.<\/p>\n<ul>\n<li>L\u00edder: Barcelona \u2013 49 pontos<\/li>\n<li>Segundo colocado: Real Madrid \u2013 45 pontos<\/li>\n<\/ul>\n<p>Os n\u00fameros indicam que, embora Xabi Alonso tenha alcan\u00e7ado um desempenho s\u00f3lido durante seu tempo no clube, conforme destacado no <a href=\"https:\/\/trivela.com.br\/espanha\/xabi-alonso-real-madrid-barcelona-supercopa-mbappe\/\" alt=\"Trivela an\u00e1lise sobre Xabi Alonso e Real Madrid\">Trivela<\/a>, a equipe ainda enfrenta desafios para desbancar o advers\u00e1rio direto na lideran\u00e7a.<\/p>\n<p>A sa\u00edda de Alonso traz uma nova fase para o clube, que busca ajustar sua estrat\u00e9gia sob a nova lideran\u00e7a de \u00c1lvaro Arbeloa, visando diminuir essa desvantagem crucial e retomar a hegemonia no futebol espanhol.<\/p>\n<h2>Nomea\u00e7\u00e3o de \u00c1lvaro Arbeloa como novo treinador do Real Madrid<\/h2>\n<p><strong>\u00c1lvaro Arbeloa<\/strong>, que comandava o Real Madrid Castilla, foi nomeado como o novo treinador do time principal do Real Madrid.<\/p>\n<p>A mudan\u00e7a ocorre logo ap\u00f3s a sa\u00edda de Xabi Alonso, que j\u00e1 se previa uma dif\u00edcil adapta\u00e7\u00e3o ao cargo anteriormente ocupado por Carlo Ancelotti.<\/p>\n<p>Arbeloa assume a miss\u00e3o de potencializar o desempenho do clube, especialmente no Campeonato Espanhol, onde o time ocupa a segunda posi\u00e7\u00e3o.<\/p>\n<table>\n<tr>\n<td><strong>Fun\u00e7\u00e3o<\/strong><\/td>\n<td><strong>Equipe<\/strong><\/td>\n<\/tr>\n<tr>\n<td>T\u00e9cnico anterior<\/td>\n<td>Real Madrid Castilla<\/td>\n<\/tr>\n<tr>\n<td>T\u00e9cnico atual<\/td>\n<td>Real Madrid (principal)<\/td>\n<\/tr>\n<\/table>\n<p><\/p>\n<p>A expectativa da diretoria \u00e9 de que Arbeloa traga <u>continuidade e estabilidade<\/u> ao projeto esportivo do Real Madrid nesta fase decisiva da temporada.<\/p>\n<p>O emblema merengue deseja que o novo t\u00e9cnico, fortemente vinculado ao clube, traga uma nova energia e direcione o time para conquistas iminentes.<\/p>\n<p>Enquanto a press\u00e3o pela vit\u00f3ria aumenta, Arbeloa encara o novo desafio com confian\u00e7a, prometendo se dedicar para manter o clube em alta e buscar t\u00edtulos.<\/p>\n<p>Mais detalhes sobre a nomea\u00e7\u00e3o de Arbeloa est\u00e3o dispon\u00edveis na se\u00e7\u00e3o de <a href=\"https:\/\/www.realmadrid.com\/pt-PT\/noticias\/club\/conferencias-de-imprensa\/comunicado-oficial-alvaro-arbeloa-12-01-2026\" alt=\"Comunicado oficial do Real Madrid sobre \u00c1rvalon Aro ego\">comunicados oficiais do Real Madrid<\/a>.<\/p>\n<p><strong>A sa\u00edda de Xabi Alonso destaca a press\u00e3o constante no futebol de alto n\u00edvel.<\/p>\n<p>Com \u00c1lvaro Arbeloa no comando, o Real Madrid busca retomar o caminho das vit\u00f3rias e se aproximar do l\u00edder Barcelona no Campeonato Espanhol.<\/p>\n<p><\/strong><\/p>","protected":false},"excerpt":{"rendered":"<p>Sa\u00edda Xabi Alonso do Real Madrid marca um novo cap\u00edtulo na hist\u00f3ria recente do clube. Ap\u00f3s uma derrota significativa na Supercopa da Espanha contra o Barcelona, a decis\u00e3o de rescindir o contrato do t\u00e9cnico foi tomada em comum acordo. Xabi, que esteve \u00e0 frente da equipe por quase oito meses, [&hellip;]<\/p>","protected":false},"author":13,"featured_media":2500,"comment_status":"open","ping_status":"open","sticky":false,"template":"","format":"standard","meta":{"footnotes":""},"categories":[738],"tags":[1082,2096,2097],"class_list":["post-2501","post","type-post","status-publish","format-standard","has-post-thumbnail","hentry","category-esporte","tag-real-madrid","tag-saida","tag-xabi-alonso"],"yoast_head":"<!-- This site is optimized with the Yoast SEO plugin v24.5 - https:\/\/yoast.com\/wordpress\/plugins\/seo\/ -->\n<title>Real Madrid Anuncia Sa\u00edda de Xabi Alonso Ap\u00f3s Derrota -<\/title>\n<meta name=\"robots\" content=\"index, follow, max-snippet:-1, max-image-preview:large, max-video-preview:-1\" \/>\n<link rel=\"canonical\" href=\"https:\/\/caleine.com\/fr\/real-madrid-anuncia-saida-de-xabi-alonso-apos-derrota\/\" \/>\n<meta property=\"og:locale\" content=\"fr_FR\" \/>\n<meta property=\"og:type\" content=\"article\" \/>\n<meta property=\"og:title\" content=\"Real Madrid Anuncia Sa\u00edda de Xabi Alonso Ap\u00f3s Derrota -\" \/>\n<meta property=\"og:description\" content=\"Sa\u00edda Xabi Alonso do Real Madrid marca um novo cap\u00edtulo na hist\u00f3ria recente do clube. Ap\u00f3s uma derrota significativa na Supercopa da Espanha contra o Barcelona, a decis\u00e3o de rescindir o contrato do t\u00e9cnico foi tomada em comum acordo. Xabi, que esteve \u00e0 frente da equipe por quase oito meses, [&hellip;]\" \/>\n<meta property=\"og:url\" content=\"https:\/\/caleine.com\/fr\/real-madrid-anuncia-saida-de-xabi-alonso-apos-derrota\/\" \/>\n<meta property=\"article:published_time\" content=\"2026-01-15T20:01:56+00:00\" \/>\n<meta name=\"author\" content=\"Andre\" \/>\n<meta name=\"twitter:card\" content=\"summary_large_image\" \/>\n<meta name=\"twitter:label1\" content=\"\u00c9crit par\" \/>\n\t<meta name=\"twitter:data1\" content=\"Andre\" \/>\n\t<meta name=\"twitter:label2\" content=\"Dur\u00e9e de lecture estim\u00e9e\" \/>\n\t<meta name=\"twitter:data2\" content=\"3 minutes\" \/>\n<script type=\"application\/ld+json\" class=\"yoast-schema-graph\">{\"@context\":\"https:\/\/schema.org\",\"@graph\":[{\"@type\":\"WebPage\",\"@id\":\"https:\/\/caleine.com\/real-madrid-anuncia-saida-de-xabi-alonso-apos-derrota\/\",\"url\":\"https:\/\/caleine.com\/real-madrid-anuncia-saida-de-xabi-alonso-apos-derrota\/\",\"name\":\"Real Madrid Anuncia Sa\u00edda de Xabi Alonso Ap\u00f3s Derrota -\",\"isPartOf\":{\"@id\":\"https:\/\/caleine.com\/#website\"},\"primaryImageOfPage\":{\"@id\":\"https:\/\/caleine.com\/real-madrid-anuncia-saida-de-xabi-alonso-apos-derrota\/#primaryimage\"},\"image\":{\"@id\":\"https:\/\/caleine.com\/real-madrid-anuncia-saida-de-xabi-alonso-apos-derrota\/#primaryimage\"},\"thumbnailUrl\":\"https:\/\/caleine.com\/wp-content\/uploads\/2026\/01\/1768507310496.png\",\"datePublished\":\"2026-01-15T20:01:56+00:00\",\"author\":{\"@id\":\"https:\/\/caleine.com\/#\/schema\/person\/3b0a162aeb9e0f8d47750f10c1587d48\"},\"breadcrumb\":{\"@id\":\"https:\/\/caleine.com\/real-madrid-anuncia-saida-de-xabi-alonso-apos-derrota\/#breadcrumb\"},\"inLanguage\":\"fr-FR\",\"potentialAction\":[{\"@type\":\"ReadAction\",\"target\":[\"https:\/\/caleine.com\/real-madrid-anuncia-saida-de-xabi-alonso-apos-derrota\/\"]}]},{\"@type\":\"ImageObject\",\"inLanguage\":\"fr-FR\",\"@id\":\"https:\/\/caleine.com\/real-madrid-anuncia-saida-de-xabi-alonso-apos-derrota\/#primaryimage\",\"url\":\"https:\/\/caleine.com\/wp-content\/uploads\/2026\/01\/1768507310496.png\",\"contentUrl\":\"https:\/\/caleine.com\/wp-content\/uploads\/2026\/01\/1768507310496.png\",\"width\":1024,\"height\":624,\"caption\":\"Xabi Alonso deixa o comando do Real Madrid ap\u00f3s derrota para o Barcelona na Supercopa.\"},{\"@type\":\"BreadcrumbList\",\"@id\":\"https:\/\/caleine.com\/real-madrid-anuncia-saida-de-xabi-alonso-apos-derrota\/#breadcrumb\",\"itemListElement\":[{\"@type\":\"ListItem\",\"position\":1,\"name\":\"In\u00edcio\",\"item\":\"https:\/\/caleine.com\/\"},{\"@type\":\"ListItem\",\"position\":2,\"name\":\"Real Madrid Anuncia Sa\u00edda de Xabi Alonso Ap\u00f3s Derrota\"}]},{\"@type\":\"WebSite\",\"@id\":\"https:\/\/caleine.com\/#website\",\"url\":\"https:\/\/caleine.com\/\",\"name\":\"\",\"description\":\"Caleine\",\"potentialAction\":[{\"@type\":\"SearchAction\",\"target\":{\"@type\":\"EntryPoint\",\"urlTemplate\":\"https:\/\/caleine.com\/?s={search_term_string}\"},\"query-input\":{\"@type\":\"PropertyValueSpecification\",\"valueRequired\":true,\"valueName\":\"search_term_string\"}}],\"inLanguage\":\"fr-FR\"},{\"@type\":\"Person\",\"@id\":\"https:\/\/caleine.com\/#\/schema\/person\/3b0a162aeb9e0f8d47750f10c1587d48\",\"name\":\"Andre\",\"image\":{\"@type\":\"ImageObject\",\"inLanguage\":\"fr-FR\",\"@id\":\"https:\/\/caleine.com\/#\/schema\/person\/image\/\",\"url\":\"https:\/\/secure.gravatar.com\/avatar\/631490c4d2811d45d5ab65f57e75e5cdca7c252f1eb8dd5b4eb4a7818d1dfaf6?s=96&d=mm&r=g\",\"contentUrl\":\"https:\/\/secure.gravatar.com\/avatar\/631490c4d2811d45d5ab65f57e75e5cdca7c252f1eb8dd5b4eb4a7818d1dfaf6?s=96&d=mm&r=g\",\"caption\":\"Andre\"},\"url\":\"https:\/\/caleine.com\/fr\/author\/andre\/\"}]}<\/script>\n<!-- \/ Yoast SEO plugin. -->","yoast_head_json":{"title":"Real Madrid Anuncia Sa\u00edda de Xabi Alonso Ap\u00f3s Derrota -","robots":{"index":"index","follow":"follow","max-snippet":"max-snippet:-1","max-image-preview":"max-image-preview:large","max-video-preview":"max-video-preview:-1"},"canonical":"https:\/\/caleine.com\/fr\/real-madrid-anuncia-saida-de-xabi-alonso-apos-derrota\/","og_locale":"fr_FR","og_type":"article","og_title":"Real Madrid Anuncia Sa\u00edda de Xabi Alonso Ap\u00f3s Derrota -","og_description":"Sa\u00edda Xabi Alonso do Real Madrid marca um novo cap\u00edtulo na hist\u00f3ria recente do clube. Ap\u00f3s uma derrota significativa na Supercopa da Espanha contra o Barcelona, a decis\u00e3o de rescindir o contrato do t\u00e9cnico foi tomada em comum acordo. Xabi, que esteve \u00e0 frente da equipe por quase oito meses, [&hellip;]","og_url":"https:\/\/caleine.com\/fr\/real-madrid-anuncia-saida-de-xabi-alonso-apos-derrota\/","article_published_time":"2026-01-15T20:01:56+00:00","author":"Andre","twitter_card":"summary_large_image","twitter_misc":{"\u00c9crit par":"Andre","Dur\u00e9e de lecture estim\u00e9e":"3 minutes"},"schema":{"@context":"https:\/\/schema.org","@graph":[{"@type":"WebPage","@id":"https:\/\/caleine.com\/real-madrid-anuncia-saida-de-xabi-alonso-apos-derrota\/","url":"https:\/\/caleine.com\/real-madrid-anuncia-saida-de-xabi-alonso-apos-derrota\/","name":"Real Madrid Anuncia Sa\u00edda de Xabi Alonso Ap\u00f3s Derrota -","isPartOf":{"@id":"https:\/\/caleine.com\/#website"},"primaryImageOfPage":{"@id":"https:\/\/caleine.com\/real-madrid-anuncia-saida-de-xabi-alonso-apos-derrota\/#primaryimage"},"image":{"@id":"https:\/\/caleine.com\/real-madrid-anuncia-saida-de-xabi-alonso-apos-derrota\/#primaryimage"},"thumbnailUrl":"https:\/\/caleine.com\/wp-content\/uploads\/2026\/01\/1768507310496.png","datePublished":"2026-01-15T20:01:56+00:00","author":{"@id":"https:\/\/caleine.com\/#\/schema\/person\/3b0a162aeb9e0f8d47750f10c1587d48"},"breadcrumb":{"@id":"https:\/\/caleine.com\/real-madrid-anuncia-saida-de-xabi-alonso-apos-derrota\/#breadcrumb"},"inLanguage":"fr-FR","potentialAction":[{"@type":"ReadAction","target":["https:\/\/caleine.com\/real-madrid-anuncia-saida-de-xabi-alonso-apos-derrota\/"]}]},{"@type":"ImageObject","inLanguage":"fr-FR","@id":"https:\/\/caleine.com\/real-madrid-anuncia-saida-de-xabi-alonso-apos-derrota\/#primaryimage","url":"https:\/\/caleine.com\/wp-content\/uploads\/2026\/01\/1768507310496.png","contentUrl":"https:\/\/caleine.com\/wp-content\/uploads\/2026\/01\/1768507310496.png","width":1024,"height":624,"caption":"Xabi Alonso deixa o comando do Real Madrid ap\u00f3s derrota para o Barcelona na Supercopa."},{"@type":"BreadcrumbList","@id":"https:\/\/caleine.com\/real-madrid-anuncia-saida-de-xabi-alonso-apos-derrota\/#breadcrumb","itemListElement":[{"@type":"ListItem","position":1,"name":"In\u00edcio","item":"https:\/\/caleine.com\/"},{"@type":"ListItem","position":2,"name":"Real Madrid Anuncia Sa\u00edda de Xabi Alonso Ap\u00f3s Derrota"}]},{"@type":"WebSite","@id":"https:\/\/caleine.com\/#website","url":"https:\/\/caleine.com\/","name":"","description":"Caleine","potentialAction":[{"@type":"SearchAction","target":{"@type":"EntryPoint","urlTemplate":"https:\/\/caleine.com\/?s={search_term_string}"},"query-input":{"@type":"PropertyValueSpecification","valueRequired":true,"valueName":"search_term_string"}}],"inLanguage":"fr-FR"},{"@type":"Person","@id":"https:\/\/caleine.com\/#\/schema\/person\/3b0a162aeb9e0f8d47750f10c1587d48","name":"Andre","image":{"@type":"ImageObject","inLanguage":"fr-FR","@id":"https:\/\/caleine.com\/#\/schema\/person\/image\/","url":"https:\/\/secure.gravatar.com\/avatar\/631490c4d2811d45d5ab65f57e75e5cdca7c252f1eb8dd5b4eb4a7818d1dfaf6?s=96&d=mm&r=g","contentUrl":"https:\/\/secure.gravatar.com\/avatar\/631490c4d2811d45d5ab65f57e75e5cdca7c252f1eb8dd5b4eb4a7818d1dfaf6?s=96&d=mm&r=g","caption":"Andre"},"url":"https:\/\/caleine.com\/fr\/author\/andre\/"}]}},"_links":{"self":[{"href":"https:\/\/caleine.com\/fr\/wp-json\/wp\/v2\/posts\/2501","targetHints":{"allow":["GET"]}}],"collection":[{"href":"https:\/\/caleine.com\/fr\/wp-json\/wp\/v2\/posts"}],"about":[{"href":"https:\/\/caleine.com\/fr\/wp-json\/wp\/v2\/types\/post"}],"author":[{"embeddable":true,"href":"https:\/\/caleine.com\/fr\/wp-json\/wp\/v2\/users\/13"}],"replies":[{"embeddable":true,"href":"https:\/\/caleine.com\/fr\/wp-json\/wp\/v2\/comments?post=2501"}],"version-history":[{"count":0,"href":"https:\/\/caleine.com\/fr\/wp-json\/wp\/v2\/posts\/2501\/revisions"}],"wp:featuredmedia":[{"embeddable":true,"href":"https:\/\/caleine.com\/fr\/wp-json\/wp\/v2\/media\/2500"}],"wp:attachment":[{"href":"https:\/\/caleine.com\/fr\/wp-json\/wp\/v2\/media?parent=2501"}],"wp:term":[{"taxonomy":"category","embeddable":true,"href":"https:\/\/caleine.com\/fr\/wp-json\/wp\/v2\/categories?post=2501"},{"taxonomy":"post_tag","embeddable":true,"href":"https:\/\/caleine.com\/fr\/wp-json\/wp\/v2\/tags?post=2501"}],"curies":[{"name":"wp","href":"https:\/\/api.w.org\/{rel}","templated":true}]}}