{"id":2594,"date":"2026-02-12T17:02:39","date_gmt":"2026-02-12T20:02:39","guid":{"rendered":"https:\/\/caleine.com\/novas-diretrizes-do-vale-alimentacao-e-vale-refeicao\/"},"modified":"2026-02-12T17:02:39","modified_gmt":"2026-02-12T20:02:39","slug":"novas-diretrizes-do-vale-alimentacao-e-vale-refeicao","status":"publish","type":"post","link":"https:\/\/caleine.com\/hu\/novas-diretrizes-do-vale-alimentacao-e-vale-refeicao\/","title":{"rendered":"Novas Diretrizes do Vale-Alimenta\u00e7\u00e3o e Vale-Refei\u00e7\u00e3o"},"content":{"rendered":"<p><strong>Vale-Alimenta\u00e7\u00e3o Vale-Refei\u00e7\u00e3o<\/strong> s\u00e3o temas centrais nas novas diretrizes que entrar\u00e3o em vigor em fevereiro de 2026. Neste artigo, vamos explorar como essas mudan\u00e7as prometem n\u00e3o apenas gerar uma <strong>economia anual significativa<\/strong> de R$ 7,9 bilh\u00f5es, mas tamb\u00e9m <strong>redefinir os par\u00e2metros<\/strong> de opera\u00e7\u00e3o no setor de alimenta\u00e7\u00e3o.<\/p>\n<p>A reforma busca aumentar a <strong>transpar\u00eancia<\/strong> e a <strong>concorr\u00eancia<\/strong>, combatendo distor\u00e7\u00f5es que encarecem as refei\u00e7\u00f5es oferecidas.<\/p>\n<p>Analisaremos os principais pontos dessa nova legisla\u00e7\u00e3o, seus impactos e a import\u00e2ncia da fiscaliza\u00e7\u00e3o para manter o foco na sa\u00fade do trabalhador.<\/p>\n<p><\/strong><\/p>\n<h2>Panorama Geral e Impacto Econ\u00f4mico das Novas Diretrizes<\/h2>\n<p>A implementa\u00e7\u00e3o das novas diretrizes para o vale-alimenta\u00e7\u00e3o e vale-refei\u00e7\u00e3o promete uma economia anual de <u><strong>R$ 7,9 bilh\u00f5es<\/strong><\/u>, impactando positivamente tanto empresas quanto trabalhadores.<\/p>\n<p>Entrando em vigor a partir de 10 de fevereiro de 2026, essas mudan\u00e7as visam promover <strong>transpar\u00eancia<\/strong> Ez <strong>concorr\u00eancia leal<\/strong> no setor.<\/p>\n<p>Com a fixa\u00e7\u00e3o de um teto de 3,6% nas tarifas cobradas de estabelecimentos, espera-se reduzir distor\u00e7\u00f5es que tradicionalmente oneram os custos das refei\u00e7\u00f5es.<\/p>\n<p>Al\u00e9m disso, a introdu\u00e7\u00e3o da portabilidade e interoperabilidade dos cart\u00f5es possibilitar\u00e1 que bandeiras diferentes sejam aceitas em qualquer maquininha, tornando o processo mais simples e competitivo.<\/p>\n<p>Essa inova\u00e7\u00e3o n\u00e3o apenas dinamiza o mercado, mas tamb\u00e9m assegura que os consumidores tenham maior liberdade de escolha e qualidade nos servi\u00e7os prestados.<\/p>\n<p><strong>Importante<\/strong> mencionar que a redu\u00e7\u00e3o m\u00e9dia de custos de <u><strong>R$ 225<\/strong><\/u> por trabalhador reflete diretamente no poder de compra e no bem-estar financeiro dos colaboradores.<\/p>\n<p>A nova regulamenta\u00e7\u00e3o elimina pr\u00e1ticas abusivas e estabelece prazos mais curtos de repasse de valores, beneficiando o fluxo de caixa dos estabelecimentos e garantindo que os restaurantes aceitem os cart\u00f5es regularmente.<\/p>\n<p>Seguindo essa linha, o governo foca na <strong>sa\u00fade e no bem-estar<\/strong> do trabalhador, garantindo que o Programa de Alimenta\u00e7\u00e3o do Trabalhador (PAT) possa cumprir seu prop\u00f3sito com efic\u00e1cia.<\/p>\n<p>Para mais detalhes, consulte a <a href=\"https:\/\/borainvestir.b3.com.br\/noticias\/novas-regras-do-vr-comecam-nesta-segunda-confira-o-que-muda\/\" alt=\"Detalhes sobre as novas regras do VR\">mat\u00e9ria completa sobre o tema<\/a>.<\/p>\n<h2>Novas Regras Operacionais para VA e VR<\/h2>\n<p>As novas regras operacionais para o vale-alimenta\u00e7\u00e3o (VA) e o vale-refei\u00e7\u00e3o (VR) introduzem mudan\u00e7as significativas que prometem impactar positivamente tanto trabalhadores quanto estabelecimentos.<\/p>\n<p>Com a fixa\u00e7\u00e3o de um teto nas tarifas e a redu\u00e7\u00e3o no prazo de repasse para os restaurantes, espera-se uma maior transpar\u00eancia e efici\u00eancia no setor.<\/p>\n<p>Al\u00e9m disso, a possibilidade de portabilidade e interoperabilidade dos cart\u00f5es deve elevar a competitividade e garantir um melhor servi\u00e7o aos usu\u00e1rios.<\/p>\n<h2>Teto Tarif\u00e1rio de 3,6% e Repasse em 15 Dias<\/h2>\n<p>As novas diretrizes para o <a href=\"https:\/\/www.cnnbrasil.com.br\/economia\/macroeconomia\/novas-regras-do-va-e-do-vr-entram-em-vigor-nesta-terca-10-veja-mudancas\/\" alt=\"Programas de Alimenta\u00e7\u00e3o do Trabalhador\">Programas de Alimenta\u00e7\u00e3o do Trabalhador<\/a> reduzem o teto tarif\u00e1rio cobrado de estabelecimentos para <strong>3,6%<\/strong>, resultando em menores custos operacionais para restaurantes e supermercados.<\/p>\n<p>Essa redu\u00e7\u00e3o, junto ao repasse dos valores em at\u00e9 15 dias, contribui diretamente para maior competitividade no setor, permitindo que estabelecimentos ajustem seus pre\u00e7os para beneficiar ainda mais os consumidores.<\/p>\n<p>Isso, somado \u00e0 maior interoperabilidade dos cart\u00f5es aliment\u00edcios, facilita sua aceita\u00e7\u00e3o em diversas m\u00e1quinas, aumentando as op\u00e7\u00f5es de escolha para os clientes e melhorando a experi\u00eancia do consumidor.<\/p>\n<p>Al\u00e9m disso, esses ajustes promovem transpar\u00eancia e equidade ao eliminarem pr\u00e1ticas abusivas previamente vistas no mercado.<\/p>\n<p>Os principais benef\u00edcios incluem:<\/p>\n<ul>\n<li>Menor custo por prato<\/li>\n<li>Maior aceita\u00e7\u00e3o de cart\u00f5es<\/li>\n<li>Ajuste de pre\u00e7os mais competitivo<\/li>\n<\/ul>\n<p>A economia anual estimada com essas reformas \u00e9 de aproximadamente <strong>R$ 7,9 bilh\u00f5es<\/strong>, o que representa uma redu\u00e7\u00e3o de custos de cerca de <u><strong>R$ 225<\/strong><\/u> por trabalhador.<\/p>\n<p>Isso reflete diretamente na sa\u00fade financeira das empresas e na qualidade de vida dos usu\u00e1rios, <u>garantindo um futuro mais promissor<\/u> para o Programa de Alimenta\u00e7\u00e3o do Trabalhador.<\/p>\n<h2>Portabilidade e Interoperabilidade dos Cart\u00f5es<\/h2>\n<p>A partir de 2026, a <strong><u>portabilidade<\/u><\/strong> e a <strong><u>interoperabilidade<\/u><\/strong> dos cart\u00f5es de <u>vale-alimenta\u00e7\u00e3o<\/u> Ez <u>vale-refei\u00e7\u00e3o<\/u> ampliam consideravelmente a competitividade no setor.<\/p>\n<p>Com essa mudan\u00e7a, os trabalhadores poder\u00e3o usar qualquer cart\u00e3o VA e VR em qualquer maquininha, eliminando a restri\u00e7\u00e3o anterior de aceitar apenas determinadas bandeiras.<\/p>\n<p>Isso se traduz em custos operacionais menores para os comerciantes e mais op\u00e7\u00f5es para os consumidores, pois qualquer restaurante ou estabelecimento poder\u00e1 aceitar diversos tipos de cart\u00f5es.<\/p>\n<p>A tabela a seguir ilustra as mudan\u00e7as na aceita\u00e7\u00e3o dos cart\u00f5es:<\/p>\n<table>\n<tr>\n<th>Antes<\/th>\n<th>Depois<\/th>\n<\/tr>\n<tr>\n<td>Bandeira exclusiva<\/td>\n<td>Qualquer bandeira<\/td>\n<\/tr>\n<\/table>\n<p>Al\u00e9m disso, a agilidade no processamento dos pagamentos aumenta a efici\u00eancia do sistema.<\/p>\n<p>De acordo com as <a href=\"https:\/\/www.serasaexperian.com.br\/carreiras\/blog-carreiras\/decreto-muda-regras-vr-e-va\/\" alt=\"Novas Regras VA e VR\">novas regras<\/a>, espera-se que essas mudan\u00e7as incentivem a inova\u00e7\u00e3o e melhorem os servi\u00e7os, trazendo benef\u00edcios diretos n\u00e3o s\u00f3 para os restaurantes, como tamb\u00e9m para os trabalhadores que dependem desses vales para alimenta\u00e7\u00f5es di\u00e1rias.<\/p>\n<p>Essa medida garante mais liberdade de escolha para o consumidor, al\u00e9m de potencializar as oportunidades de neg\u00f3cio para pequenos e grandes empres\u00e1rios no setor de alimenta\u00e7\u00e3o.<\/p>\n<h2>Proibi\u00e7\u00e3o de Pr\u00e1ticas Abusivas e Fiscaliza\u00e7\u00e3o do PAT<\/h2>\n<p>A <u><strong>fiscaliza\u00e7\u00e3o rigorosa<\/strong><\/u> \u00e9 essencial para garantir que o Programa de Alimenta\u00e7\u00e3o do Trabalhador (PAT) cumpra sua fun\u00e7\u00e3o principal de oferecer suporte alimentar de qualidade aos colaboradores.<\/p>\n<p>A recente proibi\u00e7\u00e3o de pr\u00e1ticas abusivas, como des\u00e1gios e descontos for\u00e7ados, <u><strong>protege a sa\u00fade dos trabalhadores<\/strong><\/u> ao assegurar que o valor destinado \u00e0 alimenta\u00e7\u00e3o seja utilizado de forma \u00edntegra e justa.<\/p>\n<p>Com a <a href=\"https:\/\/www.gov.br\/trabalho-e-emprego\/pt-br\/noticias-e-conteudo\/2025\/novembro\/presidente-lula-assina-decreto-que-moderniza-o-programa-de-alimentacao-do-trabalhador\" alt=\"Decreto de moderniza\u00e7\u00e3o do PAT\">nova regulamenta\u00e7\u00e3o<\/a>, estabelecimentos comerciais s\u00e3o incentivados a alinhar suas pr\u00e1ticas com as normas estabelecidas, promovendo um mercado mais transparente e competitivo.<\/p>\n<p>Isso eleva a confian\u00e7a tanto dos trabalhadores quanto dos empregadores no sistema, ao garantir que as contribui\u00e7\u00f5es das empresas sejam convertidas em benef\u00edcios reais e sem desvirtuamentos.<\/p>\n<p>Portanto, a <u><strong>prote\u00e7\u00e3o \u00e0 sa\u00fade do trabalhador<\/strong><\/u> \u00e9 cada vez mais fortalecida, estimulada por um ambiente de controle e verifica\u00e7\u00e3o constantes, que consolida o compromisso do programa com a qualidade de vida e o bem-estar dos empregados.<\/p>\n<p>Tal controle \u00e9 fundamental para que o PAT continue sendo uma ferramenta relevante e eficaz.<\/p>\n<p><strong>Em resumo, as novas diretrizes para o Vale-Alimenta\u00e7\u00e3o e o Vale-Refei\u00e7\u00e3o representam um avan\u00e7o necess\u00e1rio para o setor.<\/p>\n<p>Com \u00eanfase na <strong>transpar\u00eancia<\/strong> e na <strong>concorr\u00eancia<\/strong>, espera-se que as mudan\u00e7as tragam benef\u00edcios reais para os trabalhadores e melhorias nos servi\u00e7os oferecidos.<\/p>\n<p><\/strong><\/p>","protected":false},"excerpt":{"rendered":"<p>Vale-Alimenta\u00e7\u00e3o Vale-Refei\u00e7\u00e3o s\u00e3o temas centrais nas novas diretrizes que entrar\u00e3o em vigor em fevereiro de 2026. Neste artigo, vamos explorar como essas mudan\u00e7as prometem n\u00e3o apenas gerar uma economia anual significativa de R$ 7,9 bilh\u00f5es, mas tamb\u00e9m redefinir os par\u00e2metros de opera\u00e7\u00e3o no setor de alimenta\u00e7\u00e3o. A reforma busca aumentar [&hellip;]<\/p>","protected":false},"author":12,"featured_media":2593,"comment_status":"open","ping_status":"open","sticky":false,"template":"","format":"standard","meta":{"footnotes":""},"categories":[2135],"tags":[2151,1921,1922],"class_list":["post-2594","post","type-post","status-publish","format-standard","has-post-thumbnail","hentry","category-economia-e-financas","tag-economia-anual","tag-vale-alimentacao","tag-vale-refeicao"],"yoast_head":"<!-- This site is optimized with the Yoast SEO plugin v24.5 - https:\/\/yoast.com\/wordpress\/plugins\/seo\/ -->\n<title>Novas Diretrizes do Vale-Alimenta\u00e7\u00e3o e Vale-Refei\u00e7\u00e3o -<\/title>\n<meta name=\"robots\" content=\"index, follow, max-snippet:-1, max-image-preview:large, max-video-preview:-1\" \/>\n<link rel=\"canonical\" href=\"https:\/\/caleine.com\/hu\/novas-diretrizes-do-vale-alimentacao-e-vale-refeicao\/\" \/>\n<meta property=\"og:locale\" content=\"hu_HU\" \/>\n<meta property=\"og:type\" content=\"article\" \/>\n<meta property=\"og:title\" content=\"Novas Diretrizes do Vale-Alimenta\u00e7\u00e3o e Vale-Refei\u00e7\u00e3o -\" \/>\n<meta property=\"og:description\" content=\"Vale-Alimenta\u00e7\u00e3o Vale-Refei\u00e7\u00e3o s\u00e3o temas centrais nas novas diretrizes que entrar\u00e3o em vigor em fevereiro de 2026. Neste artigo, vamos explorar como essas mudan\u00e7as prometem n\u00e3o apenas gerar uma economia anual significativa de R$ 7,9 bilh\u00f5es, mas tamb\u00e9m redefinir os par\u00e2metros de opera\u00e7\u00e3o no setor de alimenta\u00e7\u00e3o. A reforma busca aumentar [&hellip;]\" \/>\n<meta property=\"og:url\" content=\"https:\/\/caleine.com\/hu\/novas-diretrizes-do-vale-alimentacao-e-vale-refeicao\/\" \/>\n<meta property=\"article:published_time\" content=\"2026-02-12T20:02:39+00:00\" \/>\n<meta name=\"author\" content=\"Ana\" \/>\n<meta name=\"twitter:card\" content=\"summary_large_image\" \/>\n<meta name=\"twitter:label1\" content=\"Szerz\u0151:\" \/>\n\t<meta name=\"twitter:data1\" content=\"Ana\" \/>\n\t<meta name=\"twitter:label2\" content=\"Becs\u00fclt olvas\u00e1si id\u0151\" \/>\n\t<meta name=\"twitter:data2\" content=\"5 perc\" \/>\n<script type=\"application\/ld+json\" class=\"yoast-schema-graph\">{\"@context\":\"https:\/\/schema.org\",\"@graph\":[{\"@type\":\"WebPage\",\"@id\":\"https:\/\/caleine.com\/novas-diretrizes-do-vale-alimentacao-e-vale-refeicao\/\",\"url\":\"https:\/\/caleine.com\/novas-diretrizes-do-vale-alimentacao-e-vale-refeicao\/\",\"name\":\"Novas Diretrizes do Vale-Alimenta\u00e7\u00e3o e Vale-Refei\u00e7\u00e3o -\",\"isPartOf\":{\"@id\":\"https:\/\/caleine.com\/#website\"},\"primaryImageOfPage\":{\"@id\":\"https:\/\/caleine.com\/novas-diretrizes-do-vale-alimentacao-e-vale-refeicao\/#primaryimage\"},\"image\":{\"@id\":\"https:\/\/caleine.com\/novas-diretrizes-do-vale-alimentacao-e-vale-refeicao\/#primaryimage\"},\"thumbnailUrl\":\"https:\/\/caleine.com\/wp-content\/uploads\/2026\/02\/1770926551891.png\",\"datePublished\":\"2026-02-12T20:02:39+00:00\",\"author\":{\"@id\":\"https:\/\/caleine.com\/#\/schema\/person\/62089e4cf4c613ce5c0f8a2f565a3bb6\"},\"breadcrumb\":{\"@id\":\"https:\/\/caleine.com\/novas-diretrizes-do-vale-alimentacao-e-vale-refeicao\/#breadcrumb\"},\"inLanguage\":\"hu\",\"potentialAction\":[{\"@type\":\"ReadAction\",\"target\":[\"https:\/\/caleine.com\/novas-diretrizes-do-vale-alimentacao-e-vale-refeicao\/\"]}]},{\"@type\":\"ImageObject\",\"inLanguage\":\"hu\",\"@id\":\"https:\/\/caleine.com\/novas-diretrizes-do-vale-alimentacao-e-vale-refeicao\/#primaryimage\",\"url\":\"https:\/\/caleine.com\/wp-content\/uploads\/2026\/02\/1770926551891.png\",\"contentUrl\":\"https:\/\/caleine.com\/wp-content\/uploads\/2026\/02\/1770926551891.png\",\"width\":1024,\"height\":624,\"caption\":\"Restaurante com cart\u00f5es de vale-alimenta\u00e7\u00e3o e vale-refei\u00e7\u00e3o em destaque.\"},{\"@type\":\"BreadcrumbList\",\"@id\":\"https:\/\/caleine.com\/novas-diretrizes-do-vale-alimentacao-e-vale-refeicao\/#breadcrumb\",\"itemListElement\":[{\"@type\":\"ListItem\",\"position\":1,\"name\":\"In\u00edcio\",\"item\":\"https:\/\/caleine.com\/\"},{\"@type\":\"ListItem\",\"position\":2,\"name\":\"Novas Diretrizes do Vale-Alimenta\u00e7\u00e3o e Vale-Refei\u00e7\u00e3o\"}]},{\"@type\":\"WebSite\",\"@id\":\"https:\/\/caleine.com\/#website\",\"url\":\"https:\/\/caleine.com\/\",\"name\":\"\",\"description\":\"Caleine\",\"potentialAction\":[{\"@type\":\"SearchAction\",\"target\":{\"@type\":\"EntryPoint\",\"urlTemplate\":\"https:\/\/caleine.com\/?s={search_term_string}\"},\"query-input\":{\"@type\":\"PropertyValueSpecification\",\"valueRequired\":true,\"valueName\":\"search_term_string\"}}],\"inLanguage\":\"hu\"},{\"@type\":\"Person\",\"@id\":\"https:\/\/caleine.com\/#\/schema\/person\/62089e4cf4c613ce5c0f8a2f565a3bb6\",\"name\":\"Ana\",\"image\":{\"@type\":\"ImageObject\",\"inLanguage\":\"hu\",\"@id\":\"https:\/\/caleine.com\/#\/schema\/person\/image\/\",\"url\":\"https:\/\/secure.gravatar.com\/avatar\/3b8d3239bbfabcc66532f32c73ae0a7615bc645b516dea668acc6760afea8a2c?s=96&d=mm&r=g\",\"contentUrl\":\"https:\/\/secure.gravatar.com\/avatar\/3b8d3239bbfabcc66532f32c73ae0a7615bc645b516dea668acc6760afea8a2c?s=96&d=mm&r=g\",\"caption\":\"Ana\"},\"url\":\"https:\/\/caleine.com\/hu\/author\/ana\/\"}]}<\/script>\n<!-- \/ Yoast SEO plugin. -->","yoast_head_json":{"title":"Novas Diretrizes do Vale-Alimenta\u00e7\u00e3o e Vale-Refei\u00e7\u00e3o -","robots":{"index":"index","follow":"follow","max-snippet":"max-snippet:-1","max-image-preview":"max-image-preview:large","max-video-preview":"max-video-preview:-1"},"canonical":"https:\/\/caleine.com\/hu\/novas-diretrizes-do-vale-alimentacao-e-vale-refeicao\/","og_locale":"hu_HU","og_type":"article","og_title":"Novas Diretrizes do Vale-Alimenta\u00e7\u00e3o e Vale-Refei\u00e7\u00e3o -","og_description":"Vale-Alimenta\u00e7\u00e3o Vale-Refei\u00e7\u00e3o s\u00e3o temas centrais nas novas diretrizes que entrar\u00e3o em vigor em fevereiro de 2026. Neste artigo, vamos explorar como essas mudan\u00e7as prometem n\u00e3o apenas gerar uma economia anual significativa de R$ 7,9 bilh\u00f5es, mas tamb\u00e9m redefinir os par\u00e2metros de opera\u00e7\u00e3o no setor de alimenta\u00e7\u00e3o. A reforma busca aumentar [&hellip;]","og_url":"https:\/\/caleine.com\/hu\/novas-diretrizes-do-vale-alimentacao-e-vale-refeicao\/","article_published_time":"2026-02-12T20:02:39+00:00","author":"Ana","twitter_card":"summary_large_image","twitter_misc":{"Szerz\u0151:":"Ana","Becs\u00fclt olvas\u00e1si id\u0151":"5 perc"},"schema":{"@context":"https:\/\/schema.org","@graph":[{"@type":"WebPage","@id":"https:\/\/caleine.com\/novas-diretrizes-do-vale-alimentacao-e-vale-refeicao\/","url":"https:\/\/caleine.com\/novas-diretrizes-do-vale-alimentacao-e-vale-refeicao\/","name":"Novas Diretrizes do Vale-Alimenta\u00e7\u00e3o e Vale-Refei\u00e7\u00e3o -","isPartOf":{"@id":"https:\/\/caleine.com\/#website"},"primaryImageOfPage":{"@id":"https:\/\/caleine.com\/novas-diretrizes-do-vale-alimentacao-e-vale-refeicao\/#primaryimage"},"image":{"@id":"https:\/\/caleine.com\/novas-diretrizes-do-vale-alimentacao-e-vale-refeicao\/#primaryimage"},"thumbnailUrl":"https:\/\/caleine.com\/wp-content\/uploads\/2026\/02\/1770926551891.png","datePublished":"2026-02-12T20:02:39+00:00","author":{"@id":"https:\/\/caleine.com\/#\/schema\/person\/62089e4cf4c613ce5c0f8a2f565a3bb6"},"breadcrumb":{"@id":"https:\/\/caleine.com\/novas-diretrizes-do-vale-alimentacao-e-vale-refeicao\/#breadcrumb"},"inLanguage":"hu","potentialAction":[{"@type":"ReadAction","target":["https:\/\/caleine.com\/novas-diretrizes-do-vale-alimentacao-e-vale-refeicao\/"]}]},{"@type":"ImageObject","inLanguage":"hu","@id":"https:\/\/caleine.com\/novas-diretrizes-do-vale-alimentacao-e-vale-refeicao\/#primaryimage","url":"https:\/\/caleine.com\/wp-content\/uploads\/2026\/02\/1770926551891.png","contentUrl":"https:\/\/caleine.com\/wp-content\/uploads\/2026\/02\/1770926551891.png","width":1024,"height":624,"caption":"Restaurante com cart\u00f5es de vale-alimenta\u00e7\u00e3o e vale-refei\u00e7\u00e3o em destaque."},{"@type":"BreadcrumbList","@id":"https:\/\/caleine.com\/novas-diretrizes-do-vale-alimentacao-e-vale-refeicao\/#breadcrumb","itemListElement":[{"@type":"ListItem","position":1,"name":"In\u00edcio","item":"https:\/\/caleine.com\/"},{"@type":"ListItem","position":2,"name":"Novas Diretrizes do Vale-Alimenta\u00e7\u00e3o e Vale-Refei\u00e7\u00e3o"}]},{"@type":"WebSite","@id":"https:\/\/caleine.com\/#website","url":"https:\/\/caleine.com\/","name":"","description":"Caleine","potentialAction":[{"@type":"SearchAction","target":{"@type":"EntryPoint","urlTemplate":"https:\/\/caleine.com\/?s={search_term_string}"},"query-input":{"@type":"PropertyValueSpecification","valueRequired":true,"valueName":"search_term_string"}}],"inLanguage":"hu"},{"@type":"Person","@id":"https:\/\/caleine.com\/#\/schema\/person\/62089e4cf4c613ce5c0f8a2f565a3bb6","name":"Ana","image":{"@type":"ImageObject","inLanguage":"hu","@id":"https:\/\/caleine.com\/#\/schema\/person\/image\/","url":"https:\/\/secure.gravatar.com\/avatar\/3b8d3239bbfabcc66532f32c73ae0a7615bc645b516dea668acc6760afea8a2c?s=96&d=mm&r=g","contentUrl":"https:\/\/secure.gravatar.com\/avatar\/3b8d3239bbfabcc66532f32c73ae0a7615bc645b516dea668acc6760afea8a2c?s=96&d=mm&r=g","caption":"Ana"},"url":"https:\/\/caleine.com\/hu\/author\/ana\/"}]}},"_links":{"self":[{"href":"https:\/\/caleine.com\/hu\/wp-json\/wp\/v2\/posts\/2594","targetHints":{"allow":["GET"]}}],"collection":[{"href":"https:\/\/caleine.com\/hu\/wp-json\/wp\/v2\/posts"}],"about":[{"href":"https:\/\/caleine.com\/hu\/wp-json\/wp\/v2\/types\/post"}],"author":[{"embeddable":true,"href":"https:\/\/caleine.com\/hu\/wp-json\/wp\/v2\/users\/12"}],"replies":[{"embeddable":true,"href":"https:\/\/caleine.com\/hu\/wp-json\/wp\/v2\/comments?post=2594"}],"version-history":[{"count":0,"href":"https:\/\/caleine.com\/hu\/wp-json\/wp\/v2\/posts\/2594\/revisions"}],"wp:featuredmedia":[{"embeddable":true,"href":"https:\/\/caleine.com\/hu\/wp-json\/wp\/v2\/media\/2593"}],"wp:attachment":[{"href":"https:\/\/caleine.com\/hu\/wp-json\/wp\/v2\/media?parent=2594"}],"wp:term":[{"taxonomy":"category","embeddable":true,"href":"https:\/\/caleine.com\/hu\/wp-json\/wp\/v2\/categories?post=2594"},{"taxonomy":"post_tag","embeddable":true,"href":"https:\/\/caleine.com\/hu\/wp-json\/wp\/v2\/tags?post=2594"}],"curies":[{"name":"wp","href":"https:\/\/api.w.org\/{rel}","templated":true}]}}