{"id":922,"date":"2024-04-05T18:09:34","date_gmt":"2024-04-05T21:09:34","guid":{"rendered":"https:\/\/caleine.com\/?p=922"},"modified":"2024-04-05T18:09:34","modified_gmt":"2024-04-05T21:09:34","slug":"programa-internet-brasil-veja-quem-pode-participar","status":"publish","type":"post","link":"https:\/\/caleine.com\/hu\/programa-internet-brasil-veja-quem-pode-participar\/","title":{"rendered":"Internet Brazil Program: N\u00e9zze meg, kik vehetnek r\u00e9szt"},"content":{"rendered":"<p>Uma parceria entre a Minist\u00e9rio das Comunica\u00e7\u00f5es e o Minist\u00e9rio da Educa\u00e7\u00e3o resultou na cria\u00e7\u00e3o do <a href=\"https:\/\/portal.internetbrasil.mcom.gov.br\/\"><strong>aux\u00edlio Internet Brasil<\/strong><\/a>.<\/p>\n<p>O prop\u00f3sito principal \u00e9 promover uma inclus\u00e3o virtual mais ampla para os estudantes matriculados nas escolas p\u00fablicas.<\/p>\n<h3>Est\u00edmulo \u00e0 Inclus\u00e3o Digital<\/h3>\n<p>Essa iniciativa visa ampliar o acesso dos alunos das escolas p\u00fablicas \u00e0 Internet.<\/p>\n<p>Fornecendo de maneira mais abrangente os recursos digitais essenciais para uma <strong>educa\u00e7\u00e3o de qualidade<\/strong>.<\/p>\n<p>Uma parceira s\u00f3lida nesse empreendimento \u00e9 a <span>Rede Nacional de Ensino e Pesquisa (RNP)<\/span>.<\/p>\n<h3>Acesso Digital<\/h3>\n<p>Para concretizar essa meta, o programa abrange a distribui\u00e7\u00e3o de <strong>pacotes de dados e chips<\/strong>.<\/p>\n<p>Garantindo o acesso \u00e0 Internet para os alunos das escolas p\u00fablicas.<\/p>\n<p>Cujas fam\u00edlias possuem registro no Cadastro \u00danico (Cad\u00danico).<\/p>\n<h3>Etapas do Programa<\/h3>\n<p>A implementa\u00e7\u00e3o do programa ser\u00e1 gradual.<\/p>\n<p>Come\u00e7ando pelas escolas do ensino fundamental e m\u00e9dio j\u00e1 participantes do <strong>Programa Nordeste Conectado<\/strong>.<\/p>\n<p>As localidades inicialmente contempladas incluem Caic\u00f3\/RN, Campina Grande\/PB, Caruaru\/PE, Juazeiro\/BA, Mossor\u00f3\/RN e Petrolina\/PE.<\/p>\n<p>Juntamente com diversos munic\u00edpios de Minas Gerais: Araguari, Concei\u00e7\u00e3o das Alagoas, Nova Serrana, Prata, Uberaba e Uberl\u00e2ndia.<\/p>\n<h3>Caracter\u00edsticas do Internet Brasil<\/h3>\n<p>Com o intuito de garantir acesso gratuito \u00e0 rede para os alunos, o programa visa aprimorar a qualidade da educa\u00e7\u00e3o.<\/p>\n<p>Permitindo que as escolas ofere\u00e7am uma <strong>educa\u00e7\u00e3o mais abrangente<\/strong>.<\/p>\n<p>Ao facilitar o acesso a recursos educacionais, estimula-se a ado\u00e7\u00e3o de novas metodologias de ensino.<\/p>\n<h3>Processo de Participa\u00e7\u00e3o<\/h3>\n<p>\u00c9 essencial que <strong>as escolas e as Secretarias de Educa\u00e7\u00e3o<\/strong> se engajem no Internet Brasil.<\/p>\n<p>Para que os alunos possam usufruir do aux\u00edlio.<\/p>\n<p>As institui\u00e7\u00f5es devem seguir todos os procedimentos de ades\u00e3o estabelecidos.<\/p>\n<p>Enquanto as Secretarias de Educa\u00e7\u00e3o devem definir os crit\u00e9rios de sele\u00e7\u00e3o das escolas.<\/p>\n<p>As escolas precisam:<\/p>\n<p>&#8211; Adotar a ades\u00e3o por meio do Programa Dinheiro Direto na Escola (PDDE);<br \/>\n&#8211; Estabelecer crit\u00e9rios de distribui\u00e7\u00e3o entre os alunos;<br \/>\n&#8211; Identificar os benefici\u00e1rios eleg\u00edveis para o programa;<br \/>\n&#8211; Gerenciar quaisquer mudan\u00e7as que possam afetar o recebimento do benef\u00edcio pelos alunos.<\/p>\n<p><strong>Os alunos devem se encaixar nos seguintes crit\u00e9rios:<\/strong><\/p>\n<p>&#8211; Estudar na rede p\u00fablica de ensino;<br \/>\n&#8211; Estar matriculados no ensino fundamental a partir do terceiro ano ou no ensino m\u00e9dio;<br \/>\n&#8211; N\u00e3o possuir cart\u00e3o de outros programas governamentais;<br \/>\n&#8211; Manifestar interesse na ades\u00e3o ao programa por parte da escola;<br \/>\n&#8211; Concordar com os termos do programa;<br \/>\n&#8211; Estar registrados no Cadastro \u00danico para Programas Sociais do Governo Federal (Cad\u00danico);<br \/>\n&#8211; Ter acesso a um dispositivo m\u00f3vel.<\/p>\n<h3>Cart\u00e3o Neutro<\/h3>\n<p>Os alunos que participarem do programa, <strong>receber\u00e3o um chip neutro<\/strong>.<\/p>\n<p>Que proporcionar\u00e1 acesso \u00e0 Internet e a capacidade de mudar de operados.<\/p>\n<p>N\u00e3o precisando substituir o chip.<\/p>\n<p>Por meio do aux\u00edlio Internet Brasil, o governo impulsiona a inclus\u00e3o digital dos estudantes.<\/p>\n<p>O que garante que os alunos estejam integrados \u00e0 sociedade atual.<\/p>","protected":false},"excerpt":{"rendered":"<p>Uma parceria entre a Minist\u00e9rio das Comunica\u00e7\u00f5es e o Minist\u00e9rio da Educa\u00e7\u00e3o resultou na cria\u00e7\u00e3o do aux\u00edlio Internet Brasil. O prop\u00f3sito principal \u00e9 promover uma inclus\u00e3o virtual mais ampla para os estudantes matriculados nas escolas p\u00fablicas. Est\u00edmulo \u00e0 Inclus\u00e3o Digital Essa iniciativa visa ampliar o acesso dos alunos das escolas [&hellip;]<\/p>","protected":false},"author":6,"featured_media":923,"comment_status":"open","ping_status":"open","sticky":false,"template":"","format":"standard","meta":{"footnotes":""},"categories":[1],"tags":[439,620,619],"class_list":["post-922","post","type-post","status-publish","format-standard","has-post-thumbnail","hentry","category-sem-categoria","tag-auxilio-do-governo","tag-auxilio-internet","tag-internet-brasil"],"yoast_head":"<!-- This site is optimized with the Yoast SEO plugin v24.5 - https:\/\/yoast.com\/wordpress\/plugins\/seo\/ -->\n<title>Programa Internet Brasil: Veja Quem Pode Participar -<\/title>\n<meta name=\"description\" content=\"Uma parceria entre a Minist\u00e9rio das Comunica\u00e7\u00f5es e o Minist\u00e9rio da Educa\u00e7\u00e3o resultou na cria\u00e7\u00e3o do aux\u00edlio Internet Brasil. O prop\u00f3sito\" \/>\n<meta name=\"robots\" content=\"index, follow, max-snippet:-1, max-image-preview:large, max-video-preview:-1\" \/>\n<link rel=\"canonical\" href=\"https:\/\/caleine.com\/hu\/programa-internet-brasil-veja-quem-pode-participar\/\" \/>\n<meta property=\"og:locale\" content=\"hu_HU\" \/>\n<meta property=\"og:type\" content=\"article\" \/>\n<meta property=\"og:title\" content=\"Programa Internet Brasil: Veja Quem Pode Participar -\" \/>\n<meta property=\"og:description\" content=\"Uma parceria entre a Minist\u00e9rio das Comunica\u00e7\u00f5es e o Minist\u00e9rio da Educa\u00e7\u00e3o resultou na cria\u00e7\u00e3o do aux\u00edlio Internet Brasil. O prop\u00f3sito\" \/>\n<meta property=\"og:url\" content=\"https:\/\/caleine.com\/hu\/programa-internet-brasil-veja-quem-pode-participar\/\" \/>\n<meta property=\"article:published_time\" content=\"2024-04-05T21:09:34+00:00\" \/>\n<meta property=\"og:image\" content=\"https:\/\/caleine.com\/wp-content\/uploads\/2024\/04\/image.jpg\" \/>\n\t<meta property=\"og:image:width\" content=\"1140\" \/>\n\t<meta property=\"og:image:height\" content=\"760\" \/>\n\t<meta property=\"og:image:type\" content=\"image\/jpeg\" \/>\n<meta name=\"author\" content=\"carolina\" \/>\n<meta name=\"twitter:card\" content=\"summary_large_image\" \/>\n<meta name=\"twitter:label1\" content=\"Szerz\u0151:\" \/>\n\t<meta name=\"twitter:data1\" content=\"carolina\" \/>\n\t<meta name=\"twitter:label2\" content=\"Becs\u00fclt olvas\u00e1si id\u0151\" \/>\n\t<meta name=\"twitter:data2\" content=\"3 perc\" \/>\n<script type=\"application\/ld+json\" class=\"yoast-schema-graph\">{\"@context\":\"https:\/\/schema.org\",\"@graph\":[{\"@type\":\"WebPage\",\"@id\":\"https:\/\/caleine.com\/programa-internet-brasil-veja-quem-pode-participar\/\",\"url\":\"https:\/\/caleine.com\/programa-internet-brasil-veja-quem-pode-participar\/\",\"name\":\"Programa Internet Brasil: Veja Quem Pode Participar -\",\"isPartOf\":{\"@id\":\"https:\/\/caleine.com\/#website\"},\"primaryImageOfPage\":{\"@id\":\"https:\/\/caleine.com\/programa-internet-brasil-veja-quem-pode-participar\/#primaryimage\"},\"image\":{\"@id\":\"https:\/\/caleine.com\/programa-internet-brasil-veja-quem-pode-participar\/#primaryimage\"},\"thumbnailUrl\":\"https:\/\/caleine.com\/wp-content\/uploads\/2024\/04\/image.jpg\",\"datePublished\":\"2024-04-05T21:09:34+00:00\",\"author\":{\"@id\":\"https:\/\/caleine.com\/#\/schema\/person\/43de9fd343bfa89a9c71bebc09d3a7be\"},\"description\":\"Uma parceria entre a Minist\u00e9rio das Comunica\u00e7\u00f5es e o Minist\u00e9rio da Educa\u00e7\u00e3o resultou na cria\u00e7\u00e3o do aux\u00edlio Internet Brasil. O prop\u00f3sito\",\"breadcrumb\":{\"@id\":\"https:\/\/caleine.com\/programa-internet-brasil-veja-quem-pode-participar\/#breadcrumb\"},\"inLanguage\":\"hu\",\"potentialAction\":[{\"@type\":\"ReadAction\",\"target\":[\"https:\/\/caleine.com\/programa-internet-brasil-veja-quem-pode-participar\/\"]}]},{\"@type\":\"ImageObject\",\"inLanguage\":\"hu\",\"@id\":\"https:\/\/caleine.com\/programa-internet-brasil-veja-quem-pode-participar\/#primaryimage\",\"url\":\"https:\/\/caleine.com\/wp-content\/uploads\/2024\/04\/image.jpg\",\"contentUrl\":\"https:\/\/caleine.com\/wp-content\/uploads\/2024\/04\/image.jpg\",\"width\":1140,\"height\":760},{\"@type\":\"BreadcrumbList\",\"@id\":\"https:\/\/caleine.com\/programa-internet-brasil-veja-quem-pode-participar\/#breadcrumb\",\"itemListElement\":[{\"@type\":\"ListItem\",\"position\":1,\"name\":\"In\u00edcio\",\"item\":\"https:\/\/caleine.com\/\"},{\"@type\":\"ListItem\",\"position\":2,\"name\":\"Programa Internet Brasil: Veja Quem Pode Participar\"}]},{\"@type\":\"WebSite\",\"@id\":\"https:\/\/caleine.com\/#website\",\"url\":\"https:\/\/caleine.com\/\",\"name\":\"\",\"description\":\"Caleine\",\"potentialAction\":[{\"@type\":\"SearchAction\",\"target\":{\"@type\":\"EntryPoint\",\"urlTemplate\":\"https:\/\/caleine.com\/?s={search_term_string}\"},\"query-input\":{\"@type\":\"PropertyValueSpecification\",\"valueRequired\":true,\"valueName\":\"search_term_string\"}}],\"inLanguage\":\"hu\"},{\"@type\":\"Person\",\"@id\":\"https:\/\/caleine.com\/#\/schema\/person\/43de9fd343bfa89a9c71bebc09d3a7be\",\"name\":\"carolina\",\"image\":{\"@type\":\"ImageObject\",\"inLanguage\":\"hu\",\"@id\":\"https:\/\/caleine.com\/#\/schema\/person\/image\/\",\"url\":\"https:\/\/secure.gravatar.com\/avatar\/ff50cc94b20958c409807ecc9436d38cf1a71922753210ffaf715d120e9eda70?s=96&d=mm&r=g\",\"contentUrl\":\"https:\/\/secure.gravatar.com\/avatar\/ff50cc94b20958c409807ecc9436d38cf1a71922753210ffaf715d120e9eda70?s=96&d=mm&r=g\",\"caption\":\"carolina\"},\"url\":\"https:\/\/caleine.com\/hu\/author\/carolina\/\"}]}<\/script>\n<!-- \/ Yoast SEO plugin. -->","yoast_head_json":{"title":"Programa Internet Brasil: Veja Quem Pode Participar -","description":"Uma parceria entre a Minist\u00e9rio das Comunica\u00e7\u00f5es e o Minist\u00e9rio da Educa\u00e7\u00e3o resultou na cria\u00e7\u00e3o do aux\u00edlio Internet Brasil. O prop\u00f3sito","robots":{"index":"index","follow":"follow","max-snippet":"max-snippet:-1","max-image-preview":"max-image-preview:large","max-video-preview":"max-video-preview:-1"},"canonical":"https:\/\/caleine.com\/hu\/programa-internet-brasil-veja-quem-pode-participar\/","og_locale":"hu_HU","og_type":"article","og_title":"Programa Internet Brasil: Veja Quem Pode Participar -","og_description":"Uma parceria entre a Minist\u00e9rio das Comunica\u00e7\u00f5es e o Minist\u00e9rio da Educa\u00e7\u00e3o resultou na cria\u00e7\u00e3o do aux\u00edlio Internet Brasil. O prop\u00f3sito","og_url":"https:\/\/caleine.com\/hu\/programa-internet-brasil-veja-quem-pode-participar\/","article_published_time":"2024-04-05T21:09:34+00:00","og_image":[{"width":1140,"height":760,"url":"https:\/\/caleine.com\/wp-content\/uploads\/2024\/04\/image.jpg","type":"image\/jpeg"}],"author":"carolina","twitter_card":"summary_large_image","twitter_misc":{"Szerz\u0151:":"carolina","Becs\u00fclt olvas\u00e1si id\u0151":"3 perc"},"schema":{"@context":"https:\/\/schema.org","@graph":[{"@type":"WebPage","@id":"https:\/\/caleine.com\/programa-internet-brasil-veja-quem-pode-participar\/","url":"https:\/\/caleine.com\/programa-internet-brasil-veja-quem-pode-participar\/","name":"Programa Internet Brasil: Veja Quem Pode Participar -","isPartOf":{"@id":"https:\/\/caleine.com\/#website"},"primaryImageOfPage":{"@id":"https:\/\/caleine.com\/programa-internet-brasil-veja-quem-pode-participar\/#primaryimage"},"image":{"@id":"https:\/\/caleine.com\/programa-internet-brasil-veja-quem-pode-participar\/#primaryimage"},"thumbnailUrl":"https:\/\/caleine.com\/wp-content\/uploads\/2024\/04\/image.jpg","datePublished":"2024-04-05T21:09:34+00:00","author":{"@id":"https:\/\/caleine.com\/#\/schema\/person\/43de9fd343bfa89a9c71bebc09d3a7be"},"description":"Uma parceria entre a Minist\u00e9rio das Comunica\u00e7\u00f5es e o Minist\u00e9rio da Educa\u00e7\u00e3o resultou na cria\u00e7\u00e3o do aux\u00edlio Internet Brasil. O prop\u00f3sito","breadcrumb":{"@id":"https:\/\/caleine.com\/programa-internet-brasil-veja-quem-pode-participar\/#breadcrumb"},"inLanguage":"hu","potentialAction":[{"@type":"ReadAction","target":["https:\/\/caleine.com\/programa-internet-brasil-veja-quem-pode-participar\/"]}]},{"@type":"ImageObject","inLanguage":"hu","@id":"https:\/\/caleine.com\/programa-internet-brasil-veja-quem-pode-participar\/#primaryimage","url":"https:\/\/caleine.com\/wp-content\/uploads\/2024\/04\/image.jpg","contentUrl":"https:\/\/caleine.com\/wp-content\/uploads\/2024\/04\/image.jpg","width":1140,"height":760},{"@type":"BreadcrumbList","@id":"https:\/\/caleine.com\/programa-internet-brasil-veja-quem-pode-participar\/#breadcrumb","itemListElement":[{"@type":"ListItem","position":1,"name":"In\u00edcio","item":"https:\/\/caleine.com\/"},{"@type":"ListItem","position":2,"name":"Programa Internet Brasil: Veja Quem Pode Participar"}]},{"@type":"WebSite","@id":"https:\/\/caleine.com\/#website","url":"https:\/\/caleine.com\/","name":"","description":"Caleine","potentialAction":[{"@type":"SearchAction","target":{"@type":"EntryPoint","urlTemplate":"https:\/\/caleine.com\/?s={search_term_string}"},"query-input":{"@type":"PropertyValueSpecification","valueRequired":true,"valueName":"search_term_string"}}],"inLanguage":"hu"},{"@type":"Person","@id":"https:\/\/caleine.com\/#\/schema\/person\/43de9fd343bfa89a9c71bebc09d3a7be","name":"carolina","image":{"@type":"ImageObject","inLanguage":"hu","@id":"https:\/\/caleine.com\/#\/schema\/person\/image\/","url":"https:\/\/secure.gravatar.com\/avatar\/ff50cc94b20958c409807ecc9436d38cf1a71922753210ffaf715d120e9eda70?s=96&d=mm&r=g","contentUrl":"https:\/\/secure.gravatar.com\/avatar\/ff50cc94b20958c409807ecc9436d38cf1a71922753210ffaf715d120e9eda70?s=96&d=mm&r=g","caption":"carolina"},"url":"https:\/\/caleine.com\/hu\/author\/carolina\/"}]}},"_links":{"self":[{"href":"https:\/\/caleine.com\/hu\/wp-json\/wp\/v2\/posts\/922","targetHints":{"allow":["GET"]}}],"collection":[{"href":"https:\/\/caleine.com\/hu\/wp-json\/wp\/v2\/posts"}],"about":[{"href":"https:\/\/caleine.com\/hu\/wp-json\/wp\/v2\/types\/post"}],"author":[{"embeddable":true,"href":"https:\/\/caleine.com\/hu\/wp-json\/wp\/v2\/users\/6"}],"replies":[{"embeddable":true,"href":"https:\/\/caleine.com\/hu\/wp-json\/wp\/v2\/comments?post=922"}],"version-history":[{"count":1,"href":"https:\/\/caleine.com\/hu\/wp-json\/wp\/v2\/posts\/922\/revisions"}],"predecessor-version":[{"id":924,"href":"https:\/\/caleine.com\/hu\/wp-json\/wp\/v2\/posts\/922\/revisions\/924"}],"wp:featuredmedia":[{"embeddable":true,"href":"https:\/\/caleine.com\/hu\/wp-json\/wp\/v2\/media\/923"}],"wp:attachment":[{"href":"https:\/\/caleine.com\/hu\/wp-json\/wp\/v2\/media?parent=922"}],"wp:term":[{"taxonomy":"category","embeddable":true,"href":"https:\/\/caleine.com\/hu\/wp-json\/wp\/v2\/categories?post=922"},{"taxonomy":"post_tag","embeddable":true,"href":"https:\/\/caleine.com\/hu\/wp-json\/wp\/v2\/tags?post=922"}],"curies":[{"name":"wp","href":"https:\/\/api.w.org\/{rel}","templated":true}]}}