{"id":1265,"date":"2025-07-07T17:08:25","date_gmt":"2025-07-07T20:08:25","guid":{"rendered":"https:\/\/caleine.com\/confederacoes-solicitaram-adiamento-de-mudancas\/"},"modified":"2025-07-07T17:08:25","modified_gmt":"2025-07-07T20:08:25","slug":"confederacoes-solicitaram-adiamento-de-mudancas","status":"publish","type":"post","link":"https:\/\/caleine.com\/pl\/confederacoes-solicitaram-adiamento-de-mudancas\/","title":{"rendered":"Confedera\u00e7\u00f5es Solicitaram Adiamento de Mudan\u00e7as"},"content":{"rendered":"<p><strong>Adiamento Mudan\u00e7as<\/strong> no sistema de abertura de empresas \u00e9 o tema central deste artigo, que aborda a solicita\u00e7\u00e3o feita por confedera\u00e7\u00f5es do setor produtivo para postergar a implementa\u00e7\u00e3o de novas regras.<\/p>\n<p>Essas mudan\u00e7as incluem a exig\u00eancia de sele\u00e7\u00e3o do regime tribut\u00e1rio no ato do registro, alterando a pr\u00e1tica atual que permite aos empreendedores escolher essa op\u00e7\u00e3o at\u00e9 30 dias ap\u00f3s a obten\u00e7\u00e3o do CNPJ.<\/p>\n<p>Analisaremos o impacto que essas altera\u00e7\u00f5es podem ter nas estrat\u00e9gias de planejamento empresarial e a necessidade de uma abordagem mais flex\u00edvel para garantir a sa\u00fade financeira das novas empresas no Brasil.<\/p>\n<h2>Pedido de adiamento das mudan\u00e7as no sistema de registro empresarial<\/h2>\n<p>As confedera\u00e7\u00f5es do setor produtivo demandaram um adiamento para as mudan\u00e7as no sistema de registro empresarial, programadas para o <u><strong>dia 27<\/strong><\/u>.<\/p>\n<p>Estas altera\u00e7\u00f5es, que incluem a exig\u00eancia de sele\u00e7\u00e3o imediata do regime tribut\u00e1rio no momento do registro da empresa, prometem impactar significativamente a din\u00e2mica de abertura de neg\u00f3cios no pa\u00eds.<\/p>\n<p>At\u00e9 a presente data, os empreendedores t\u00eam a flexibilidade de escolher o regime tribut\u00e1rio at\u00e9 30 dias ap\u00f3s a obten\u00e7\u00e3o do CNPJ, permitindo um planejamento mais estrat\u00e9gico.<\/p>\n<p>No entanto, com a nova regra, esta escolha precisa ser feita no ato do registro.<\/p>\n<p>A preocupa\u00e7\u00e3o das confedera\u00e7\u00f5es reflete-se na assertiva de que esta mudan\u00e7a, se implementada sem o devido tempo para adapta\u00e7\u00e3o, pode aumentar o prazo da abertura de empresas, previsto atualmente em at\u00e9 dois dias \u00fateis.<\/p>\n<p>Elas sugerem que a antecipa\u00e7\u00e3o dessa decis\u00e3o pode causar desafios adicionais <a href=\"https:\/\/valor.globo.com\/legislacao\/noticia\/2025\/07\/07\/empresas-querem-novo-prazo-para-escolha-de-regime-tributario.ghtml\" alt=\"Empresas querem novo prazo para escolha de regime tribut\u00e1rio\">para gestores que desejam otimizar seus neg\u00f3cios<\/a>.<\/p>\n<p>Portanto, o adiamento destas medidas \u00e9 considerado crucial <u><strong>para garantir a continuidade dos fluxos industriais e comerciais<\/strong><\/u>.<\/p>\n<h2>Nova exig\u00eancia de escolha do regime tribut\u00e1rio no ato do registro<\/h2>\n<p>A recente exig\u00eancia que obriga os empreendedores a escolherem o regime tribut\u00e1rio no ato do registro da empresa introduz novas din\u00e2micas no processo de abertura de neg\u00f3cios.<\/p>\n<p>Antes dessa <u><strong>mudan\u00e7a significativa<\/strong><\/u>, a escolha do regime podia ser feita at\u00e9 30 dias ap\u00f3s a obten\u00e7\u00e3o do CNPJ, permitindo um planejamento estrat\u00e9gico mais abrangente.<\/p>\n<p><a href='https:\/\/obviacontabilidade.com.br\/enquadramento-tributario\/' alt='Escolha ideal de enquadramento tribut\u00e1rio'>Enquadramento tribut\u00e1rio ideal<\/a>.<\/p>\n<p>Essa nova diretriz pode apresentar desafios, especialmente para empresas que operam em setores complexos e que dependem de an\u00e1lises detalhadas antes da defini\u00e7\u00e3o do regime mais adequado.<\/p>\n<ul>\n<li><strong>SIMPLES Nacional<\/strong> \u2013 Oferece benef\u00edcios para pequenas e m\u00e9dias empresas ao simplificar a tributa\u00e7\u00e3o, mas exige compreens\u00e3o pr\u00e9via das regras.<\/li>\n<li><u>Lucro Real<\/u> \u2013 <u>Relevante para empresas com margens de lucro reduzidas<\/u>, demandando maior controle cont\u00e1bil.<\/li>\n<li><strong>Lucro Presumido<\/strong> \u2013 Facilita o c\u00e1lculo de tributos, mas carece de precis\u00e3o operacional em diversos casos.<\/li>\n<\/ul>\n<p>Essa norma imposta pela Receita Federal requer aten\u00e7\u00e3o e adapta\u00e7\u00f5es estrat\u00e9gicas dos empres\u00e1rios <a href='https:\/\/valor.globo.com\/legislacao\/noticia\/2025\/07\/07\/empresas-querem-novo-prazo-para-escolha-de-regime-tributario.ghtml' alt='Discuss\u00e3o normativa sobre regime tribut\u00e1rio'>ver normas<\/a>.<\/p>\n<h2>Impactos da antecipa\u00e7\u00e3o da escolha tribut\u00e1ria no planejamento estrat\u00e9gico<\/h2>\n<p>O impacto da nova exig\u00eancia de escolha imediata do regime tribut\u00e1rio para empresas rec\u00e9m-abertas <u><strong>pode comprometer o planejamento estrat\u00e9gico<\/strong><\/u>.<\/p>\n<p>As confedera\u00e7\u00f5es do setor produtivo destacam que a mudan\u00e7a <strong>impor\u00e1 desafios significativos<\/strong> no cen\u00e1rio empresarial.<\/p>\n<p>A escolha correta de um regime tribut\u00e1rio <u>\u00e9 relevante<\/u> para evitar custos excessivos e garantir competitividade, como j\u00e1 discutido por especialistas (<a href=\"https:\/\/canovacontabil.com.br\/quais-sao-os-impactos-do-regime-tributario-na-gestao-financeira-da-empresa\/\" alt=\"Impactos do regime tribut\u00e1rio na gest\u00e3o financeira da empresa\">Impactos do regime tribut\u00e1rio<\/a>).<\/p>\n<p>Um porta-voz de uma confedera\u00e7\u00e3o ressalta que essa altera\u00e7\u00e3o &#8220;poder\u00e1 engessar as decis\u00f5es estrat\u00e9gicas&#8221;, uma vez que a antecipa\u00e7\u00e3o elimina per\u00edodos cruciais de an\u00e1lise.<\/p>\n<p>Lubi\u0119 to, <u><strong>empres\u00e1rios enfrentam incertezas ao projetarem o futuro<\/strong><\/u> de seus neg\u00f3cios.<\/p>\n<p>Esta pressa adicional na decis\u00e3o acentua a urg\u00eancia de um planejamento tribut\u00e1rio meticuloso e risco de <u><strong>dificuldade de projetar cen\u00e1rios de mercado<\/strong><\/u>, como discutido em <a href=\"https:\/\/axxen.com.br\/planejamento-tributario-nas-empresas\/\" alt=\"Planejamento Tribut\u00e1rio nas Empresas\">planejamento tribut\u00e1rio<\/a>.<\/p>\n<p>Com estas mudan\u00e7as, o setor empresarial fica em alerta para novas adapta\u00e7\u00f5es.<\/p>\n<p>&#8220;<\/p>\n<h2>Compara\u00e7\u00e3o entre o procedimento atual e a nova regra<\/h2>\n<p>A mudan\u00e7a na exig\u00eancia de escolha do regime tribut\u00e1rio para o registro de empresas gera discuss\u00f5es importantes <strong>sobre suas implica\u00e7\u00f5es pr\u00e1ticas para empreendedores<\/strong>.<\/p>\n<p>Atualmente, a escolha do regime tribut\u00e1rio ocorre at\u00e9 30 dias ap\u00f3s a obten\u00e7\u00e3o do CNPJ, permitindo alinhamento estrat\u00e9gico e avalia\u00e7\u00e3o de op\u00e7\u00f5es como <strong>Simples Nacional<\/strong> ou <a href=\"https:\/\/cfc.org.br\/wp-content\/uploads\/2024\/07\/reforma_tributaria.pdf\" alt=\"Conselho Federal de Contabilidade\">outros regimes<\/a>.<\/p>\n<p>Com a nova regra, essa escolha dever\u00e1 ser feita no ato do registro, um <u>desafio para neg\u00f3cios emergentes<\/u> que necessitam de mais tempo para planejar suas finan\u00e7as e se adaptar ao mercado.<\/p>\n<p>A obriga\u00e7\u00e3o imediata pode agilizar opera\u00e7\u00f5es, mas reduz a flexibilidade para decis\u00f5es t\u00e9cnicas e estrat\u00e9gicas por parte dos novos empres\u00e1rios.<\/p>\n<p>Pr\u00f3s e contras precisam ser analisados em ambos os casos.<\/p>\n<p>Embora a nova exig\u00eancia possa simplificar o processo inicial de registro e integrar o <a href=\"https:\/\/www.gov.br\/fazenda\/pt-br\/acesso-a-informacao\/acoes-e-programas\/reforma-tributaria\" alt=\"novas diretrizes do Minist\u00e9rio da Fazenda\">sistema tribut\u00e1rio<\/a>, ela tamb\u00e9m pode resultar em escolhas precipitadas e menos informadas.<\/p>\n<p>| Ponto-chave       | Pr\u00e1tica Atual      | Nova Regra       |<br \/>\n|&#8212;&#8212;&#8212;&#8212;&#8212;&#8212;-|&#8212;&#8212;&#8212;&#8212;&#8212;&#8212;&#8211;|&#8212;&#8212;&#8212;&#8212;&#8212;&#8211;|<br \/>\n| Prazo para escolha| At\u00e9 30 dias        | Imediato        |<br \/>\n| Flexibilidade     | Alta               | <u>Reduzida<\/u>|<br \/>\n| Planejamento      | Acompanhado        | Instant\u00e2neo     |<\/p>\n<p><strong>Em resumo<\/strong>, a solicita\u00e7\u00e3o de adiamento das mudan\u00e7as no sistema de abertura de empresas reflete a preocupa\u00e7\u00e3o do setor produtivo com a nova exig\u00eancia do regime tribut\u00e1rio.<\/p>\n<p>Garantir um planejamento estrat\u00e9gico adequado \u00e9 fundamental para a sustentabilidade dos neg\u00f3cios em nosso pa\u00eds.<\/p>","protected":false},"excerpt":{"rendered":"<p>Adiamento Mudan\u00e7as no sistema de abertura de empresas \u00e9 o tema central deste artigo, que aborda a solicita\u00e7\u00e3o feita por confedera\u00e7\u00f5es do setor produtivo para postergar a implementa\u00e7\u00e3o de novas regras. Essas mudan\u00e7as incluem a exig\u00eancia de sele\u00e7\u00e3o do regime tribut\u00e1rio no ato do registro, alterando a pr\u00e1tica atual que [&hellip;]<\/p>","protected":false},"author":12,"featured_media":1262,"comment_status":"open","ping_status":"open","sticky":false,"template":"","format":"standard","meta":{"footnotes":""},"categories":[737],"tags":[852,854,853],"class_list":["post-1265","post","type-post","status-publish","format-standard","has-post-thumbnail","hentry","category-financa","tag-adiamento","tag-confederacoes","tag-setor-produtivo"],"yoast_head":"<!-- This site is optimized with the Yoast SEO plugin v24.5 - https:\/\/yoast.com\/wordpress\/plugins\/seo\/ -->\n<title>Confedera\u00e7\u00f5es Solicitaram Adiamento de Mudan\u00e7as -<\/title>\n<meta name=\"robots\" content=\"index, follow, max-snippet:-1, max-image-preview:large, max-video-preview:-1\" \/>\n<link rel=\"canonical\" href=\"https:\/\/caleine.com\/pl\/confederacoes-solicitaram-adiamento-de-mudancas\/\" \/>\n<meta property=\"og:locale\" content=\"pl_PL\" \/>\n<meta property=\"og:type\" content=\"article\" \/>\n<meta property=\"og:title\" content=\"Confedera\u00e7\u00f5es Solicitaram Adiamento de Mudan\u00e7as -\" \/>\n<meta property=\"og:description\" content=\"Adiamento Mudan\u00e7as no sistema de abertura de empresas \u00e9 o tema central deste artigo, que aborda a solicita\u00e7\u00e3o feita por confedera\u00e7\u00f5es do setor produtivo para postergar a implementa\u00e7\u00e3o de novas regras. Essas mudan\u00e7as incluem a exig\u00eancia de sele\u00e7\u00e3o do regime tribut\u00e1rio no ato do registro, alterando a pr\u00e1tica atual que [&hellip;]\" \/>\n<meta property=\"og:url\" content=\"https:\/\/caleine.com\/pl\/confederacoes-solicitaram-adiamento-de-mudancas\/\" \/>\n<meta property=\"article:published_time\" content=\"2025-07-07T20:08:25+00:00\" \/>\n<meta name=\"author\" content=\"Ana\" \/>\n<meta name=\"twitter:card\" content=\"summary_large_image\" \/>\n<meta name=\"twitter:label1\" content=\"Napisane przez\" \/>\n\t<meta name=\"twitter:data1\" content=\"Ana\" \/>\n\t<meta name=\"twitter:label2\" content=\"Szacowany czas czytania\" \/>\n\t<meta name=\"twitter:data2\" content=\"4 minuty\" \/>\n<script type=\"application\/ld+json\" class=\"yoast-schema-graph\">{\"@context\":\"https:\/\/schema.org\",\"@graph\":[{\"@type\":\"WebPage\",\"@id\":\"https:\/\/caleine.com\/confederacoes-solicitaram-adiamento-de-mudancas\/\",\"url\":\"https:\/\/caleine.com\/confederacoes-solicitaram-adiamento-de-mudancas\/\",\"name\":\"Confedera\u00e7\u00f5es Solicitaram Adiamento de Mudan\u00e7as -\",\"isPartOf\":{\"@id\":\"https:\/\/caleine.com\/#website\"},\"primaryImageOfPage\":{\"@id\":\"https:\/\/caleine.com\/confederacoes-solicitaram-adiamento-de-mudancas\/#primaryimage\"},\"image\":{\"@id\":\"https:\/\/caleine.com\/confederacoes-solicitaram-adiamento-de-mudancas\/#primaryimage\"},\"thumbnailUrl\":\"https:\/\/caleine.com\/wp-content\/uploads\/2025\/07\/req-NsVHXL2o4vi17opZemW9a.png\",\"datePublished\":\"2025-07-07T20:08:25+00:00\",\"author\":{\"@id\":\"https:\/\/caleine.com\/#\/schema\/person\/62089e4cf4c613ce5c0f8a2f565a3bb6\"},\"breadcrumb\":{\"@id\":\"https:\/\/caleine.com\/confederacoes-solicitaram-adiamento-de-mudancas\/#breadcrumb\"},\"inLanguage\":\"pl-PL\",\"potentialAction\":[{\"@type\":\"ReadAction\",\"target\":[\"https:\/\/caleine.com\/confederacoes-solicitaram-adiamento-de-mudancas\/\"]}]},{\"@type\":\"ImageObject\",\"inLanguage\":\"pl-PL\",\"@id\":\"https:\/\/caleine.com\/confederacoes-solicitaram-adiamento-de-mudancas\/#primaryimage\",\"url\":\"https:\/\/caleine.com\/wp-content\/uploads\/2025\/07\/req-NsVHXL2o4vi17opZemW9a.png\",\"contentUrl\":\"https:\/\/caleine.com\/wp-content\/uploads\/2025\/07\/req-NsVHXL2o4vi17opZemW9a.png\",\"width\":1024,\"height\":624,\"caption\":\"Artigo sobre o adiamento das mudan\u00e7as no sistema de abertura de empresas solicitado pelas confedera\u00e7\u00f5es do setor produtivo.\"},{\"@type\":\"BreadcrumbList\",\"@id\":\"https:\/\/caleine.com\/confederacoes-solicitaram-adiamento-de-mudancas\/#breadcrumb\",\"itemListElement\":[{\"@type\":\"ListItem\",\"position\":1,\"name\":\"In\u00edcio\",\"item\":\"https:\/\/caleine.com\/\"},{\"@type\":\"ListItem\",\"position\":2,\"name\":\"Confedera\u00e7\u00f5es Solicitaram Adiamento de Mudan\u00e7as\"}]},{\"@type\":\"WebSite\",\"@id\":\"https:\/\/caleine.com\/#website\",\"url\":\"https:\/\/caleine.com\/\",\"name\":\"\",\"description\":\"Caleine\",\"potentialAction\":[{\"@type\":\"SearchAction\",\"target\":{\"@type\":\"EntryPoint\",\"urlTemplate\":\"https:\/\/caleine.com\/?s={search_term_string}\"},\"query-input\":{\"@type\":\"PropertyValueSpecification\",\"valueRequired\":true,\"valueName\":\"search_term_string\"}}],\"inLanguage\":\"pl-PL\"},{\"@type\":\"Person\",\"@id\":\"https:\/\/caleine.com\/#\/schema\/person\/62089e4cf4c613ce5c0f8a2f565a3bb6\",\"name\":\"Ana\",\"image\":{\"@type\":\"ImageObject\",\"inLanguage\":\"pl-PL\",\"@id\":\"https:\/\/caleine.com\/#\/schema\/person\/image\/\",\"url\":\"https:\/\/secure.gravatar.com\/avatar\/3b8d3239bbfabcc66532f32c73ae0a7615bc645b516dea668acc6760afea8a2c?s=96&d=mm&r=g\",\"contentUrl\":\"https:\/\/secure.gravatar.com\/avatar\/3b8d3239bbfabcc66532f32c73ae0a7615bc645b516dea668acc6760afea8a2c?s=96&d=mm&r=g\",\"caption\":\"Ana\"},\"url\":\"https:\/\/caleine.com\/pl\/author\/ana\/\"}]}<\/script>\n<!-- \/ Yoast SEO plugin. -->","yoast_head_json":{"title":"Confedera\u00e7\u00f5es Solicitaram Adiamento de Mudan\u00e7as -","robots":{"index":"index","follow":"follow","max-snippet":"max-snippet:-1","max-image-preview":"max-image-preview:large","max-video-preview":"max-video-preview:-1"},"canonical":"https:\/\/caleine.com\/pl\/confederacoes-solicitaram-adiamento-de-mudancas\/","og_locale":"pl_PL","og_type":"article","og_title":"Confedera\u00e7\u00f5es Solicitaram Adiamento de Mudan\u00e7as -","og_description":"Adiamento Mudan\u00e7as no sistema de abertura de empresas \u00e9 o tema central deste artigo, que aborda a solicita\u00e7\u00e3o feita por confedera\u00e7\u00f5es do setor produtivo para postergar a implementa\u00e7\u00e3o de novas regras. Essas mudan\u00e7as incluem a exig\u00eancia de sele\u00e7\u00e3o do regime tribut\u00e1rio no ato do registro, alterando a pr\u00e1tica atual que [&hellip;]","og_url":"https:\/\/caleine.com\/pl\/confederacoes-solicitaram-adiamento-de-mudancas\/","article_published_time":"2025-07-07T20:08:25+00:00","author":"Ana","twitter_card":"summary_large_image","twitter_misc":{"Napisane przez":"Ana","Szacowany czas czytania":"4 minuty"},"schema":{"@context":"https:\/\/schema.org","@graph":[{"@type":"WebPage","@id":"https:\/\/caleine.com\/confederacoes-solicitaram-adiamento-de-mudancas\/","url":"https:\/\/caleine.com\/confederacoes-solicitaram-adiamento-de-mudancas\/","name":"Confedera\u00e7\u00f5es Solicitaram Adiamento de Mudan\u00e7as -","isPartOf":{"@id":"https:\/\/caleine.com\/#website"},"primaryImageOfPage":{"@id":"https:\/\/caleine.com\/confederacoes-solicitaram-adiamento-de-mudancas\/#primaryimage"},"image":{"@id":"https:\/\/caleine.com\/confederacoes-solicitaram-adiamento-de-mudancas\/#primaryimage"},"thumbnailUrl":"https:\/\/caleine.com\/wp-content\/uploads\/2025\/07\/req-NsVHXL2o4vi17opZemW9a.png","datePublished":"2025-07-07T20:08:25+00:00","author":{"@id":"https:\/\/caleine.com\/#\/schema\/person\/62089e4cf4c613ce5c0f8a2f565a3bb6"},"breadcrumb":{"@id":"https:\/\/caleine.com\/confederacoes-solicitaram-adiamento-de-mudancas\/#breadcrumb"},"inLanguage":"pl-PL","potentialAction":[{"@type":"ReadAction","target":["https:\/\/caleine.com\/confederacoes-solicitaram-adiamento-de-mudancas\/"]}]},{"@type":"ImageObject","inLanguage":"pl-PL","@id":"https:\/\/caleine.com\/confederacoes-solicitaram-adiamento-de-mudancas\/#primaryimage","url":"https:\/\/caleine.com\/wp-content\/uploads\/2025\/07\/req-NsVHXL2o4vi17opZemW9a.png","contentUrl":"https:\/\/caleine.com\/wp-content\/uploads\/2025\/07\/req-NsVHXL2o4vi17opZemW9a.png","width":1024,"height":624,"caption":"Artigo sobre o adiamento das mudan\u00e7as no sistema de abertura de empresas solicitado pelas confedera\u00e7\u00f5es do setor produtivo."},{"@type":"BreadcrumbList","@id":"https:\/\/caleine.com\/confederacoes-solicitaram-adiamento-de-mudancas\/#breadcrumb","itemListElement":[{"@type":"ListItem","position":1,"name":"In\u00edcio","item":"https:\/\/caleine.com\/"},{"@type":"ListItem","position":2,"name":"Confedera\u00e7\u00f5es Solicitaram Adiamento de Mudan\u00e7as"}]},{"@type":"WebSite","@id":"https:\/\/caleine.com\/#website","url":"https:\/\/caleine.com\/","name":"","description":"Caleine","potentialAction":[{"@type":"SearchAction","target":{"@type":"EntryPoint","urlTemplate":"https:\/\/caleine.com\/?s={search_term_string}"},"query-input":{"@type":"PropertyValueSpecification","valueRequired":true,"valueName":"search_term_string"}}],"inLanguage":"pl-PL"},{"@type":"Person","@id":"https:\/\/caleine.com\/#\/schema\/person\/62089e4cf4c613ce5c0f8a2f565a3bb6","name":"Ana","image":{"@type":"ImageObject","inLanguage":"pl-PL","@id":"https:\/\/caleine.com\/#\/schema\/person\/image\/","url":"https:\/\/secure.gravatar.com\/avatar\/3b8d3239bbfabcc66532f32c73ae0a7615bc645b516dea668acc6760afea8a2c?s=96&d=mm&r=g","contentUrl":"https:\/\/secure.gravatar.com\/avatar\/3b8d3239bbfabcc66532f32c73ae0a7615bc645b516dea668acc6760afea8a2c?s=96&d=mm&r=g","caption":"Ana"},"url":"https:\/\/caleine.com\/pl\/author\/ana\/"}]}},"_links":{"self":[{"href":"https:\/\/caleine.com\/pl\/wp-json\/wp\/v2\/posts\/1265","targetHints":{"allow":["GET"]}}],"collection":[{"href":"https:\/\/caleine.com\/pl\/wp-json\/wp\/v2\/posts"}],"about":[{"href":"https:\/\/caleine.com\/pl\/wp-json\/wp\/v2\/types\/post"}],"author":[{"embeddable":true,"href":"https:\/\/caleine.com\/pl\/wp-json\/wp\/v2\/users\/12"}],"replies":[{"embeddable":true,"href":"https:\/\/caleine.com\/pl\/wp-json\/wp\/v2\/comments?post=1265"}],"version-history":[{"count":0,"href":"https:\/\/caleine.com\/pl\/wp-json\/wp\/v2\/posts\/1265\/revisions"}],"wp:featuredmedia":[{"embeddable":true,"href":"https:\/\/caleine.com\/pl\/wp-json\/wp\/v2\/media\/1262"}],"wp:attachment":[{"href":"https:\/\/caleine.com\/pl\/wp-json\/wp\/v2\/media?parent=1265"}],"wp:term":[{"taxonomy":"category","embeddable":true,"href":"https:\/\/caleine.com\/pl\/wp-json\/wp\/v2\/categories?post=1265"},{"taxonomy":"post_tag","embeddable":true,"href":"https:\/\/caleine.com\/pl\/wp-json\/wp\/v2\/tags?post=1265"}],"curies":[{"name":"wp","href":"https:\/\/api.w.org\/{rel}","templated":true}]}}