{"id":2245,"date":"2025-12-02T17:02:35","date_gmt":"2025-12-02T20:02:35","guid":{"rendered":"https:\/\/caleine.com\/governo-reavalia-meta-primaria-das-estatais\/"},"modified":"2025-12-02T17:02:35","modified_gmt":"2025-12-02T20:02:35","slug":"governo-reavalia-meta-primaria-das-estatais","status":"publish","type":"post","link":"https:\/\/caleine.com\/pl\/governo-reavalia-meta-primaria-das-estatais\/","title":{"rendered":"Governo Reavalia Meta Prim\u00e1ria das Estatais"},"content":{"rendered":"<p><strong>A Meta Prim\u00e1ria<\/strong> das estatais est\u00e1 sob uma nova avalia\u00e7\u00e3o em meio a uma crise significativa enfrentada pelos Correios.<\/p>\n<p>O governo brasileiro analisa a necessidade de ajustar a meta para 2026, considerando o recente pedido de empr\u00e9stimo de R$ 20 bilh\u00f5es feito pelos Correios para contornar uma situa\u00e7\u00e3o financeira cr\u00edtica.<\/p>\n<p>Este artigo ir\u00e1 explorar as implica\u00e7\u00f5es desse aumento no rombo das estatais e os planos de reestrutura\u00e7\u00e3o necess\u00e1rios para mitigar os preju\u00edzos, al\u00e9m de como essas decis\u00f5es afetar\u00e3o as contas p\u00fablicas no pr\u00f3ximo ano.<\/p>\n<h2>Reavalia\u00e7\u00e3o da Meta de Resultado Prim\u00e1rio para 2026<\/h2>\n<p>A crise nos <strong>Correios<\/strong> impactou diretamente a <u><strong>meta de resultado prim\u00e1rio<\/strong><\/u> das estatais projetada para 2026, que inicialmente era de <strong>R$ 6,75 bilh\u00f5es<\/strong>.<\/p>\n<p>Entretanto, com o agravamento da situa\u00e7\u00e3o, o rombo previsto aumentou de <strong>R$ 5,5 bilh\u00f5es<\/strong> em setembro para <strong>R$ 9,2 bilh\u00f5es<\/strong> em novembro, impulsionado por preju\u00edzos acumulados de <strong>R$ 6 bilh\u00f5es<\/strong> pelos Correios.<\/p>\n<p>Esta realidade demanda uma revis\u00e3o completa da meta atual para assegurar a estabilidade das contas p\u00fablicas e evitar maiores impactos.<\/p>\n<ul>\n<li><u><strong>D\u00e9ficit Acumulado dos Correios:<\/strong><\/u> Os preju\u00edzos acumulados pela estatal, que \u00e9 considerada uma das maiores crises da sua hist\u00f3ria, for\u00e7am uma revis\u00e3o das expectativas financeiras, conforme destacado em <a href=\"https:\/\/valor.globo.com\/brasil\/noticia\/2025\/12\/02\/com-crise-dos-correios-meta-fiscal-para-estatais-deve-piorar.ghtml\" alt=\"Geraldo Alckmin avalia impacto dos Correios\">informa\u00e7\u00f5es atualizadas<\/a>.<\/li>\n<li>Impacto nas Contas P\u00fablicas: O aumento do rombo estressa ainda mais as contas governamentais, j\u00e1 pressionadas por outras demandas fiscais e a necessidade de investir, como os imprevistos dos <a href=\"https:\/\/www.infomoney.com.br\/politica\/governo-deve-flexibilizar-meta-das-estatais-em-2026-para-acomodar-rombo-dos-correios\/amp\/\" alt=\"Investimentos do PAC\">investimentos do PAC<\/a>.<\/li>\n<li>Necessidade de Reestrutura\u00e7\u00e3o: Para estabilizar as finan\u00e7as dos Correios, a\u00e7\u00f5es como cortes de despesas e venda de im\u00f3veis est\u00e3o sendo consideradas, tornando a revis\u00e3o da meta ainda mais imprescind\u00edvel, conforme detalhado em <u><a href=\"https:\/\/www.cnnbrasil.com.br\/economia\/macroeconomia\/governo-avalia-revisar-meta-das-estatais-em-2026-apos-crise-dos-correios\/\" alt=\"Reestrutura\u00e7\u00e3o e Ajustes\">avalia\u00e7\u00f5es governamentais<\/a><\/u>.<\/li>\n<\/ul>\n<h2>Crise dos Correios e Impacto nas Estatais<\/h2>\n<p>A crise financeira dos Correios vem se deteriorando ao longo do tempo, culminando em preju\u00edzos acumulados de R$ 6 bilh\u00f5es e levando a estatal a buscar um empr\u00e9stimo de R$ 20 bilh\u00f5es para estabilizar suas finan\u00e7as.<\/p>\n<p>Este aumento no rombo das estatais, que saltou de R$ 5,5 bilh\u00f5es em setembro para R$ 9,2 bilh\u00f5es em novembro, gera preocupa\u00e7\u00f5es e pode ter um reflexo significativo nas contas p\u00fablicas no pr\u00f3ximo ano.<\/p>\n<p>As medidas de reestrutura\u00e7\u00e3o anunciadas, incluindo cortes de despesas e um plano de demiss\u00e3o volunt\u00e1ria, s\u00e3o tentativas de conter a crise e minimizar os impactos financeiros que podem afetar todo o setor p\u00fablico.<\/p>\n<h2>Pedido de Empr\u00e9stimo de R$ 20 Bilh\u00f5es<\/h2>\n<p>Os Correios, impactados por um d\u00e9ficit acumulado de R$ 6 bilh\u00f5es, est\u00e3o em uma situa\u00e7\u00e3o financeira cr\u00edtica, necessitando urgentemente de liquidez para evitar um colapso nas opera\u00e7\u00f5es.<\/p>\n<p>Esta situa\u00e7\u00e3o levou \u00e0 aprova\u00e7\u00e3o de um <u><strong>empr\u00e9stimo de R$ 20 bilh\u00f5es<\/strong><\/u>, com o objetivo de estabilizar o caixa e garantir a continuidade dos servi\u00e7os da estatal.<\/p>\n<p>A libera\u00e7\u00e3o da <u><strong>primeira parcela<\/strong><\/u>, estimada em R$ 10 bilh\u00f5es, est\u00e1 prevista para este m\u00eas, o que ser\u00e1 fundamental para regularizar pagamentos pendentes e iniciar a reestrutura\u00e7\u00e3o necess\u00e1ria.<\/p>\n<p>Conforme relatado por v\u00e1rios ve\u00edculos de m\u00eddia, como <a href=\"https:\/\/www1.folha.uol.com.br\/mercado\/2025\/11\/correios-aprovam-emprestimo-de-r-20-bi-a-ser-contratado-com-cinco-bancos.shtml\" alt=\"Folha conta sobre o empr\u00e9stimo dos Correios\">aqui<\/a>, as negocia\u00e7\u00f5es envolvem cinco institui\u00e7\u00f5es banc\u00e1rias, incluindo o Banco do Brasil e BTG Pactual.<\/p>\n<p>Al\u00e9m disso, a expectativa \u00e9 que o total do empr\u00e9stimo sirva para estrat\u00e9gias como a venda de ativos e reestrutura\u00e7\u00e3o interna, a\u00e7\u00f5es essenciais para garantir sustentabilidade a longo prazo.<\/p>\n<p>Assim, este empr\u00e9stimo n\u00e3o \u00e9 apenas um rem\u00e9dio para o momento atual, mas sim parte de um plano estrat\u00e9gico mais amplo para revitalizar os Correios.<\/p>\n<h2>Plano de Reestrutura\u00e7\u00e3o dos Correios<\/h2>\n<p>O <strong>plano de reestrutura\u00e7\u00e3o dos Correios<\/strong> se revela como uma tentativa audaciosa para reverter a crise financeira da estatal <a href=\"https:\/\/saladeimprensa.correios.com.br\/arquivos\/12830\" alt=\"Sala de imprensa dos Correios\">acumulando preju\u00edzos significativos<\/a> nos \u00faltimos anos.<\/p>\n<p>A venda de im\u00f3veis ociosos promete trazer uma relevante entrada de capital e, simultaneamente, diminuir custos operacionais.<\/p>\n<p>Paralelamente, o <u><strong>Plano de Demiss\u00e3o Volunt\u00e1ria<\/strong><\/u> visa reduzir a for\u00e7a de trabalho da estatal, resultando em uma diminui\u00e7\u00e3o imediata das despesas salariais.<\/p>\n<p><u><strong>Informa\u00e7\u00f5es-chave<\/strong><\/u> apontam que at\u00e9 10 mil funcion\u00e1rios poder\u00e3o aderir a este programa, buscando um avan\u00e7o sustentado para estabilizar as contas da empresa.<\/p>\n<table>\n<tr>\n<th>Medida<\/th>\n<th>Impacto<\/th>\n<\/tr>\n<tr>\n<td>Venda de im\u00f3veis<\/td>\n<td><u>Gera\u00e7\u00e3o de capital<\/u> e redu\u00e7\u00e3o de gastos<\/td>\n<\/tr>\n<tr>\n<td>Plano de Demiss\u00e3o Volunt\u00e1ria<\/td>\n<td><u><strong>Redu\u00e7\u00e3o significativa<\/strong><\/u> de despesas com pessoal<\/td>\n<\/tr>\n<tr>\n<td>Fechamento de ag\u00eancias deficit\u00e1rias<\/td>\n<td><u>Consolida\u00e7\u00e3o de custos<\/u> e melhora na efici\u00eancia operacional<\/td>\n<\/tr>\n<tr>\n<td>Moderniza\u00e7\u00e3o operacional<\/td>\n<td><u>Aumento de competitividade<\/u> no setor<\/td>\n<\/tr>\n<\/table>\n<p>O objetivo \u00e9 alcan\u00e7\u00e1vel com uma combina\u00e7\u00e3o estrat\u00e9gica dessas medidas, permitindo, assim, que a empresa resgate seu equil\u00edbrio financeiro e, possivelmente, comece a gerar lucro em um futuro pr\u00f3ximo.<\/p>\n<p><strong>Em conclus\u00e3o<\/strong>, a reavalia\u00e7\u00e3o da Meta Prim\u00e1ria das estatais, especialmente diante das dificuldades dos Correios, destaca a necessidade urgente de reformas e ajustes financeiros para garantir a estabilidade fiscal do pa\u00eds.<\/p>","protected":false},"excerpt":{"rendered":"<p>A Meta Prim\u00e1ria das estatais est\u00e1 sob uma nova avalia\u00e7\u00e3o em meio a uma crise significativa enfrentada pelos Correios. O governo brasileiro analisa a necessidade de ajustar a meta para 2026, considerando o recente pedido de empr\u00e9stimo de R$ 20 bilh\u00f5es feito pelos Correios para contornar uma situa\u00e7\u00e3o financeira cr\u00edtica. [&hellip;]<\/p>","protected":false},"author":12,"featured_media":2244,"comment_status":"open","ping_status":"open","sticky":false,"template":"","format":"standard","meta":{"footnotes":""},"categories":[737],"tags":[1837,1838,954],"class_list":["post-2245","post","type-post","status-publish","format-standard","has-post-thumbnail","hentry","category-financa","tag-estatais","tag-financas-publicas","tag-resultado-primario"],"yoast_head":"<!-- This site is optimized with the Yoast SEO plugin v24.5 - https:\/\/yoast.com\/wordpress\/plugins\/seo\/ -->\n<title>Governo Reavalia Meta Prim\u00e1ria das Estatais -<\/title>\n<meta name=\"robots\" content=\"index, follow, max-snippet:-1, max-image-preview:large, max-video-preview:-1\" \/>\n<link rel=\"canonical\" href=\"https:\/\/caleine.com\/pl\/governo-reavalia-meta-primaria-das-estatais\/\" \/>\n<meta property=\"og:locale\" content=\"pl_PL\" \/>\n<meta property=\"og:type\" content=\"article\" \/>\n<meta property=\"og:title\" content=\"Governo Reavalia Meta Prim\u00e1ria das Estatais -\" \/>\n<meta property=\"og:description\" content=\"A Meta Prim\u00e1ria das estatais est\u00e1 sob uma nova avalia\u00e7\u00e3o em meio a uma crise significativa enfrentada pelos Correios. O governo brasileiro analisa a necessidade de ajustar a meta para 2026, considerando o recente pedido de empr\u00e9stimo de R$ 20 bilh\u00f5es feito pelos Correios para contornar uma situa\u00e7\u00e3o financeira cr\u00edtica. [&hellip;]\" \/>\n<meta property=\"og:url\" content=\"https:\/\/caleine.com\/pl\/governo-reavalia-meta-primaria-das-estatais\/\" \/>\n<meta property=\"article:published_time\" content=\"2025-12-02T20:02:35+00:00\" \/>\n<meta name=\"author\" content=\"Ana\" \/>\n<meta name=\"twitter:card\" content=\"summary_large_image\" \/>\n<meta name=\"twitter:label1\" content=\"Napisane przez\" \/>\n\t<meta name=\"twitter:data1\" content=\"Ana\" \/>\n\t<meta name=\"twitter:label2\" content=\"Szacowany czas czytania\" \/>\n\t<meta name=\"twitter:data2\" content=\"4 minuty\" \/>\n<script type=\"application\/ld+json\" class=\"yoast-schema-graph\">{\"@context\":\"https:\/\/schema.org\",\"@graph\":[{\"@type\":\"WebPage\",\"@id\":\"https:\/\/caleine.com\/governo-reavalia-meta-primaria-das-estatais\/\",\"url\":\"https:\/\/caleine.com\/governo-reavalia-meta-primaria-das-estatais\/\",\"name\":\"Governo Reavalia Meta Prim\u00e1ria das Estatais -\",\"isPartOf\":{\"@id\":\"https:\/\/caleine.com\/#website\"},\"primaryImageOfPage\":{\"@id\":\"https:\/\/caleine.com\/governo-reavalia-meta-primaria-das-estatais\/#primaryimage\"},\"image\":{\"@id\":\"https:\/\/caleine.com\/governo-reavalia-meta-primaria-das-estatais\/#primaryimage\"},\"thumbnailUrl\":\"https:\/\/caleine.com\/wp-content\/uploads\/2025\/12\/1764705751133.png\",\"datePublished\":\"2025-12-02T20:02:35+00:00\",\"author\":{\"@id\":\"https:\/\/caleine.com\/#\/schema\/person\/62089e4cf4c613ce5c0f8a2f565a3bb6\"},\"breadcrumb\":{\"@id\":\"https:\/\/caleine.com\/governo-reavalia-meta-primaria-das-estatais\/#breadcrumb\"},\"inLanguage\":\"pl-PL\",\"potentialAction\":[{\"@type\":\"ReadAction\",\"target\":[\"https:\/\/caleine.com\/governo-reavalia-meta-primaria-das-estatais\/\"]}]},{\"@type\":\"ImageObject\",\"inLanguage\":\"pl-PL\",\"@id\":\"https:\/\/caleine.com\/governo-reavalia-meta-primaria-das-estatais\/#primaryimage\",\"url\":\"https:\/\/caleine.com\/wp-content\/uploads\/2025\/12\/1764705751133.png\",\"contentUrl\":\"https:\/\/caleine.com\/wp-content\/uploads\/2025\/12\/1764705751133.png\",\"width\":1024,\"height\":624,\"caption\":\"undefined\"},{\"@type\":\"BreadcrumbList\",\"@id\":\"https:\/\/caleine.com\/governo-reavalia-meta-primaria-das-estatais\/#breadcrumb\",\"itemListElement\":[{\"@type\":\"ListItem\",\"position\":1,\"name\":\"In\u00edcio\",\"item\":\"https:\/\/caleine.com\/\"},{\"@type\":\"ListItem\",\"position\":2,\"name\":\"Governo Reavalia Meta Prim\u00e1ria das Estatais\"}]},{\"@type\":\"WebSite\",\"@id\":\"https:\/\/caleine.com\/#website\",\"url\":\"https:\/\/caleine.com\/\",\"name\":\"\",\"description\":\"Caleine\",\"potentialAction\":[{\"@type\":\"SearchAction\",\"target\":{\"@type\":\"EntryPoint\",\"urlTemplate\":\"https:\/\/caleine.com\/?s={search_term_string}\"},\"query-input\":{\"@type\":\"PropertyValueSpecification\",\"valueRequired\":true,\"valueName\":\"search_term_string\"}}],\"inLanguage\":\"pl-PL\"},{\"@type\":\"Person\",\"@id\":\"https:\/\/caleine.com\/#\/schema\/person\/62089e4cf4c613ce5c0f8a2f565a3bb6\",\"name\":\"Ana\",\"image\":{\"@type\":\"ImageObject\",\"inLanguage\":\"pl-PL\",\"@id\":\"https:\/\/caleine.com\/#\/schema\/person\/image\/\",\"url\":\"https:\/\/secure.gravatar.com\/avatar\/3b8d3239bbfabcc66532f32c73ae0a7615bc645b516dea668acc6760afea8a2c?s=96&d=mm&r=g\",\"contentUrl\":\"https:\/\/secure.gravatar.com\/avatar\/3b8d3239bbfabcc66532f32c73ae0a7615bc645b516dea668acc6760afea8a2c?s=96&d=mm&r=g\",\"caption\":\"Ana\"},\"url\":\"https:\/\/caleine.com\/pl\/author\/ana\/\"}]}<\/script>\n<!-- \/ Yoast SEO plugin. -->","yoast_head_json":{"title":"Governo Reavalia Meta Prim\u00e1ria das Estatais -","robots":{"index":"index","follow":"follow","max-snippet":"max-snippet:-1","max-image-preview":"max-image-preview:large","max-video-preview":"max-video-preview:-1"},"canonical":"https:\/\/caleine.com\/pl\/governo-reavalia-meta-primaria-das-estatais\/","og_locale":"pl_PL","og_type":"article","og_title":"Governo Reavalia Meta Prim\u00e1ria das Estatais -","og_description":"A Meta Prim\u00e1ria das estatais est\u00e1 sob uma nova avalia\u00e7\u00e3o em meio a uma crise significativa enfrentada pelos Correios. O governo brasileiro analisa a necessidade de ajustar a meta para 2026, considerando o recente pedido de empr\u00e9stimo de R$ 20 bilh\u00f5es feito pelos Correios para contornar uma situa\u00e7\u00e3o financeira cr\u00edtica. [&hellip;]","og_url":"https:\/\/caleine.com\/pl\/governo-reavalia-meta-primaria-das-estatais\/","article_published_time":"2025-12-02T20:02:35+00:00","author":"Ana","twitter_card":"summary_large_image","twitter_misc":{"Napisane przez":"Ana","Szacowany czas czytania":"4 minuty"},"schema":{"@context":"https:\/\/schema.org","@graph":[{"@type":"WebPage","@id":"https:\/\/caleine.com\/governo-reavalia-meta-primaria-das-estatais\/","url":"https:\/\/caleine.com\/governo-reavalia-meta-primaria-das-estatais\/","name":"Governo Reavalia Meta Prim\u00e1ria das Estatais -","isPartOf":{"@id":"https:\/\/caleine.com\/#website"},"primaryImageOfPage":{"@id":"https:\/\/caleine.com\/governo-reavalia-meta-primaria-das-estatais\/#primaryimage"},"image":{"@id":"https:\/\/caleine.com\/governo-reavalia-meta-primaria-das-estatais\/#primaryimage"},"thumbnailUrl":"https:\/\/caleine.com\/wp-content\/uploads\/2025\/12\/1764705751133.png","datePublished":"2025-12-02T20:02:35+00:00","author":{"@id":"https:\/\/caleine.com\/#\/schema\/person\/62089e4cf4c613ce5c0f8a2f565a3bb6"},"breadcrumb":{"@id":"https:\/\/caleine.com\/governo-reavalia-meta-primaria-das-estatais\/#breadcrumb"},"inLanguage":"pl-PL","potentialAction":[{"@type":"ReadAction","target":["https:\/\/caleine.com\/governo-reavalia-meta-primaria-das-estatais\/"]}]},{"@type":"ImageObject","inLanguage":"pl-PL","@id":"https:\/\/caleine.com\/governo-reavalia-meta-primaria-das-estatais\/#primaryimage","url":"https:\/\/caleine.com\/wp-content\/uploads\/2025\/12\/1764705751133.png","contentUrl":"https:\/\/caleine.com\/wp-content\/uploads\/2025\/12\/1764705751133.png","width":1024,"height":624,"caption":"undefined"},{"@type":"BreadcrumbList","@id":"https:\/\/caleine.com\/governo-reavalia-meta-primaria-das-estatais\/#breadcrumb","itemListElement":[{"@type":"ListItem","position":1,"name":"In\u00edcio","item":"https:\/\/caleine.com\/"},{"@type":"ListItem","position":2,"name":"Governo Reavalia Meta Prim\u00e1ria das Estatais"}]},{"@type":"WebSite","@id":"https:\/\/caleine.com\/#website","url":"https:\/\/caleine.com\/","name":"","description":"Caleine","potentialAction":[{"@type":"SearchAction","target":{"@type":"EntryPoint","urlTemplate":"https:\/\/caleine.com\/?s={search_term_string}"},"query-input":{"@type":"PropertyValueSpecification","valueRequired":true,"valueName":"search_term_string"}}],"inLanguage":"pl-PL"},{"@type":"Person","@id":"https:\/\/caleine.com\/#\/schema\/person\/62089e4cf4c613ce5c0f8a2f565a3bb6","name":"Ana","image":{"@type":"ImageObject","inLanguage":"pl-PL","@id":"https:\/\/caleine.com\/#\/schema\/person\/image\/","url":"https:\/\/secure.gravatar.com\/avatar\/3b8d3239bbfabcc66532f32c73ae0a7615bc645b516dea668acc6760afea8a2c?s=96&d=mm&r=g","contentUrl":"https:\/\/secure.gravatar.com\/avatar\/3b8d3239bbfabcc66532f32c73ae0a7615bc645b516dea668acc6760afea8a2c?s=96&d=mm&r=g","caption":"Ana"},"url":"https:\/\/caleine.com\/pl\/author\/ana\/"}]}},"_links":{"self":[{"href":"https:\/\/caleine.com\/pl\/wp-json\/wp\/v2\/posts\/2245","targetHints":{"allow":["GET"]}}],"collection":[{"href":"https:\/\/caleine.com\/pl\/wp-json\/wp\/v2\/posts"}],"about":[{"href":"https:\/\/caleine.com\/pl\/wp-json\/wp\/v2\/types\/post"}],"author":[{"embeddable":true,"href":"https:\/\/caleine.com\/pl\/wp-json\/wp\/v2\/users\/12"}],"replies":[{"embeddable":true,"href":"https:\/\/caleine.com\/pl\/wp-json\/wp\/v2\/comments?post=2245"}],"version-history":[{"count":0,"href":"https:\/\/caleine.com\/pl\/wp-json\/wp\/v2\/posts\/2245\/revisions"}],"wp:featuredmedia":[{"embeddable":true,"href":"https:\/\/caleine.com\/pl\/wp-json\/wp\/v2\/media\/2244"}],"wp:attachment":[{"href":"https:\/\/caleine.com\/pl\/wp-json\/wp\/v2\/media?parent=2245"}],"wp:term":[{"taxonomy":"category","embeddable":true,"href":"https:\/\/caleine.com\/pl\/wp-json\/wp\/v2\/categories?post=2245"},{"taxonomy":"post_tag","embeddable":true,"href":"https:\/\/caleine.com\/pl\/wp-json\/wp\/v2\/tags?post=2245"}],"curies":[{"name":"wp","href":"https:\/\/api.w.org\/{rel}","templated":true}]}}