{"id":2247,"date":"2025-12-03T17:02:50","date_gmt":"2025-12-03T20:02:50","guid":{"rendered":"https:\/\/caleine.com\/nova-emissao-do-cnpj-sera-feita-pela-receita-federal\/"},"modified":"2025-12-03T17:02:50","modified_gmt":"2025-12-03T20:02:50","slug":"nova-emissao-do-cnpj-sera-feita-pela-receita-federal","status":"publish","type":"post","link":"https:\/\/caleine.com\/pl\/nova-emissao-do-cnpj-sera-feita-pela-receita-federal\/","title":{"rendered":"Nova Emiss\u00e3o do CNPJ Ser\u00e1 Feita pela Receita Federal"},"content":{"rendered":"<p><strong>Emiss\u00e3o CNPJ<\/strong> ser\u00e1 reformulada a partir de 1\u00ba de dezembro de 2025, conforme a nova legisla\u00e7\u00e3o estabelecida pela Lei Complementar n\u00ba 214\/2025. Neste artigo, iremos explorar as mudan\u00e7as significativas no processo, desde o registro na Junta Comercial do Cear\u00e1 at\u00e9 o preenchimento das informa\u00e7\u00f5es no M\u00f3dulo de Administra\u00e7\u00e3o Tribut\u00e1ria (MAT) da Receita Federal.<\/p>\n<p>Analisaremos tamb\u00e9m a import\u00e2ncia do contrato social e o novo prazo de 90 dias para os empreendedores finalizarem suas informa\u00e7\u00f5es, al\u00e9m do papel exclusivo da Receita Federal na gest\u00e3o dessa emiss\u00e3o.<\/p>\n<h2>Vis\u00e3o Geral das Altera\u00e7\u00f5es na Emiss\u00e3o do CNPJ<\/h2>\n<p>A partir de 1\u00ba de dezembro de 2025, a emiss\u00e3o do Cadastro Nacional da Pessoa Jur\u00eddica (CNPJ) passa a seguir as regras determinadas pela Lei Complementar n\u00ba 214\/2025, que moderniza o processo e concentra sua gest\u00e3o na Receita Federal.<\/p>\n<p>O objetivo principal \u00e9 simplificar etapas e garantir maior seguran\u00e7a jur\u00eddica aos novos empreendedores.<\/p>\n<p>Para compreender os impactos dessas mudan\u00e7as, \u00e9 essencial conhecer cada fase, desde o registro na Junta Comercial do Cear\u00e1 at\u00e9 a conclus\u00e3o no M\u00f3dulo de Administra\u00e7\u00e3o Tribut\u00e1ria (MAT), bem como o novo formato de disponibiliza\u00e7\u00e3o do contrato social e o prazo de 90 dias para valida\u00e7\u00e3o final.<\/p>\n<h2>Etapa Inicial: Registro na Junta Comercial do Cear\u00e1<\/h2>\n<p>A partir de 1\u00ba de dezembro de 2025, o processo para emiss\u00e3o do CNPJ sofreu mudan\u00e7as significativas.<\/p>\n<p>Inicialmente, \u00e9 imprescind\u00edvel realizar o <strong>registro inicial<\/strong> na <strong>Junta Comercial do Cear\u00e1<\/strong>, que agora se tornou um dos passos mais cr\u00edticos para a oficializa\u00e7\u00e3o de novas pessoas jur\u00eddicas no estado.<\/p>\n<p>Este registro n\u00e3o apenas confere legitimidade \u00e0 exist\u00eancia da empresa, mas tamb\u00e9m funciona como uma etapa necess\u00e1ria antes de acessar o <a href=\"https:\/\/www.gov.br\/empresas-e-negocios\/pt-br\/drei\/arquivos\/informacoes-aos-usuarios-do-registro-empresarial\" alt=\"Informa\u00e7\u00f5es aos usu\u00e1rios do Registro Empresarial\">M\u00f3dulo de Administra\u00e7\u00e3o Tribut\u00e1ria<\/a> da Receita Federal, respons\u00e1vel por complementar o processo de obten\u00e7\u00e3o do CNPJ.<\/p>\n<p>Ap\u00f3s o registro, o respons\u00e1vel tem at\u00e9 90 dias para completar essa segunda fase.<\/p>\n<p>O n\u00e3o cumprimento dentro do prazo pode resultar em cancelamento da viabilidade do nome empresarial, enfatizando a import\u00e2ncia do manejo preciso desses prazos para evitar contratempos.<\/p>\n<h2>Preenchimento de Dados no M\u00f3dulo de Administra\u00e7\u00e3o Tribut\u00e1ria (MAT)<\/h2>\n<p>Ap\u00f3s finalizar o registro na Junta Comercial, \u00e9 necess\u00e1rio que o respons\u00e1vel acesse o <a href=\"https:\/\/www.gov.br\/receitafederal\/pt-br\/acesso-a-informacao\/acoes-e-programas\/programas-e-atividades\/cnpj-tributario\" alt=\"M\u00f3dulo de Administra\u00e7\u00e3o Tribut\u00e1ria na Receita Federal\">M\u00f3dulo de Administra\u00e7\u00e3o Tribut\u00e1ria (MAT) da Receita Federal<\/a> para completar as informa\u00e7\u00f5es exigidas para a emiss\u00e3o do CNPJ.<\/p>\n<p>Este processo de preenchimento \u00e9 essencial, pois garante a conformidade legal da empresa, estabelecendo sua regularidade fiscal com o governo.<\/p>\n<p>No MAT, o respons\u00e1vel deve observar atenciosamente a precis\u00e3o dos <u>dados inseridos<\/u>, j\u00e1 que a emiss\u00e3o do CNPJ \u00e9 diretamente condicionada a este passo.<\/p>\n<p>Uma lista de informa\u00e7\u00f5es obrigat\u00f3rias inclui:<\/p>\n<ul>\n<li><strong>Regime tribut\u00e1rio<\/strong> adequado.<\/li>\n<li><strong>Dados de endere\u00e7o<\/strong> atualizados e precisos.<\/li>\n<li><strong>Natureza jur\u00eddica<\/strong> da empresa.<\/li>\n<li><strong>Informa\u00e7\u00f5es do respons\u00e1vel<\/strong> legal pela empresa.<\/li>\n<\/ul>\n<p>Dessa forma, ao seguir diligentemente essas etapas e assegurar que todos os dados estejam corretos e completos, o solicitante contribuir\u00e1 para uma emiss\u00e3o de CNPJ mais \u00e1gil e descomplicada, promovendo o in\u00edcio das atividades empresariais com maior seguran\u00e7a e confian\u00e7a.<\/p>\n<p>Acesso f\u00e1cil ao MAT torna-se <u>fundamental<\/u> para empres\u00e1rios que buscam regulariza\u00e7\u00e3o eficiente.<\/p>\n<h2>Contrato Social e Prazo para Valida\u00e7\u00e3o<\/h2>\n<p>A nova regra para a emiss\u00e3o do <u><strong>contrato social sem CNPJ<\/strong><\/u> implica em uma mudan\u00e7a significativa para os empreendedores.<\/p>\n<p>Ap\u00f3s o registro na <a href=\"https:\/\/www.jucec.ce.gov.br\/2025\/11\/26\/receita-federal-altera-processo-de-emissao-do-cnpj\/\" alt=\"Junta Comercial do Cear\u00e1\">Junta Comercial do Cear\u00e1<\/a>, o respons\u00e1vel deve preencher todas as informa\u00e7\u00f5es necess\u00e1rias no M\u00f3dulo de Administra\u00e7\u00e3o Tribut\u00e1ria (MAT) da Receita Federal, incluindo o regime tribut\u00e1rio.<\/p>\n<p>Somente ap\u00f3s a valida\u00e7\u00e3o dessas informa\u00e7\u00f5es \u00e9 que o n\u00famero do CNPJ ser\u00e1 disponibilizado.<\/p>\n<p>Essa etapa \u00e9 crucial, pois dentro do prazo de 90 dias, o empreendedor precisa finalizar o processo para garantir a validade de seu registro.<\/p>\n<p>Caso contr\u00e1rio, o registro poder\u00e1 ser inabilitado, o que pode resultar em preju\u00edzos significativos ao neg\u00f3cio.<\/p>\n<p>A tabela abaixo resume o prazo e poss\u00edveis consequ\u00eancias: <\/p>\n<table>\n<thead>\n<tr>\n<th>Prazo<\/th>\n<th>Consequ\u00eancia<\/th>\n<\/tr>\n<\/thead>\n<tbody>\n<tr>\n<td>90 dias<\/td>\n<td>Inabilita\u00e7\u00e3o do registro<\/td>\n<\/tr>\n<\/tbody>\n<\/table>\n<p>Al\u00e9m disso, durante esse per\u00edodo, \u00e9 importante que o empreendedor revise todas as informa\u00e7\u00f5es para evitar erros que possam atrasar o processo.<\/p>\n<p>O cumprimento deste prazo deve ser uma prioridade para assegurar a continuidade das atividades da empresa sem complica\u00e7\u00f5es.<\/p>\n<h2>Centraliza\u00e7\u00e3o da Gest\u00e3o do CNPJ pela Receita Federal<\/h2>\n<p>A centraliza\u00e7\u00e3o da emiss\u00e3o do Cadastro Nacional da Pessoa Jur\u00eddica (CNPJ) pela Receita Federal, conforme estabelecido pela <a href=\"https:\/\/www.gov.br\/fazenda\/pt-br\/assuntos\/noticias\/2025\/novembro\/receita-federal-anuncia-implantacao-de-nova-plataforma-que-trara-mais-seguranca-e-simplificacao\" alt=\"Nova plataforma da Receita Federal\">Lei Complementar n\u00ba 214\/2025<\/a>, redefine o cen\u00e1rio empresarial no Brasil.<\/p>\n<p>A <strong>exclusividade<\/strong> dada \u00e0 Receita Federal proporciona um <strong>controle unificado<\/strong>, essencial para otimizar processos e garantir maior seguran\u00e7a na gest\u00e3o dos cadastros empresariais.<\/p>\n<p>Antes, a emiss\u00e3o do CNPJ passava por m\u00faltiplas etapas e \u00f3rg\u00e3os, o que gerava atrasos e confus\u00f5es frequentes.<\/p>\n<p>Agora, com essa mudan\u00e7a, o processo se torna mais \u00e1gil e transparente para o empreendedor, que ter\u00e1 todas as informa\u00e7\u00f5es centralizadas em um \u00fanico sistema.<\/p>\n<p>A integra\u00e7\u00e3o com o M\u00f3dulo de Administra\u00e7\u00e3o Tribut\u00e1ria (MAT), que exige a escolha do regime tribut\u00e1rio logo na abertura da empresa, facilita ainda mais a vida dos contribuintes, eliminando burocracias desnecess\u00e1rias.<\/p>\n<p>Al\u00e9m de reduzir prazos, essa nova abordagem simplifica a regulariza\u00e7\u00e3o das empresas, trazendo mais efici\u00eancia e clareza, como destacado em <a href=\"https:\/\/www.jucec.ce.gov.br\/2025\/11\/26\/receita-federal-altera-processo-de-emissao-do-cnpj\" alt=\"Processo de emiss\u00e3o do CNPJ\">altera\u00e7\u00f5es divulgadas pela Receita<\/a>.<\/p>\n<p>Em suma, as altera\u00e7\u00f5es na <strong>emiss\u00e3o do CNPJ<\/strong> visam simplificar o processo e garantir mais efici\u00eancia.<\/p>\n<p>Os empreendedores devem estar atentos \u00e0s novas exig\u00eancias para evitar complica\u00e7\u00f5es na constitui\u00e7\u00e3o de suas empresas.<\/p>","protected":false},"excerpt":{"rendered":"<p>Emiss\u00e3o CNPJ ser\u00e1 reformulada a partir de 1\u00ba de dezembro de 2025, conforme a nova legisla\u00e7\u00e3o estabelecida pela Lei Complementar n\u00ba 214\/2025. Neste artigo, iremos explorar as mudan\u00e7as significativas no processo, desde o registro na Junta Comercial do Cear\u00e1 at\u00e9 o preenchimento das informa\u00e7\u00f5es no M\u00f3dulo de Administra\u00e7\u00e3o Tribut\u00e1ria (MAT) [&hellip;]<\/p>","protected":false},"author":12,"featured_media":2246,"comment_status":"open","ping_status":"open","sticky":false,"template":"","format":"standard","meta":{"footnotes":""},"categories":[737],"tags":[1840,1841,1839],"class_list":["post-2247","post","type-post","status-publish","format-standard","has-post-thumbnail","hentry","category-financa","tag-cadastro-nacional-da-pessoa-juridica","tag-cnpj","tag-lei-complementar-2142025"],"yoast_head":"<!-- This site is optimized with the Yoast SEO plugin v24.5 - https:\/\/yoast.com\/wordpress\/plugins\/seo\/ -->\n<title>Nova Emiss\u00e3o do CNPJ Ser\u00e1 Feita pela Receita Federal -<\/title>\n<meta name=\"robots\" content=\"index, follow, max-snippet:-1, max-image-preview:large, max-video-preview:-1\" \/>\n<link rel=\"canonical\" href=\"https:\/\/caleine.com\/pl\/nova-emissao-do-cnpj-sera-feita-pela-receita-federal\/\" \/>\n<meta property=\"og:locale\" content=\"pl_PL\" \/>\n<meta property=\"og:type\" content=\"article\" \/>\n<meta property=\"og:title\" content=\"Nova Emiss\u00e3o do CNPJ Ser\u00e1 Feita pela Receita Federal -\" \/>\n<meta property=\"og:description\" content=\"Emiss\u00e3o CNPJ ser\u00e1 reformulada a partir de 1\u00ba de dezembro de 2025, conforme a nova legisla\u00e7\u00e3o estabelecida pela Lei Complementar n\u00ba 214\/2025. Neste artigo, iremos explorar as mudan\u00e7as significativas no processo, desde o registro na Junta Comercial do Cear\u00e1 at\u00e9 o preenchimento das informa\u00e7\u00f5es no M\u00f3dulo de Administra\u00e7\u00e3o Tribut\u00e1ria (MAT) [&hellip;]\" \/>\n<meta property=\"og:url\" content=\"https:\/\/caleine.com\/pl\/nova-emissao-do-cnpj-sera-feita-pela-receita-federal\/\" \/>\n<meta property=\"article:published_time\" content=\"2025-12-03T20:02:50+00:00\" \/>\n<meta name=\"author\" content=\"Ana\" \/>\n<meta name=\"twitter:card\" content=\"summary_large_image\" \/>\n<meta name=\"twitter:label1\" content=\"Napisane przez\" \/>\n\t<meta name=\"twitter:data1\" content=\"Ana\" \/>\n\t<meta name=\"twitter:label2\" content=\"Szacowany czas czytania\" \/>\n\t<meta name=\"twitter:data2\" content=\"5 minut\" \/>\n<script type=\"application\/ld+json\" class=\"yoast-schema-graph\">{\"@context\":\"https:\/\/schema.org\",\"@graph\":[{\"@type\":\"WebPage\",\"@id\":\"https:\/\/caleine.com\/nova-emissao-do-cnpj-sera-feita-pela-receita-federal\/\",\"url\":\"https:\/\/caleine.com\/nova-emissao-do-cnpj-sera-feita-pela-receita-federal\/\",\"name\":\"Nova Emiss\u00e3o do CNPJ Ser\u00e1 Feita pela Receita Federal -\",\"isPartOf\":{\"@id\":\"https:\/\/caleine.com\/#website\"},\"primaryImageOfPage\":{\"@id\":\"https:\/\/caleine.com\/nova-emissao-do-cnpj-sera-feita-pela-receita-federal\/#primaryimage\"},\"image\":{\"@id\":\"https:\/\/caleine.com\/nova-emissao-do-cnpj-sera-feita-pela-receita-federal\/#primaryimage\"},\"thumbnailUrl\":\"https:\/\/caleine.com\/wp-content\/uploads\/2025\/12\/1764792166943.png\",\"datePublished\":\"2025-12-03T20:02:50+00:00\",\"author\":{\"@id\":\"https:\/\/caleine.com\/#\/schema\/person\/62089e4cf4c613ce5c0f8a2f565a3bb6\"},\"breadcrumb\":{\"@id\":\"https:\/\/caleine.com\/nova-emissao-do-cnpj-sera-feita-pela-receita-federal\/#breadcrumb\"},\"inLanguage\":\"pl-PL\",\"potentialAction\":[{\"@type\":\"ReadAction\",\"target\":[\"https:\/\/caleine.com\/nova-emissao-do-cnpj-sera-feita-pela-receita-federal\/\"]}]},{\"@type\":\"ImageObject\",\"inLanguage\":\"pl-PL\",\"@id\":\"https:\/\/caleine.com\/nova-emissao-do-cnpj-sera-feita-pela-receita-federal\/#primaryimage\",\"url\":\"https:\/\/caleine.com\/wp-content\/uploads\/2025\/12\/1764792166943.png\",\"contentUrl\":\"https:\/\/caleine.com\/wp-content\/uploads\/2025\/12\/1764792166943.png\",\"width\":1024,\"height\":624,\"caption\":\"undefined\"},{\"@type\":\"BreadcrumbList\",\"@id\":\"https:\/\/caleine.com\/nova-emissao-do-cnpj-sera-feita-pela-receita-federal\/#breadcrumb\",\"itemListElement\":[{\"@type\":\"ListItem\",\"position\":1,\"name\":\"In\u00edcio\",\"item\":\"https:\/\/caleine.com\/\"},{\"@type\":\"ListItem\",\"position\":2,\"name\":\"Nova Emiss\u00e3o do CNPJ Ser\u00e1 Feita pela Receita Federal\"}]},{\"@type\":\"WebSite\",\"@id\":\"https:\/\/caleine.com\/#website\",\"url\":\"https:\/\/caleine.com\/\",\"name\":\"\",\"description\":\"Caleine\",\"potentialAction\":[{\"@type\":\"SearchAction\",\"target\":{\"@type\":\"EntryPoint\",\"urlTemplate\":\"https:\/\/caleine.com\/?s={search_term_string}\"},\"query-input\":{\"@type\":\"PropertyValueSpecification\",\"valueRequired\":true,\"valueName\":\"search_term_string\"}}],\"inLanguage\":\"pl-PL\"},{\"@type\":\"Person\",\"@id\":\"https:\/\/caleine.com\/#\/schema\/person\/62089e4cf4c613ce5c0f8a2f565a3bb6\",\"name\":\"Ana\",\"image\":{\"@type\":\"ImageObject\",\"inLanguage\":\"pl-PL\",\"@id\":\"https:\/\/caleine.com\/#\/schema\/person\/image\/\",\"url\":\"https:\/\/secure.gravatar.com\/avatar\/3b8d3239bbfabcc66532f32c73ae0a7615bc645b516dea668acc6760afea8a2c?s=96&d=mm&r=g\",\"contentUrl\":\"https:\/\/secure.gravatar.com\/avatar\/3b8d3239bbfabcc66532f32c73ae0a7615bc645b516dea668acc6760afea8a2c?s=96&d=mm&r=g\",\"caption\":\"Ana\"},\"url\":\"https:\/\/caleine.com\/pl\/author\/ana\/\"}]}<\/script>\n<!-- \/ Yoast SEO plugin. -->","yoast_head_json":{"title":"Nova Emiss\u00e3o do CNPJ Ser\u00e1 Feita pela Receita Federal -","robots":{"index":"index","follow":"follow","max-snippet":"max-snippet:-1","max-image-preview":"max-image-preview:large","max-video-preview":"max-video-preview:-1"},"canonical":"https:\/\/caleine.com\/pl\/nova-emissao-do-cnpj-sera-feita-pela-receita-federal\/","og_locale":"pl_PL","og_type":"article","og_title":"Nova Emiss\u00e3o do CNPJ Ser\u00e1 Feita pela Receita Federal -","og_description":"Emiss\u00e3o CNPJ ser\u00e1 reformulada a partir de 1\u00ba de dezembro de 2025, conforme a nova legisla\u00e7\u00e3o estabelecida pela Lei Complementar n\u00ba 214\/2025. Neste artigo, iremos explorar as mudan\u00e7as significativas no processo, desde o registro na Junta Comercial do Cear\u00e1 at\u00e9 o preenchimento das informa\u00e7\u00f5es no M\u00f3dulo de Administra\u00e7\u00e3o Tribut\u00e1ria (MAT) [&hellip;]","og_url":"https:\/\/caleine.com\/pl\/nova-emissao-do-cnpj-sera-feita-pela-receita-federal\/","article_published_time":"2025-12-03T20:02:50+00:00","author":"Ana","twitter_card":"summary_large_image","twitter_misc":{"Napisane przez":"Ana","Szacowany czas czytania":"5 minut"},"schema":{"@context":"https:\/\/schema.org","@graph":[{"@type":"WebPage","@id":"https:\/\/caleine.com\/nova-emissao-do-cnpj-sera-feita-pela-receita-federal\/","url":"https:\/\/caleine.com\/nova-emissao-do-cnpj-sera-feita-pela-receita-federal\/","name":"Nova Emiss\u00e3o do CNPJ Ser\u00e1 Feita pela Receita Federal -","isPartOf":{"@id":"https:\/\/caleine.com\/#website"},"primaryImageOfPage":{"@id":"https:\/\/caleine.com\/nova-emissao-do-cnpj-sera-feita-pela-receita-federal\/#primaryimage"},"image":{"@id":"https:\/\/caleine.com\/nova-emissao-do-cnpj-sera-feita-pela-receita-federal\/#primaryimage"},"thumbnailUrl":"https:\/\/caleine.com\/wp-content\/uploads\/2025\/12\/1764792166943.png","datePublished":"2025-12-03T20:02:50+00:00","author":{"@id":"https:\/\/caleine.com\/#\/schema\/person\/62089e4cf4c613ce5c0f8a2f565a3bb6"},"breadcrumb":{"@id":"https:\/\/caleine.com\/nova-emissao-do-cnpj-sera-feita-pela-receita-federal\/#breadcrumb"},"inLanguage":"pl-PL","potentialAction":[{"@type":"ReadAction","target":["https:\/\/caleine.com\/nova-emissao-do-cnpj-sera-feita-pela-receita-federal\/"]}]},{"@type":"ImageObject","inLanguage":"pl-PL","@id":"https:\/\/caleine.com\/nova-emissao-do-cnpj-sera-feita-pela-receita-federal\/#primaryimage","url":"https:\/\/caleine.com\/wp-content\/uploads\/2025\/12\/1764792166943.png","contentUrl":"https:\/\/caleine.com\/wp-content\/uploads\/2025\/12\/1764792166943.png","width":1024,"height":624,"caption":"undefined"},{"@type":"BreadcrumbList","@id":"https:\/\/caleine.com\/nova-emissao-do-cnpj-sera-feita-pela-receita-federal\/#breadcrumb","itemListElement":[{"@type":"ListItem","position":1,"name":"In\u00edcio","item":"https:\/\/caleine.com\/"},{"@type":"ListItem","position":2,"name":"Nova Emiss\u00e3o do CNPJ Ser\u00e1 Feita pela Receita Federal"}]},{"@type":"WebSite","@id":"https:\/\/caleine.com\/#website","url":"https:\/\/caleine.com\/","name":"","description":"Caleine","potentialAction":[{"@type":"SearchAction","target":{"@type":"EntryPoint","urlTemplate":"https:\/\/caleine.com\/?s={search_term_string}"},"query-input":{"@type":"PropertyValueSpecification","valueRequired":true,"valueName":"search_term_string"}}],"inLanguage":"pl-PL"},{"@type":"Person","@id":"https:\/\/caleine.com\/#\/schema\/person\/62089e4cf4c613ce5c0f8a2f565a3bb6","name":"Ana","image":{"@type":"ImageObject","inLanguage":"pl-PL","@id":"https:\/\/caleine.com\/#\/schema\/person\/image\/","url":"https:\/\/secure.gravatar.com\/avatar\/3b8d3239bbfabcc66532f32c73ae0a7615bc645b516dea668acc6760afea8a2c?s=96&d=mm&r=g","contentUrl":"https:\/\/secure.gravatar.com\/avatar\/3b8d3239bbfabcc66532f32c73ae0a7615bc645b516dea668acc6760afea8a2c?s=96&d=mm&r=g","caption":"Ana"},"url":"https:\/\/caleine.com\/pl\/author\/ana\/"}]}},"_links":{"self":[{"href":"https:\/\/caleine.com\/pl\/wp-json\/wp\/v2\/posts\/2247","targetHints":{"allow":["GET"]}}],"collection":[{"href":"https:\/\/caleine.com\/pl\/wp-json\/wp\/v2\/posts"}],"about":[{"href":"https:\/\/caleine.com\/pl\/wp-json\/wp\/v2\/types\/post"}],"author":[{"embeddable":true,"href":"https:\/\/caleine.com\/pl\/wp-json\/wp\/v2\/users\/12"}],"replies":[{"embeddable":true,"href":"https:\/\/caleine.com\/pl\/wp-json\/wp\/v2\/comments?post=2247"}],"version-history":[{"count":0,"href":"https:\/\/caleine.com\/pl\/wp-json\/wp\/v2\/posts\/2247\/revisions"}],"wp:featuredmedia":[{"embeddable":true,"href":"https:\/\/caleine.com\/pl\/wp-json\/wp\/v2\/media\/2246"}],"wp:attachment":[{"href":"https:\/\/caleine.com\/pl\/wp-json\/wp\/v2\/media?parent=2247"}],"wp:term":[{"taxonomy":"category","embeddable":true,"href":"https:\/\/caleine.com\/pl\/wp-json\/wp\/v2\/categories?post=2247"},{"taxonomy":"post_tag","embeddable":true,"href":"https:\/\/caleine.com\/pl\/wp-json\/wp\/v2\/tags?post=2247"}],"curies":[{"name":"wp","href":"https:\/\/api.w.org\/{rel}","templated":true}]}}