{"id":2259,"date":"2025-12-05T17:02:01","date_gmt":"2025-12-05T20:02:01","guid":{"rendered":"https:\/\/caleine.com\/retirada-de-r-10-bilhoes-das-estatais-no-pldo\/"},"modified":"2025-12-05T17:02:01","modified_gmt":"2025-12-05T20:02:01","slug":"retirada-de-r-10-bilhoes-das-estatais-no-pldo","status":"publish","type":"post","link":"https:\/\/caleine.com\/pl\/retirada-de-r-10-bilhoes-das-estatais-no-pldo\/","title":{"rendered":"Retirada de R$ 10 Bilh\u00f5es das Estatais no PLDO"},"content":{"rendered":"<p><strong>Estatais Fiscais<\/strong> t\u00eam se tornado um tema central nas discuss\u00f5es sobre a sa\u00fade financeira do Brasil, especialmente com a recente retirada de R$ 10 bilh\u00f5es das estatais da meta fiscal para 2026. Esta decis\u00e3o foi tomada a pedido da equipe econ\u00f4mica, buscando prevenir um impacto significativo nas contas p\u00fablicas, em raz\u00e3o da delicada situa\u00e7\u00e3o dos Correios.<\/p>\n<p>No decorrer deste artigo, vamos analisar o contexto dessa mudan\u00e7a, o impacto esperado nos resultados fiscais e as dificuldades financeiras que os Correios est\u00e3o enfrentando, incluindo sua busca por empr\u00e9stimos e os preju\u00edzos acumulados at\u00e9 setembro.<\/p>\n<h2>Contexto Geral do PLDO 2026 e a Decis\u00e3o do Relator<\/h2>\n<p>A decis\u00e3o do relator do Plano de Diretrizes Or\u00e7ament\u00e1rias (PLDO) de 2026 de retirar R$ 10 bilh\u00f5es das estatais da meta fiscal foi profundamente influenciada pela equipe econ\u00f4mica do governo.<\/p>\n<p>Temendo um <u><strong>impacto significativo nas contas p\u00fablicas<\/strong><\/u>, especialmente devido \u00e0 delicada situa\u00e7\u00e3o financeira dos Correios, a equipe econ\u00f4mica pediu essa altera\u00e7\u00e3o para garantir uma <strong>medida de preven\u00e7\u00e3o<\/strong> no or\u00e7amento.<\/p>\n<p>Com as dificuldades enfrentadas pelos Correios, que buscam R$ 20 bilh\u00f5es em empr\u00e9stimos enquanto acumulam R$ 6 bilh\u00f5es em preju\u00edzos at\u00e9 setembro, a press\u00e3o sobre o or\u00e7amento se tornou ineg\u00e1vel.<\/p>\n<p>Segundo o <a href=\"https:\/\/www.cnnbrasil.com.br\/economia\/macroeconomia\/relator-da-pldo-atende-governo-e-muda-meta-de-estatais-para-r-10-bi\/\" alt=\"Relator atende governo e tira da meta fiscal R$ 10 bilh\u00f5es\">CNN Brasil<\/a>, a exclus\u00e3o destes valores do c\u00e1lculo fiscal assegura que eventuais aportes aos Correios n\u00e3o deturpem o resultado fiscal de 2026, preservando e protegendo o espa\u00e7o no or\u00e7amento.<\/p>\n<p>Essa decis\u00e3o destaca a necessidade de planejamento cuidadoso e preven\u00e7\u00e3o para lidar com eventos econ\u00f4micos inesperados, buscando sempre a sustentabilidade fiscal de longo prazo.<\/p>\n<h2>Efeitos da Retirada de R$ 10 bilh\u00f5es na Meta Fiscal de 2026<\/h2>\n<p>A retirada de R$ 10 bilh\u00f5es das estatais da meta fiscal de 2026 tem como objetivo minimizar o impacto negativo nas contas p\u00fablicas, especialmente em rela\u00e7\u00e3o aos Correios.<\/p>\n<p>Ao excluir esses recursos, o resultado prim\u00e1rio torna-se menos suscet\u00edvel a distor\u00e7\u00f5es, garantindo que eventuais socorros financeiros n\u00e3o comprometam o balan\u00e7o final do ano.<\/p>\n<p>Essa medida de preven\u00e7\u00e3o \u00e9 crucial para a preserva\u00e7\u00e3o do espa\u00e7o or\u00e7ament\u00e1rio e o cumprimento das metas fiscais estabelecidas.<\/p>\n<h2>Conceito de Aportes e Poss\u00edveis Distor\u00e7\u00f5es Fiscais<\/h2>\n<p>Ty <strong>aportes<\/strong> do Tesouro Nacional em estatais representam inje\u00e7\u00f5es de capital destinadas a cobrir os preju\u00edzos acumulados por essas empresas, como \u00e9 o caso dos Correios, que acumularam R$ 6 bilh\u00f5es em perdas at\u00e9 setembro.<\/p>\n<p>Esses recursos entram na contabilidade p\u00fablica como despesas prim\u00e1rias, impactando diretamente o resultado fiscal.<\/p>\n<p>Essa transfer\u00eancia pode levar a uma <strong>distor\u00e7\u00e3o<\/strong> fiscal ao criar uma impress\u00e3o equivocada de que as finan\u00e7as p\u00fablicas se encontram est\u00e1veis, quando na realidade, recursos significativos est\u00e3o sendo canalizados para empresas deficit\u00e1rias.<\/p>\n<p><u><strong>\u00c9 essencial compreender<\/strong><\/u> como essas movimenta\u00e7\u00f5es financeiras afetam a percep\u00e7\u00e3o das contas p\u00fablicas, destacando a necessidade de transpar\u00eancia neste processo.<\/p>\n<h2>Crise Financeira dos Correios e Riscos ao Or\u00e7amento<\/h2>\n<p>A crise financeira dos Correios se intensificou at\u00e9 setembro de 2025, refletindo um cen\u00e1rio preocupante de preju\u00edzos acumulados que j\u00e1 totalizavam R$ 6 bilh\u00f5es.<\/p>\n<p>As tentativas frustradas de obter financiamento, incluindo um pedido de empr\u00e9stimo que foi negado devido \u00e0 taxa de juros proposta, evidenciam a gravidade da situa\u00e7\u00e3o.<\/p>\n<p>Em resposta a esse contexto, a retirada de R$ 10 bilh\u00f5es da meta fiscal foi considerada uma medida crucial para evitar distor\u00e7\u00f5es no or\u00e7amento e preservar a sa\u00fade das contas p\u00fablicas.<\/p>\n<h2>Tentativas de Capta\u00e7\u00e3o e Recusa de Empr\u00e9stimo<\/h2>\n<p>A tentativa dos Correios de garantir um empr\u00e9stimo de <u><strong>R$ 20 bilh\u00f5es<\/strong><\/u> foi frustrada devido \u00e0 exig\u00eancia do Tesouro Nacional por uma taxa de juros menor.<\/p>\n<p>A proposta inicial oferecida pelos bancos era de 136% do CDI, considerada muito alta pelo Tesouro.<\/p>\n<p>Como resultado, a transa\u00e7\u00e3o n\u00e3o recebeu aval, conforme <a href=\"https:\/\/oglobo.globo.com\/economia\/noticia\/2025\/12\/03\/aporte-nos-correios-volta-a-radar-do-governo-apos-recusa-de-emprestimo-de-r-20-bi.ghtml\" alt=\"not\u00edcia sobre recusa do empr\u00e9stimo dos Correios no O Globo\">noticiado<\/a>.<\/p>\n<p>Esta recusa impacta diretamente a liquidez dos Correios, que acumulam preju\u00edzos e buscam alternativas para captar recursos.<\/p>\n<p>Sem esse montante, a empresa enfrenta desafios crescentes e press\u00f5es financeiras adicionais.<\/p>\n<p><strong>Em suma<\/strong>, a retirada de recursos das estatais da meta fiscal \u00e9 uma medida cautelosa que visa minimizar os efeitos negativos da situa\u00e7\u00e3o dos Correios nas contas p\u00fablicas, garantindo assim uma maior estabilidade or\u00e7ament\u00e1ria e permitindo uma an\u00e1lise mais profunda das necessidades de financiamento das estatais.<\/p>","protected":false},"excerpt":{"rendered":"<p>Estatais Fiscais t\u00eam se tornado um tema central nas discuss\u00f5es sobre a sa\u00fade financeira do Brasil, especialmente com a recente retirada de R$ 10 bilh\u00f5es das estatais da meta fiscal para 2026. Esta decis\u00e3o foi tomada a pedido da equipe econ\u00f4mica, buscando prevenir um impacto significativo nas contas p\u00fablicas, em [&hellip;]<\/p>","protected":false},"author":12,"featured_media":2258,"comment_status":"open","ping_status":"open","sticky":false,"template":"","format":"standard","meta":{"footnotes":""},"categories":[737],"tags":[1837,1853,1852],"class_list":["post-2259","post","type-post","status-publish","format-standard","has-post-thumbnail","hentry","category-financa","tag-estatais","tag-meta-fiscal","tag-pldo-2026"],"yoast_head":"<!-- This site is optimized with the Yoast SEO plugin v24.5 - https:\/\/yoast.com\/wordpress\/plugins\/seo\/ -->\n<title>Retirada de R$ 10 Bilh\u00f5es das Estatais no PLDO -<\/title>\n<meta name=\"robots\" content=\"index, follow, max-snippet:-1, max-image-preview:large, max-video-preview:-1\" \/>\n<link rel=\"canonical\" href=\"https:\/\/caleine.com\/pl\/retirada-de-r-10-bilhoes-das-estatais-no-pldo\/\" \/>\n<meta property=\"og:locale\" content=\"pl_PL\" \/>\n<meta property=\"og:type\" content=\"article\" \/>\n<meta property=\"og:title\" content=\"Retirada de R$ 10 Bilh\u00f5es das Estatais no PLDO -\" \/>\n<meta property=\"og:description\" content=\"Estatais Fiscais t\u00eam se tornado um tema central nas discuss\u00f5es sobre a sa\u00fade financeira do Brasil, especialmente com a recente retirada de R$ 10 bilh\u00f5es das estatais da meta fiscal para 2026. Esta decis\u00e3o foi tomada a pedido da equipe econ\u00f4mica, buscando prevenir um impacto significativo nas contas p\u00fablicas, em [&hellip;]\" \/>\n<meta property=\"og:url\" content=\"https:\/\/caleine.com\/pl\/retirada-de-r-10-bilhoes-das-estatais-no-pldo\/\" \/>\n<meta property=\"article:published_time\" content=\"2025-12-05T20:02:01+00:00\" \/>\n<meta name=\"author\" content=\"Ana\" \/>\n<meta name=\"twitter:card\" content=\"summary_large_image\" \/>\n<meta name=\"twitter:label1\" content=\"Napisane przez\" \/>\n\t<meta name=\"twitter:data1\" content=\"Ana\" \/>\n\t<meta name=\"twitter:label2\" content=\"Szacowany czas czytania\" \/>\n\t<meta name=\"twitter:data2\" content=\"4 minuty\" \/>\n<script type=\"application\/ld+json\" class=\"yoast-schema-graph\">{\"@context\":\"https:\/\/schema.org\",\"@graph\":[{\"@type\":\"WebPage\",\"@id\":\"https:\/\/caleine.com\/retirada-de-r-10-bilhoes-das-estatais-no-pldo\/\",\"url\":\"https:\/\/caleine.com\/retirada-de-r-10-bilhoes-das-estatais-no-pldo\/\",\"name\":\"Retirada de R$ 10 Bilh\u00f5es das Estatais no PLDO -\",\"isPartOf\":{\"@id\":\"https:\/\/caleine.com\/#website\"},\"primaryImageOfPage\":{\"@id\":\"https:\/\/caleine.com\/retirada-de-r-10-bilhoes-das-estatais-no-pldo\/#primaryimage\"},\"image\":{\"@id\":\"https:\/\/caleine.com\/retirada-de-r-10-bilhoes-das-estatais-no-pldo\/#primaryimage\"},\"thumbnailUrl\":\"https:\/\/caleine.com\/wp-content\/uploads\/2025\/12\/1764964916615.png\",\"datePublished\":\"2025-12-05T20:02:01+00:00\",\"author\":{\"@id\":\"https:\/\/caleine.com\/#\/schema\/person\/62089e4cf4c613ce5c0f8a2f565a3bb6\"},\"breadcrumb\":{\"@id\":\"https:\/\/caleine.com\/retirada-de-r-10-bilhoes-das-estatais-no-pldo\/#breadcrumb\"},\"inLanguage\":\"pl-PL\",\"potentialAction\":[{\"@type\":\"ReadAction\",\"target\":[\"https:\/\/caleine.com\/retirada-de-r-10-bilhoes-das-estatais-no-pldo\/\"]}]},{\"@type\":\"ImageObject\",\"inLanguage\":\"pl-PL\",\"@id\":\"https:\/\/caleine.com\/retirada-de-r-10-bilhoes-das-estatais-no-pldo\/#primaryimage\",\"url\":\"https:\/\/caleine.com\/wp-content\/uploads\/2025\/12\/1764964916615.png\",\"contentUrl\":\"https:\/\/caleine.com\/wp-content\/uploads\/2025\/12\/1764964916615.png\",\"width\":1024,\"height\":624,\"caption\":\"undefined\"},{\"@type\":\"BreadcrumbList\",\"@id\":\"https:\/\/caleine.com\/retirada-de-r-10-bilhoes-das-estatais-no-pldo\/#breadcrumb\",\"itemListElement\":[{\"@type\":\"ListItem\",\"position\":1,\"name\":\"In\u00edcio\",\"item\":\"https:\/\/caleine.com\/\"},{\"@type\":\"ListItem\",\"position\":2,\"name\":\"Retirada de R$ 10 Bilh\u00f5es das Estatais no PLDO\"}]},{\"@type\":\"WebSite\",\"@id\":\"https:\/\/caleine.com\/#website\",\"url\":\"https:\/\/caleine.com\/\",\"name\":\"\",\"description\":\"Caleine\",\"potentialAction\":[{\"@type\":\"SearchAction\",\"target\":{\"@type\":\"EntryPoint\",\"urlTemplate\":\"https:\/\/caleine.com\/?s={search_term_string}\"},\"query-input\":{\"@type\":\"PropertyValueSpecification\",\"valueRequired\":true,\"valueName\":\"search_term_string\"}}],\"inLanguage\":\"pl-PL\"},{\"@type\":\"Person\",\"@id\":\"https:\/\/caleine.com\/#\/schema\/person\/62089e4cf4c613ce5c0f8a2f565a3bb6\",\"name\":\"Ana\",\"image\":{\"@type\":\"ImageObject\",\"inLanguage\":\"pl-PL\",\"@id\":\"https:\/\/caleine.com\/#\/schema\/person\/image\/\",\"url\":\"https:\/\/secure.gravatar.com\/avatar\/3b8d3239bbfabcc66532f32c73ae0a7615bc645b516dea668acc6760afea8a2c?s=96&d=mm&r=g\",\"contentUrl\":\"https:\/\/secure.gravatar.com\/avatar\/3b8d3239bbfabcc66532f32c73ae0a7615bc645b516dea668acc6760afea8a2c?s=96&d=mm&r=g\",\"caption\":\"Ana\"},\"url\":\"https:\/\/caleine.com\/pl\/author\/ana\/\"}]}<\/script>\n<!-- \/ Yoast SEO plugin. -->","yoast_head_json":{"title":"Retirada de R$ 10 Bilh\u00f5es das Estatais no PLDO -","robots":{"index":"index","follow":"follow","max-snippet":"max-snippet:-1","max-image-preview":"max-image-preview:large","max-video-preview":"max-video-preview:-1"},"canonical":"https:\/\/caleine.com\/pl\/retirada-de-r-10-bilhoes-das-estatais-no-pldo\/","og_locale":"pl_PL","og_type":"article","og_title":"Retirada de R$ 10 Bilh\u00f5es das Estatais no PLDO -","og_description":"Estatais Fiscais t\u00eam se tornado um tema central nas discuss\u00f5es sobre a sa\u00fade financeira do Brasil, especialmente com a recente retirada de R$ 10 bilh\u00f5es das estatais da meta fiscal para 2026. Esta decis\u00e3o foi tomada a pedido da equipe econ\u00f4mica, buscando prevenir um impacto significativo nas contas p\u00fablicas, em [&hellip;]","og_url":"https:\/\/caleine.com\/pl\/retirada-de-r-10-bilhoes-das-estatais-no-pldo\/","article_published_time":"2025-12-05T20:02:01+00:00","author":"Ana","twitter_card":"summary_large_image","twitter_misc":{"Napisane przez":"Ana","Szacowany czas czytania":"4 minuty"},"schema":{"@context":"https:\/\/schema.org","@graph":[{"@type":"WebPage","@id":"https:\/\/caleine.com\/retirada-de-r-10-bilhoes-das-estatais-no-pldo\/","url":"https:\/\/caleine.com\/retirada-de-r-10-bilhoes-das-estatais-no-pldo\/","name":"Retirada de R$ 10 Bilh\u00f5es das Estatais no PLDO -","isPartOf":{"@id":"https:\/\/caleine.com\/#website"},"primaryImageOfPage":{"@id":"https:\/\/caleine.com\/retirada-de-r-10-bilhoes-das-estatais-no-pldo\/#primaryimage"},"image":{"@id":"https:\/\/caleine.com\/retirada-de-r-10-bilhoes-das-estatais-no-pldo\/#primaryimage"},"thumbnailUrl":"https:\/\/caleine.com\/wp-content\/uploads\/2025\/12\/1764964916615.png","datePublished":"2025-12-05T20:02:01+00:00","author":{"@id":"https:\/\/caleine.com\/#\/schema\/person\/62089e4cf4c613ce5c0f8a2f565a3bb6"},"breadcrumb":{"@id":"https:\/\/caleine.com\/retirada-de-r-10-bilhoes-das-estatais-no-pldo\/#breadcrumb"},"inLanguage":"pl-PL","potentialAction":[{"@type":"ReadAction","target":["https:\/\/caleine.com\/retirada-de-r-10-bilhoes-das-estatais-no-pldo\/"]}]},{"@type":"ImageObject","inLanguage":"pl-PL","@id":"https:\/\/caleine.com\/retirada-de-r-10-bilhoes-das-estatais-no-pldo\/#primaryimage","url":"https:\/\/caleine.com\/wp-content\/uploads\/2025\/12\/1764964916615.png","contentUrl":"https:\/\/caleine.com\/wp-content\/uploads\/2025\/12\/1764964916615.png","width":1024,"height":624,"caption":"undefined"},{"@type":"BreadcrumbList","@id":"https:\/\/caleine.com\/retirada-de-r-10-bilhoes-das-estatais-no-pldo\/#breadcrumb","itemListElement":[{"@type":"ListItem","position":1,"name":"In\u00edcio","item":"https:\/\/caleine.com\/"},{"@type":"ListItem","position":2,"name":"Retirada de R$ 10 Bilh\u00f5es das Estatais no PLDO"}]},{"@type":"WebSite","@id":"https:\/\/caleine.com\/#website","url":"https:\/\/caleine.com\/","name":"","description":"Caleine","potentialAction":[{"@type":"SearchAction","target":{"@type":"EntryPoint","urlTemplate":"https:\/\/caleine.com\/?s={search_term_string}"},"query-input":{"@type":"PropertyValueSpecification","valueRequired":true,"valueName":"search_term_string"}}],"inLanguage":"pl-PL"},{"@type":"Person","@id":"https:\/\/caleine.com\/#\/schema\/person\/62089e4cf4c613ce5c0f8a2f565a3bb6","name":"Ana","image":{"@type":"ImageObject","inLanguage":"pl-PL","@id":"https:\/\/caleine.com\/#\/schema\/person\/image\/","url":"https:\/\/secure.gravatar.com\/avatar\/3b8d3239bbfabcc66532f32c73ae0a7615bc645b516dea668acc6760afea8a2c?s=96&d=mm&r=g","contentUrl":"https:\/\/secure.gravatar.com\/avatar\/3b8d3239bbfabcc66532f32c73ae0a7615bc645b516dea668acc6760afea8a2c?s=96&d=mm&r=g","caption":"Ana"},"url":"https:\/\/caleine.com\/pl\/author\/ana\/"}]}},"_links":{"self":[{"href":"https:\/\/caleine.com\/pl\/wp-json\/wp\/v2\/posts\/2259","targetHints":{"allow":["GET"]}}],"collection":[{"href":"https:\/\/caleine.com\/pl\/wp-json\/wp\/v2\/posts"}],"about":[{"href":"https:\/\/caleine.com\/pl\/wp-json\/wp\/v2\/types\/post"}],"author":[{"embeddable":true,"href":"https:\/\/caleine.com\/pl\/wp-json\/wp\/v2\/users\/12"}],"replies":[{"embeddable":true,"href":"https:\/\/caleine.com\/pl\/wp-json\/wp\/v2\/comments?post=2259"}],"version-history":[{"count":0,"href":"https:\/\/caleine.com\/pl\/wp-json\/wp\/v2\/posts\/2259\/revisions"}],"wp:featuredmedia":[{"embeddable":true,"href":"https:\/\/caleine.com\/pl\/wp-json\/wp\/v2\/media\/2258"}],"wp:attachment":[{"href":"https:\/\/caleine.com\/pl\/wp-json\/wp\/v2\/media?parent=2259"}],"wp:term":[{"taxonomy":"category","embeddable":true,"href":"https:\/\/caleine.com\/pl\/wp-json\/wp\/v2\/categories?post=2259"},{"taxonomy":"post_tag","embeddable":true,"href":"https:\/\/caleine.com\/pl\/wp-json\/wp\/v2\/tags?post=2259"}],"curies":[{"name":"wp","href":"https:\/\/api.w.org\/{rel}","templated":true}]}}