{"id":2309,"date":"2025-12-12T17:04:55","date_gmt":"2025-12-12T20:04:55","guid":{"rendered":"https:\/\/caleine.com\/sistema-nacional-de-governanca-em-inteligencia-artificial\/"},"modified":"2025-12-12T17:04:55","modified_gmt":"2025-12-12T20:04:55","slug":"sistema-nacional-de-governanca-em-inteligencia-artificial","status":"publish","type":"post","link":"https:\/\/caleine.com\/ro\/sistema-nacional-de-governanca-em-inteligencia-artificial\/","title":{"rendered":"Sistema Nacional de Governan\u00e7a em Intelig\u00eancia Artificial"},"content":{"rendered":"<p><strong>Governan\u00e7a Intelig\u00eancia<\/strong> \u00e9 um aspecto crucial na discuss\u00e3o contempor\u00e2nea sobre o uso e regulamenta\u00e7\u00e3o da intelig\u00eancia artificial no Brasil.<\/p>\n<p>O Projeto de Lei que estabelece o Sistema Nacional para Desenvolvimento, Regula\u00e7\u00e3o e Governan\u00e7a de Intelig\u00eancia Artificial (SIA) surge como uma solu\u00e7\u00e3o para corrigir o v\u00edcio de iniciativa do PL 2338\/2023 e redefine o papel da ANPD, transferindo compet\u00eancias ao Executivo.<\/p>\n<p>Neste artigo, exploraremos as implica\u00e7\u00f5es dessa proposta, suas intera\u00e7\u00f5es com o Congresso e o impacto potencial na estrat\u00e9gia nacional de IA, focando no desenvolvimento econ\u00f4mico, inclus\u00e3o social e na soberania digital.<\/p>\n<p><\/strong><\/p>\n<h2>Cria\u00e7\u00e3o do Sistema Nacional de Intelig\u00eancia Artificial (SIA)<\/h2>\n<p>O <strong>SIA<\/strong>, ou Sistema Nacional para Desenvolvimento, Regula\u00e7\u00e3o e Governan\u00e7a de Intelig\u00eancia Artificial, surge como resposta \u00e0 necessidade de um arcabou\u00e7o institucional robusto no Brasil, capaz de coordenar diretrizes e normas t\u00e9cnicas para o uso respons\u00e1vel de intelig\u00eancia artificial.<\/p>\n<p>Este sistema \u00e9 uma evolu\u00e7\u00e3o a partir dos di\u00e1logos entre o Executivo e o Legislativo, visando a cria\u00e7\u00e3o de uma estrutura que respeite a constitucionalidade e que promova uma regula\u00e7\u00e3o de IA mais eficaz e coordenada.<\/p>\n<p>Esse entendimento m\u00fatuo permitiu a supera\u00e7\u00e3o do impasse jur\u00eddico gerado pelo projeto de marco regulat\u00f3rio anterior, o qual delegava compet\u00eancias de forma inadequada.<\/p>\n<p>Al\u00e9m disso, o novo projeto procura evitar o engessamento normativo, deixando de fora discuss\u00f5es sobre restri\u00e7\u00f5es ou aplica\u00e7\u00f5es de alto risco, que s\u00e3o tratadas separadamente no Congresso.<\/p>\n<p>Como descrito pela mensagem <a href=\"https:\/\/www.camara.leg.br\/proposicoesWeb\/prop_mostrarintegra?codteor=3063060&#038;filename=PL%206237\/2025\" alt=\"PL 6237\/2025 na C\u00e2mara dos Deputados\">PL 6237\/2025<\/a>, sua cria\u00e7\u00e3o \u00e9 fundamental para o ordenamento constitucional e a promo\u00e7\u00e3o de um ambiente tecnol\u00f3gico de confian\u00e7a.<\/p>\n<p>Paralelamente, visa-se que o <strong>SIA<\/strong> desempenhe um papel crucial no avan\u00e7o tecnol\u00f3gico do Brasil, atuando como catalisador do desenvolvimento econ\u00f4mico, da inclus\u00e3o social e da soberania digital.<\/p>\n<p>A relev\u00e2ncia deste sistema est\u00e1 diretamente relacionada \u00e0 capacidade de harmonizar padr\u00f5es de seguran\u00e7a e promover a coopera\u00e7\u00e3o institucional entre os diversos atores envolvidos no ecossistema de intelig\u00eancia artificial.<\/p>\n<p>Desta forma, o <strong>SIA<\/strong> n\u00e3o apenas regula, mas tamb\u00e9m incentiva a inova\u00e7\u00e3o e o investimento em infraestrutura tecnol\u00f3gica, promovendo o fortalecimento das capacidades nacionais no cen\u00e1rio global de tecnologia.<\/p>\n<p>A proposta deste novo sistema pretende n\u00e3o s\u00f3 criar diretrizes e pol\u00edticas nacionais de <a href=\"https:\/\/consumidormoderno.com.br\/sia-regulacao-ia-consumidor\/\" alt=\"saiba como a nova regula\u00e7\u00e3o afeta o consumidor\">IA<\/a>, mas tamb\u00e9m fomentar uma governan\u00e7a que assegure um futuro digital inclusivo e sustent\u00e1vel para o pa\u00eds.<\/p>\n<p>Assim, o <strong>SIA<\/strong> emerge como pe\u00e7a chave na estrat\u00e9gia nacional para integrar a intelig\u00eancia artificial de forma segura e vantajosa para todos os brasileiros.<\/p>\n<h2>Supera\u00e7\u00e3o do v\u00edcio de iniciativa no PL 2338\/2023<\/h2>\n<p>No \u00e2mbito do <strong>Projeto de Lei<\/strong> 2338\/2023, o v\u00edcio de iniciativa emerge como uma quest\u00e3o central.<\/p>\n<p>Este problema se origina da atribui\u00e7\u00e3o indevida de compet\u00eancias \u00e0 ANPD, que deveria ser uma prerrogativa exclusiva do Poder Executivo.<\/p>\n<p>Tal atribui\u00e7\u00e3o quebra a harmonia constitucional que exige que a iniciativa de leis que criam ou atribuem fun\u00e7\u00f5es e estruturas \u00e0s entidades do Executivo deve ser proposta pelo pr\u00f3prio Executivo.<\/p>\n<p>Assim, ao delegar frontalmente essas fun\u00e7\u00f5es \u00e0 ANPD, o PL 2338\/2023 confronta diretamente o arcabou\u00e7o legal estabelecido.<\/p>\n<p>O impacto desta situa\u00e7\u00e3o torna-se ainda mais evidente quando consideramos que a Ag\u00eancia Nacional de Prote\u00e7\u00e3o de Dados, segundo a <u><strong>Constitui\u00e7\u00e3o<\/strong><\/u>, n\u00e3o det\u00e9m a autonomia para regulamentar aspectos relacionados \u00e0 governan\u00e7a e ao desenvolvimento da intelig\u00eancia artificial sem o devido encaminhamento executivo.<\/p>\n<p>Como apontado por especialistas, &#8220;a correta delega\u00e7\u00e3o de compet\u00eancias \u00e9 crucial para manter a integridade do processo legislativo&#8221;.<\/p>\n<p>Dessa forma, a cl\u00e1ssica separa\u00e7\u00e3o de poderes \u00e9 respeitada, assegurando que a formula\u00e7\u00e3o normativa decorra de um processo legislativo adequado e leg\u00edtimo.<\/p>\n<p>O v\u00edcio de iniciativa no PL 2338\/2023 evidencia a necessidade de uma revis\u00e3o cuidadosa do processo de atribui\u00e7\u00e3o de fun\u00e7\u00f5es entre os \u00f3rg\u00e3os governamentais.<\/p>\n<p>Para justificar a corre\u00e7\u00e3o desse v\u00edcio, o governo prop\u00f4s a cria\u00e7\u00e3o do <a href=\"https:\/\/sindpd-mt.org.br\/projeto-lei-bases-governanca-inteligencia-artificial-pais\/\" alt=\"PL de Governan\u00e7a para IA\">Sistema Nacional para Desenvolvimento, Regula\u00e7\u00e3o e Governan\u00e7a de Intelig\u00eancia Artificial<\/a>, que corrige essa falha integrando a ANPD corretamente dentro das compet\u00eancias estipuladas pelo Executivo.<\/p>\n<p>Esta abordagem visa garantir n\u00e3o apenas um ordenamento jur\u00eddico alinhado \u00e0s necessidades contempor\u00e2neas, mas tamb\u00e9m garantir o desenvolvimento econ\u00f4mico e a inclus\u00e3o digital, respeitando a soberania nacional.<\/p>\n<h2>Temas de alto risco e restri\u00e7\u00f5es em debate separado<\/h2>\n<p>No debate cont\u00ednuo sobre intelig\u00eancia artificial no Congresso, as restri\u00e7\u00f5es e aplica\u00e7\u00f5es de alto risco est\u00e3o recebendo aten\u00e7\u00e3o separada do Projeto de Lei do Sistema Nacional para Desenvolvimento, Regula\u00e7\u00e3o e Governan\u00e7a de Intelig\u00eancia Artificial (SIA).<\/p>\n<p>Diferente do SIA, estas preocupa\u00e7\u00f5es est\u00e3o sendo analisadas de forma aut\u00f4noma, refletindo a necessidade de regulamentos espec\u00edficos e detalhados.<\/p>\n<p>A import\u00e2ncia desses debates est\u00e1 em garantir que a tecnologia seja usada de forma \u00e9tica e segura.<\/p>\n<p>Entre os principais exemplos discutidos est\u00e3o:<\/p>\n<ul>\n<li><u>Sistemas de reconhecimento facial em espa\u00e7os p\u00fablicos<\/u><\/li>\n<li><u>Aplica\u00e7\u00f5es de IA na seguran\u00e7a p\u00fablica<\/u>, conforme discutido recentemente na <a href=\"https:\/\/telesintese.com.br\/camara-discute-uso-da-inteligencia-artificial-na-seguranca-publica-e-riscos-de-identificacao-indevida\/\" alt=\"Uso da Intelig\u00eancia Artificial na Seguran\u00e7a P\u00fablica\">C\u00e2mara dos Deputados<\/a><\/li>\n<li><u>Desenvolvimento de algoritmos decis\u00f3rios no setor jur\u00eddico<\/u>, exigindo <strong>supervis\u00e3o humana permanente<\/strong><\/li>\n<li>Sistemas aut\u00f4nomos de IA aplicados em sa\u00fade, onde um erro pode levar a consequ\u00eancias fatais.<\/li>\n<\/ul>\n<h2>Garantia de constitucionalidade e coopera\u00e7\u00e3o entre Poderes<\/h2>\n<p>O projeto do Sistema Nacional para Desenvolvimento, Regula\u00e7\u00e3o e Governan\u00e7a de Intelig\u00eancia Artificial (SIA) demonstra uma forte inten\u00e7\u00e3o de se alinhar \u00e0s exig\u00eancias constitucionais por meio de uma colabora\u00e7\u00e3o eficaz entre os Poderes Executivo e Legislativo.<\/p>\n<p>Esse di\u00e1logo interinstitucional garante que os aspectos legais e administrativos do projeto sejam considerados de forma abrangente, promovendo uma abordagem conjunta que fortalece sua constitucionalidade.<\/p>\n<p>Tal coopera\u00e7\u00e3o visa superar o v\u00edcio de iniciativa presente no projeto anterior, o que ressalta a import\u00e2ncia de uma comunica\u00e7\u00e3o clara e cont\u00ednua entre os Poderes.<\/p>\n<p>Esse processo colaborativo, como reflete o projeto, n\u00e3o apenas fortalece a legitimidade da proposta, mas tamb\u00e9m promove <strong>seguran\u00e7a jur\u00eddica<\/strong> e refor\u00e7a a confian\u00e7a do p\u00fablico na implementa\u00e7\u00e3o do SIA.<\/p>\n<p>Esse interc\u00e2mbio cont\u00ednuo entre os Poderes reflete a relev\u00e2ncia de uma \u201charmonia entre os Poderes\u201d onde a contribui\u00e7\u00e3o de cada um \u00e9 essencial para assegurar um governo eficaz e fiel \u00e0 Constitui\u00e7\u00e3o.<\/p>\n<p>O projeto \u00e9 fruto de um di\u00e1logo que considera os interesses de desenvolvimento econ\u00f4mico, inclus\u00e3o social e soberania digital, elementos que s\u00e3o cr\u00edticos na promo\u00e7\u00e3o de uma estrutura legal robusta e adapt\u00e1vel.<\/p>\n<p>Esse esfor\u00e7o conjunto \u00e9 crucial para uma governan\u00e7a eficiente que n\u00e3o s\u00f3 respeita a Constitui\u00e7\u00e3o, mas tamb\u00e9m agiliza a inova\u00e7\u00e3o atrav\u00e9s de uma interface cont\u00ednua entre governan\u00e7a e tecnologia.<\/p>\n<p>Para mais detalhes sobre a proposta, visite o <a href=\"https:\/\/www.cnnbrasil.com.br\/politica\/governo-manda-ao-congresso-projeto-para-governanca-de-ia\/\" alt=\"Projeto de Governan\u00e7a de IA do governo\">Projeto de Governan\u00e7a de IA do Governo<\/a>.<\/p>\n<h2>Modelo de governan\u00e7a para uso estrat\u00e9gico da IA<\/h2>\n<p>O modelo de governan\u00e7a proposto para o uso estrat\u00e9gico da intelig\u00eancia artificial se fundamenta na promo\u00e7\u00e3o de um desenvolvimento econ\u00f4mico sustent\u00e1vel e inclusivo.<\/p>\n<p>Este modelo busca garantir que as inova\u00e7\u00f5es tecnol\u00f3gicas sejam acess\u00edveis a todos os segmentos da sociedade, contribuindo para a redu\u00e7\u00e3o das desigualdades sociais e a inclus\u00e3o digital.<\/p>\n<p>Al\u00e9m disso, a proposta visa assegurar a soberania digital do pa\u00eds, definindo crit\u00e9rios e mecanismos que permitam a gest\u00e3o respons\u00e1vel e \u00e9tica da intelig\u00eancia artificial.<\/p>\n<h2>Defini\u00e7\u00e3o de crit\u00e9rios e mecanismos pelo Congresso Nacional<\/h2>\n<p>Os crit\u00e9rios de governan\u00e7a e regula\u00e7\u00e3o do SIA ser\u00e3o cuidadosamente detalhados pelo Congresso Nacional, garantindo que cada aspecto do sistema atenda \u00e0s necessidades do desenvolvimento econ\u00f4mico e da inclus\u00e3o social.<\/p>\n<p>Esse processo legislativo \u00e9 crucial, pois permite que as decis\u00f5es sejam tomadas de forma transparente e democr\u00e1tica.<\/p>\n<p>Com a participa\u00e7\u00e3o ativa dos parlamentares, o Congresso desempenhar\u00e1 um papel vital na formula\u00e7\u00e3o dessas diretrizes, assegurando que os mecanismos adotados promovam soberania digital eficaz.<\/p>\n<p>Al\u00e9m disso, a influ\u00eancia parlamentar assegura que os interesses coletivos sejam priorizados.<\/p>\n<p><u><strong>Compet\u00eancia legislativa essencial<\/strong><\/u> \u00e9 imprescind\u00edvel para o sucesso do SIA.<\/p>\n<p><strong>Governan\u00e7a Intelig\u00eancia<\/strong> \u00e9 vital para direcionar a intelig\u00eancia artificial de maneira \u00e9tica e estrat\u00e9gica no Brasil.<\/p>\n<p>A proposta do SIA, ao buscar di\u00e1logo entre os Poderes e promover crit\u00e9rios legislativos, representa um passo significativo rumo a um futuro mais inclusivo e soberano em tecnologia.<\/p>","protected":false},"excerpt":{"rendered":"<p>Governan\u00e7a Intelig\u00eancia \u00e9 um aspecto crucial na discuss\u00e3o contempor\u00e2nea sobre o uso e regulamenta\u00e7\u00e3o da intelig\u00eancia artificial no Brasil. O Projeto de Lei que estabelece o Sistema Nacional para Desenvolvimento, Regula\u00e7\u00e3o e Governan\u00e7a de Intelig\u00eancia Artificial (SIA) surge como uma solu\u00e7\u00e3o para corrigir o v\u00edcio de iniciativa do PL 2338\/2023 [&hellip;]<\/p>","protected":false},"author":12,"featured_media":2308,"comment_status":"open","ping_status":"open","sticky":false,"template":"","format":"standard","meta":{"footnotes":""},"categories":[737],"tags":[1901,1902,414],"class_list":["post-2309","post","type-post","status-publish","format-standard","has-post-thumbnail","hentry","category-financa","tag-desenvolvimento-economico","tag-governanca","tag-inteligencia-artificial"],"yoast_head":"<!-- This site is optimized with the Yoast SEO plugin v24.5 - https:\/\/yoast.com\/wordpress\/plugins\/seo\/ -->\n<title>Sistema Nacional de Governan\u00e7a em Intelig\u00eancia Artificial -<\/title>\n<meta name=\"robots\" content=\"index, follow, max-snippet:-1, max-image-preview:large, max-video-preview:-1\" \/>\n<link rel=\"canonical\" href=\"https:\/\/caleine.com\/ro\/sistema-nacional-de-governanca-em-inteligencia-artificial\/\" \/>\n<meta property=\"og:locale\" content=\"ro_RO\" \/>\n<meta property=\"og:type\" content=\"article\" \/>\n<meta property=\"og:title\" content=\"Sistema Nacional de Governan\u00e7a em Intelig\u00eancia Artificial -\" \/>\n<meta property=\"og:description\" content=\"Governan\u00e7a Intelig\u00eancia \u00e9 um aspecto crucial na discuss\u00e3o contempor\u00e2nea sobre o uso e regulamenta\u00e7\u00e3o da intelig\u00eancia artificial no Brasil. O Projeto de Lei que estabelece o Sistema Nacional para Desenvolvimento, Regula\u00e7\u00e3o e Governan\u00e7a de Intelig\u00eancia Artificial (SIA) surge como uma solu\u00e7\u00e3o para corrigir o v\u00edcio de iniciativa do PL 2338\/2023 [&hellip;]\" \/>\n<meta property=\"og:url\" content=\"https:\/\/caleine.com\/ro\/sistema-nacional-de-governanca-em-inteligencia-artificial\/\" \/>\n<meta property=\"article:published_time\" content=\"2025-12-12T20:04:55+00:00\" \/>\n<meta name=\"author\" content=\"Ana\" \/>\n<meta name=\"twitter:card\" content=\"summary_large_image\" \/>\n<meta name=\"twitter:label1\" content=\"Scris de\" \/>\n\t<meta name=\"twitter:data1\" content=\"Ana\" \/>\n\t<meta name=\"twitter:label2\" content=\"Timp estimat pentru citire\" \/>\n\t<meta name=\"twitter:data2\" content=\"7 minute\" \/>\n<script type=\"application\/ld+json\" class=\"yoast-schema-graph\">{\"@context\":\"https:\/\/schema.org\",\"@graph\":[{\"@type\":\"WebPage\",\"@id\":\"https:\/\/caleine.com\/sistema-nacional-de-governanca-em-inteligencia-artificial\/\",\"url\":\"https:\/\/caleine.com\/sistema-nacional-de-governanca-em-inteligencia-artificial\/\",\"name\":\"Sistema Nacional de Governan\u00e7a em Intelig\u00eancia Artificial -\",\"isPartOf\":{\"@id\":\"https:\/\/caleine.com\/#website\"},\"primaryImageOfPage\":{\"@id\":\"https:\/\/caleine.com\/sistema-nacional-de-governanca-em-inteligencia-artificial\/#primaryimage\"},\"image\":{\"@id\":\"https:\/\/caleine.com\/sistema-nacional-de-governanca-em-inteligencia-artificial\/#primaryimage\"},\"thumbnailUrl\":\"https:\/\/caleine.com\/wp-content\/uploads\/2025\/12\/1765569890987.png\",\"datePublished\":\"2025-12-12T20:04:55+00:00\",\"author\":{\"@id\":\"https:\/\/caleine.com\/#\/schema\/person\/62089e4cf4c613ce5c0f8a2f565a3bb6\"},\"breadcrumb\":{\"@id\":\"https:\/\/caleine.com\/sistema-nacional-de-governanca-em-inteligencia-artificial\/#breadcrumb\"},\"inLanguage\":\"ro-RO\",\"potentialAction\":[{\"@type\":\"ReadAction\",\"target\":[\"https:\/\/caleine.com\/sistema-nacional-de-governanca-em-inteligencia-artificial\/\"]}]},{\"@type\":\"ImageObject\",\"inLanguage\":\"ro-RO\",\"@id\":\"https:\/\/caleine.com\/sistema-nacional-de-governanca-em-inteligencia-artificial\/#primaryimage\",\"url\":\"https:\/\/caleine.com\/wp-content\/uploads\/2025\/12\/1765569890987.png\",\"contentUrl\":\"https:\/\/caleine.com\/wp-content\/uploads\/2025\/12\/1765569890987.png\",\"width\":1024,\"height\":624,\"caption\":\"Imagem representativa do Sistema Nacional para Desenvolvimento e Governan\u00e7a de Intelig\u00eancia Artificial, destacando a import\u00e2ncia da regula\u00e7\u00e3o e uso estrat\u00e9gico da IA.\"},{\"@type\":\"BreadcrumbList\",\"@id\":\"https:\/\/caleine.com\/sistema-nacional-de-governanca-em-inteligencia-artificial\/#breadcrumb\",\"itemListElement\":[{\"@type\":\"ListItem\",\"position\":1,\"name\":\"In\u00edcio\",\"item\":\"https:\/\/caleine.com\/\"},{\"@type\":\"ListItem\",\"position\":2,\"name\":\"Sistema Nacional de Governan\u00e7a em Intelig\u00eancia Artificial\"}]},{\"@type\":\"WebSite\",\"@id\":\"https:\/\/caleine.com\/#website\",\"url\":\"https:\/\/caleine.com\/\",\"name\":\"\",\"description\":\"Caleine\",\"potentialAction\":[{\"@type\":\"SearchAction\",\"target\":{\"@type\":\"EntryPoint\",\"urlTemplate\":\"https:\/\/caleine.com\/?s={search_term_string}\"},\"query-input\":{\"@type\":\"PropertyValueSpecification\",\"valueRequired\":true,\"valueName\":\"search_term_string\"}}],\"inLanguage\":\"ro-RO\"},{\"@type\":\"Person\",\"@id\":\"https:\/\/caleine.com\/#\/schema\/person\/62089e4cf4c613ce5c0f8a2f565a3bb6\",\"name\":\"Ana\",\"image\":{\"@type\":\"ImageObject\",\"inLanguage\":\"ro-RO\",\"@id\":\"https:\/\/caleine.com\/#\/schema\/person\/image\/\",\"url\":\"https:\/\/secure.gravatar.com\/avatar\/3b8d3239bbfabcc66532f32c73ae0a7615bc645b516dea668acc6760afea8a2c?s=96&d=mm&r=g\",\"contentUrl\":\"https:\/\/secure.gravatar.com\/avatar\/3b8d3239bbfabcc66532f32c73ae0a7615bc645b516dea668acc6760afea8a2c?s=96&d=mm&r=g\",\"caption\":\"Ana\"},\"url\":\"https:\/\/caleine.com\/ro\/author\/ana\/\"}]}<\/script>\n<!-- \/ Yoast SEO plugin. -->","yoast_head_json":{"title":"Sistema Nacional de Governan\u00e7a em Intelig\u00eancia Artificial -","robots":{"index":"index","follow":"follow","max-snippet":"max-snippet:-1","max-image-preview":"max-image-preview:large","max-video-preview":"max-video-preview:-1"},"canonical":"https:\/\/caleine.com\/ro\/sistema-nacional-de-governanca-em-inteligencia-artificial\/","og_locale":"ro_RO","og_type":"article","og_title":"Sistema Nacional de Governan\u00e7a em Intelig\u00eancia Artificial -","og_description":"Governan\u00e7a Intelig\u00eancia \u00e9 um aspecto crucial na discuss\u00e3o contempor\u00e2nea sobre o uso e regulamenta\u00e7\u00e3o da intelig\u00eancia artificial no Brasil. O Projeto de Lei que estabelece o Sistema Nacional para Desenvolvimento, Regula\u00e7\u00e3o e Governan\u00e7a de Intelig\u00eancia Artificial (SIA) surge como uma solu\u00e7\u00e3o para corrigir o v\u00edcio de iniciativa do PL 2338\/2023 [&hellip;]","og_url":"https:\/\/caleine.com\/ro\/sistema-nacional-de-governanca-em-inteligencia-artificial\/","article_published_time":"2025-12-12T20:04:55+00:00","author":"Ana","twitter_card":"summary_large_image","twitter_misc":{"Scris de":"Ana","Timp estimat pentru citire":"7 minute"},"schema":{"@context":"https:\/\/schema.org","@graph":[{"@type":"WebPage","@id":"https:\/\/caleine.com\/sistema-nacional-de-governanca-em-inteligencia-artificial\/","url":"https:\/\/caleine.com\/sistema-nacional-de-governanca-em-inteligencia-artificial\/","name":"Sistema Nacional de Governan\u00e7a em Intelig\u00eancia Artificial -","isPartOf":{"@id":"https:\/\/caleine.com\/#website"},"primaryImageOfPage":{"@id":"https:\/\/caleine.com\/sistema-nacional-de-governanca-em-inteligencia-artificial\/#primaryimage"},"image":{"@id":"https:\/\/caleine.com\/sistema-nacional-de-governanca-em-inteligencia-artificial\/#primaryimage"},"thumbnailUrl":"https:\/\/caleine.com\/wp-content\/uploads\/2025\/12\/1765569890987.png","datePublished":"2025-12-12T20:04:55+00:00","author":{"@id":"https:\/\/caleine.com\/#\/schema\/person\/62089e4cf4c613ce5c0f8a2f565a3bb6"},"breadcrumb":{"@id":"https:\/\/caleine.com\/sistema-nacional-de-governanca-em-inteligencia-artificial\/#breadcrumb"},"inLanguage":"ro-RO","potentialAction":[{"@type":"ReadAction","target":["https:\/\/caleine.com\/sistema-nacional-de-governanca-em-inteligencia-artificial\/"]}]},{"@type":"ImageObject","inLanguage":"ro-RO","@id":"https:\/\/caleine.com\/sistema-nacional-de-governanca-em-inteligencia-artificial\/#primaryimage","url":"https:\/\/caleine.com\/wp-content\/uploads\/2025\/12\/1765569890987.png","contentUrl":"https:\/\/caleine.com\/wp-content\/uploads\/2025\/12\/1765569890987.png","width":1024,"height":624,"caption":"Imagem representativa do Sistema Nacional para Desenvolvimento e Governan\u00e7a de Intelig\u00eancia Artificial, destacando a import\u00e2ncia da regula\u00e7\u00e3o e uso estrat\u00e9gico da IA."},{"@type":"BreadcrumbList","@id":"https:\/\/caleine.com\/sistema-nacional-de-governanca-em-inteligencia-artificial\/#breadcrumb","itemListElement":[{"@type":"ListItem","position":1,"name":"In\u00edcio","item":"https:\/\/caleine.com\/"},{"@type":"ListItem","position":2,"name":"Sistema Nacional de Governan\u00e7a em Intelig\u00eancia Artificial"}]},{"@type":"WebSite","@id":"https:\/\/caleine.com\/#website","url":"https:\/\/caleine.com\/","name":"","description":"Caleine","potentialAction":[{"@type":"SearchAction","target":{"@type":"EntryPoint","urlTemplate":"https:\/\/caleine.com\/?s={search_term_string}"},"query-input":{"@type":"PropertyValueSpecification","valueRequired":true,"valueName":"search_term_string"}}],"inLanguage":"ro-RO"},{"@type":"Person","@id":"https:\/\/caleine.com\/#\/schema\/person\/62089e4cf4c613ce5c0f8a2f565a3bb6","name":"Ana","image":{"@type":"ImageObject","inLanguage":"ro-RO","@id":"https:\/\/caleine.com\/#\/schema\/person\/image\/","url":"https:\/\/secure.gravatar.com\/avatar\/3b8d3239bbfabcc66532f32c73ae0a7615bc645b516dea668acc6760afea8a2c?s=96&d=mm&r=g","contentUrl":"https:\/\/secure.gravatar.com\/avatar\/3b8d3239bbfabcc66532f32c73ae0a7615bc645b516dea668acc6760afea8a2c?s=96&d=mm&r=g","caption":"Ana"},"url":"https:\/\/caleine.com\/ro\/author\/ana\/"}]}},"_links":{"self":[{"href":"https:\/\/caleine.com\/ro\/wp-json\/wp\/v2\/posts\/2309","targetHints":{"allow":["GET"]}}],"collection":[{"href":"https:\/\/caleine.com\/ro\/wp-json\/wp\/v2\/posts"}],"about":[{"href":"https:\/\/caleine.com\/ro\/wp-json\/wp\/v2\/types\/post"}],"author":[{"embeddable":true,"href":"https:\/\/caleine.com\/ro\/wp-json\/wp\/v2\/users\/12"}],"replies":[{"embeddable":true,"href":"https:\/\/caleine.com\/ro\/wp-json\/wp\/v2\/comments?post=2309"}],"version-history":[{"count":0,"href":"https:\/\/caleine.com\/ro\/wp-json\/wp\/v2\/posts\/2309\/revisions"}],"wp:featuredmedia":[{"embeddable":true,"href":"https:\/\/caleine.com\/ro\/wp-json\/wp\/v2\/media\/2308"}],"wp:attachment":[{"href":"https:\/\/caleine.com\/ro\/wp-json\/wp\/v2\/media?parent=2309"}],"wp:term":[{"taxonomy":"category","embeddable":true,"href":"https:\/\/caleine.com\/ro\/wp-json\/wp\/v2\/categories?post=2309"},{"taxonomy":"post_tag","embeddable":true,"href":"https:\/\/caleine.com\/ro\/wp-json\/wp\/v2\/tags?post=2309"}],"curies":[{"name":"wp","href":"https:\/\/api.w.org\/{rel}","templated":true}]}}