{"id":1337,"date":"2025-07-18T17:01:53","date_gmt":"2025-07-18T20:01:53","guid":{"rendered":"https:\/\/caleine.com\/festa-de-aniversario-de-lamine-yamal-causa-polemica\/"},"modified":"2025-07-18T17:01:53","modified_gmt":"2025-07-18T20:01:53","slug":"festa-de-aniversario-de-lamine-yamal-causa-polemica","status":"publish","type":"post","link":"https:\/\/caleine.com\/sr\/festa-de-aniversario-de-lamine-yamal-causa-polemica\/","title":{"rendered":"Festa de Anivers\u00e1rio de Lamine Yamal Causa Pol\u00eamica"},"content":{"rendered":"<p><strong>Festa Pol\u00eamica<\/strong> marca o 18\u00ba anivers\u00e1rio de Lamine Yamal, onde a contrata\u00e7\u00e3o de pessoas com nanismo para entretenimento gerou grande controv\u00e9rsia na Espanha.<\/p>\n<p>Este evento levanta quest\u00f5es sobre o que \u00e9 aceit\u00e1vel em celebra\u00e7\u00f5es pessoais e toca em temas de direitos humanos e respeito \u00e0 diversidade.<\/p>\n<p>O pai de Yamal defendeu seu filho, destacando o direito de viver a adolesc\u00eancia plenamente, enquanto a preocupa\u00e7\u00e3o da m\u00e3e com o comportamento do jovem durante as f\u00e9rias adiciona mais complexidade \u00e0 situa\u00e7\u00e3o.<\/p>\n<p>Claudia Calvo, uma modelo convidada, tamb\u00e9m trouxe \u00e0 tona as exig\u00eancias espec\u00edficas que envolviam a festa, intensificando o debate sobre o que \u00e9 considerado apropriado na sociedade atual.<\/p>\n<h2>Festa de 18 Anos de Lamine Yamal e a Pol\u00eamica da Contrata\u00e7\u00e3o<\/h2>\n<p>Lamine Yamal recentemente celebrou seu anivers\u00e1rio de 18 anos com uma festa que rapidamente se tornou o centro de um intenso debate p\u00fablico.<\/p>\n<p>Durante o evento, ele optou por contratar pessoas com nanismo para entretenimento, uma decis\u00e3o que encontrou resist\u00eancia e cr\u00edtica, visto que <u>esta pr\u00e1tica \u00e9 considerada ilegal na Espanha<\/u>.<\/p>\n<p>Este incidente causou como\u00e7\u00e3o, com v\u00e1rias entidades mostrando-se preocupadas com o tratamento dado a pessoas com nanismo, motivando inclusive pedidos de investiga\u00e7\u00e3o pelo governo.<\/p>\n<p>A presen\u00e7a de elementos como a tem\u00e1tica g\u00e2ngster e exig\u00eancias peculiares para as convidadas contribuiu para a controv\u00e9rsia em torno da festa, at\u00e9 mesmo atraindo a aten\u00e7\u00e3o de artistas e ativistas.<\/p>\n<blockquote><p><strong>Importante destacar que<\/strong>, enquanto o pai de Yamal defendeu o direito do jovem de viver como qualquer outro da sua idade, <u>a m\u00e3e expressou preocupa\u00e7\u00f5es<\/u> sobre o comportamento do filho durante as folgas.<\/p>\n<\/blockquote>\n<table>\n<tr>\n<th>Ato<\/th>\n<th>Base Legal<\/th>\n<th>Poss\u00edveis Penalidades<\/th>\n<\/tr>\n<tr>\n<td>Contrata\u00e7\u00e3o de pessoas com nanismo<\/td>\n<td>Ilegal (Conforme lei espanhola de prote\u00e7\u00e3o aos direitos das pessoas com defici\u00eancia)<\/td>\n<td>Investiga\u00e7\u00e3o e poss\u00edveis san\u00e7\u00f5es legais<\/td>\n<\/tr>\n<\/table>\n<h2>Defesa do Pai: O Direito de Viver a Juventude<\/h2>\n<p>Nas declara\u00e7\u00f5es feitas pelo pai de Lamine Yamal, ele expressa uma defesa apaixonada e comovente do direito do filho de viver sua juventude plenamente.<\/p>\n<p>Em meio \u00e0 pol\u00eamica causada pela festa de anivers\u00e1rio de Yamal, o pai se pronunciou firme.<\/p>\n<p>&#8220;<u><strong>Meu filho tem direito de ser jovem<\/strong><\/u>&#8220;, disse ele em tom assertivo, ressaltando que, assim como qualquer outro jovem de 18 anos, Lamine tem o direito de desfrutar dos momentos prazerosos da vida.<\/p>\n<p>&#8220;Passamos tanto tempo preocupados com o que os outros pensam que esquecemos de viver&#8221;, ele comentou, destacando que, para ele, o mais importante \u00e9 a felicidade e o bem-estar de seu filho.<\/p>\n<p>O pai enfatizou o <strong>direito de Lamine<\/strong> de aproveitar sua juventude e as experi\u00eancias que v\u00eam com essa fase, desconsiderando as cr\u00edticas externas.<\/p>\n<p>Essas palavras refletem o amor e a compreens\u00e3o paterna, lembrando-nos da import\u00e2ncia de permitir que os jovens descubram e aproveitem seu caminho.<\/p>\n<h2>Apreens\u00e3o Materna Durante as F\u00e9rias<\/h2>\n<p>Sheila Ebana, m\u00e3e de Lamine Yamal, <strong>sente-se profundamente preocupada<\/strong> com as recentes escolhas de seu filho, especialmente depois da controversa festa de anivers\u00e1rio.<\/p>\n<p>Essa preocupa\u00e7\u00e3o, marcada por uma sensa\u00e7\u00e3o crescente de apreens\u00e3o, n\u00e3o se limita apenas ao evento que gerou tanta pol\u00eamica, mas se estende tamb\u00e9m ao comportamento de Yamal durante as f\u00e9rias.<\/p>\n<p>Ebana expressou seu temor de que <u>os excessos<\/u> possam comprometer n\u00e3o apenas a carreira promissora de seu filho, mas tamb\u00e9m sua integridade pessoal.<\/p>\n<p>A festa, que foi duramente criticada, desenhou um cen\u00e1rio onde as preocupa\u00e7\u00f5es maternas se intensificaram.<\/p>\n<p>O pai de Yamal, por outro lado, procurou minimizar as cr\u00edticas, destacando que o jovem possui o direito de experimentar a vida como qualquer outro rapaz da sua idade.<\/p>\n<p>No entanto, a tens\u00e3o familiar <strong>cresce<\/strong>, uma vez que as repercuss\u00f5es p\u00fablicas continuam a <strong>impactar<\/strong> a imagem de Yamal.<\/p>\n<p>A abordagem de Claudia Calvo, uma modelo convidada, lan\u00e7ou ainda mais luz sobre as condi\u00e7\u00f5es da festa, aumentando a inquieta\u00e7\u00e3o de Sheila Ebana sobre o c\u00edrculo social do filho durante esse per\u00edodo t\u00e3o delicado.<\/p>\n<h2>Relato de Claudia Calvo e Exig\u00eancias para Convidadas<\/h2>\n<p>Claudia Calvo revelou ao p\u00fablico que recebeu um convite inusitado para a festa de anivers\u00e1rio de Lamine Yamal.<\/p>\n<p>A abordagem, segundo ela, veio acompanhada de exig\u00eancias peculiares que a deixaram perplexa.<\/p>\n<p>Calvo, que optou por n\u00e3o participar do evento, destacou o teor chamativo do pedido, que ressaltava o desejo por uma presen\u00e7a espec\u00edfica e pouco usual para a ocasi\u00e3o.<\/p>\n<ul>\n<li><strong>Trazer 12 acompanhantes femininas<\/strong><\/li>\n<li><u>Cabelo loiro<\/u><\/li>\n<li><strong>Dimens\u00f5es de busto espec\u00edficas<\/strong><\/li>\n<li><u>Vestimenta tem\u00e1tica<\/u><\/li>\n<\/ul>\n<p>Calvo ficou surpresa com a aud\u00e1cia das exig\u00eancias e comentou sobre a quantia oferecida para sua participa\u00e7\u00e3o, que variava entre 10 a 20 mil euros.<\/p>\n<p>Em entrevistas, como em programas de TV na <a href=\"https:\/\/www.gazetaexpress.com\/pt\/Festa-de-anivers%C3%A1rio-de-Lamine-Yamal-gera-pol%C3%AAmica--estrelas-misteriosas-e-acusa%C3%A7%C3%B5es-graves\/\" alt=\"Yamal's Controversial Birthday Event Details\">Telecinco<\/a>, a modelo enfatizou que seu desconforto n\u00e3o apenas se baseava nas condi\u00e7\u00f5es pouco ortodoxas, mas tamb\u00e9m na preocupa\u00e7\u00e3o com a reputa\u00e7\u00e3o pessoal e profissional.<\/p>\n<p>Essa experi\u00eancia ilustra como as festividades podem assumir um tom controverso diante de desejos t\u00e3o espec\u00edficos quanto os de Yamal.<\/p>\n<p><strong>Em resumo<\/strong>, a festa de anivers\u00e1rio de Lamine Yamal n\u00e3o apenas celebra uma nova fase da vida, mas tamb\u00e9m provoca uma reflex\u00e3o necess\u00e1ria sobre desigualdade e respeito.<\/p>\n<p>A controv\u00e9rsia gerada \u00e9 um convite ao di\u00e1logo sobre nossas atitudes em rela\u00e7\u00e3o \u00e0s diferen\u00e7as.<\/p>","protected":false},"excerpt":{"rendered":"<p>Festa Pol\u00eamica marca o 18\u00ba anivers\u00e1rio de Lamine Yamal, onde a contrata\u00e7\u00e3o de pessoas com nanismo para entretenimento gerou grande controv\u00e9rsia na Espanha. Este evento levanta quest\u00f5es sobre o que \u00e9 aceit\u00e1vel em celebra\u00e7\u00f5es pessoais e toca em temas de direitos humanos e respeito \u00e0 diversidade. O pai de Yamal [&hellip;]<\/p>","protected":false},"author":13,"featured_media":1336,"comment_status":"open","ping_status":"open","sticky":false,"template":"","format":"standard","meta":{"footnotes":""},"categories":[738],"tags":[956,957,955],"class_list":["post-1337","post","type-post","status-publish","format-standard","has-post-thumbnail","hentry","category-esporte","tag-18-anos","tag-festa-de-aniversario","tag-lamine-yamal"],"yoast_head":"<!-- This site is optimized with the Yoast SEO plugin v24.5 - https:\/\/yoast.com\/wordpress\/plugins\/seo\/ -->\n<title>Festa de Anivers\u00e1rio de Lamine Yamal Causa Pol\u00eamica -<\/title>\n<meta name=\"robots\" content=\"index, follow, max-snippet:-1, max-image-preview:large, max-video-preview:-1\" \/>\n<link rel=\"canonical\" href=\"https:\/\/caleine.com\/sr\/festa-de-aniversario-de-lamine-yamal-causa-polemica\/\" \/>\n<meta property=\"og:locale\" content=\"sr_RS\" \/>\n<meta property=\"og:type\" content=\"article\" \/>\n<meta property=\"og:title\" content=\"Festa de Anivers\u00e1rio de Lamine Yamal Causa Pol\u00eamica -\" \/>\n<meta property=\"og:description\" content=\"Festa Pol\u00eamica marca o 18\u00ba anivers\u00e1rio de Lamine Yamal, onde a contrata\u00e7\u00e3o de pessoas com nanismo para entretenimento gerou grande controv\u00e9rsia na Espanha. Este evento levanta quest\u00f5es sobre o que \u00e9 aceit\u00e1vel em celebra\u00e7\u00f5es pessoais e toca em temas de direitos humanos e respeito \u00e0 diversidade. O pai de Yamal [&hellip;]\" \/>\n<meta property=\"og:url\" content=\"https:\/\/caleine.com\/sr\/festa-de-aniversario-de-lamine-yamal-causa-polemica\/\" \/>\n<meta property=\"article:published_time\" content=\"2025-07-18T20:01:53+00:00\" \/>\n<meta name=\"author\" content=\"Andre\" \/>\n<meta name=\"twitter:card\" content=\"summary_large_image\" \/>\n<meta name=\"twitter:label1\" content=\"\u041d\u0430\u043f\u0438\u0441\u0430\u043d\u043e \u043e\u0434\" \/>\n\t<meta name=\"twitter:data1\" content=\"Andre\" \/>\n\t<meta name=\"twitter:label2\" content=\"\u041f\u0440\u043e\u0446\u0435\u045a\u0435\u043d\u043e \u0432\u0440\u0435\u043c\u0435 \u0447\u0438\u0442\u0430\u045a\u0430\" \/>\n\t<meta name=\"twitter:data2\" content=\"4 \u043c\u0438\u043d\u0443\u0442\u0430\" \/>\n<script type=\"application\/ld+json\" class=\"yoast-schema-graph\">{\"@context\":\"https:\/\/schema.org\",\"@graph\":[{\"@type\":\"WebPage\",\"@id\":\"https:\/\/caleine.com\/festa-de-aniversario-de-lamine-yamal-causa-polemica\/\",\"url\":\"https:\/\/caleine.com\/festa-de-aniversario-de-lamine-yamal-causa-polemica\/\",\"name\":\"Festa de Anivers\u00e1rio de Lamine Yamal Causa Pol\u00eamica -\",\"isPartOf\":{\"@id\":\"https:\/\/caleine.com\/#website\"},\"primaryImageOfPage\":{\"@id\":\"https:\/\/caleine.com\/festa-de-aniversario-de-lamine-yamal-causa-polemica\/#primaryimage\"},\"image\":{\"@id\":\"https:\/\/caleine.com\/festa-de-aniversario-de-lamine-yamal-causa-polemica\/#primaryimage\"},\"thumbnailUrl\":\"https:\/\/caleine.com\/wp-content\/uploads\/2025\/07\/1752868907224.png\",\"datePublished\":\"2025-07-18T20:01:53+00:00\",\"author\":{\"@id\":\"https:\/\/caleine.com\/#\/schema\/person\/3b0a162aeb9e0f8d47750f10c1587d48\"},\"breadcrumb\":{\"@id\":\"https:\/\/caleine.com\/festa-de-aniversario-de-lamine-yamal-causa-polemica\/#breadcrumb\"},\"inLanguage\":\"sr-RS\",\"potentialAction\":[{\"@type\":\"ReadAction\",\"target\":[\"https:\/\/caleine.com\/festa-de-aniversario-de-lamine-yamal-causa-polemica\/\"]}]},{\"@type\":\"ImageObject\",\"inLanguage\":\"sr-RS\",\"@id\":\"https:\/\/caleine.com\/festa-de-aniversario-de-lamine-yamal-causa-polemica\/#primaryimage\",\"url\":\"https:\/\/caleine.com\/wp-content\/uploads\/2025\/07\/1752868907224.png\",\"contentUrl\":\"https:\/\/caleine.com\/wp-content\/uploads\/2025\/07\/1752868907224.png\",\"width\":1024,\"height\":624,\"caption\":\"undefined\"},{\"@type\":\"BreadcrumbList\",\"@id\":\"https:\/\/caleine.com\/festa-de-aniversario-de-lamine-yamal-causa-polemica\/#breadcrumb\",\"itemListElement\":[{\"@type\":\"ListItem\",\"position\":1,\"name\":\"In\u00edcio\",\"item\":\"https:\/\/caleine.com\/\"},{\"@type\":\"ListItem\",\"position\":2,\"name\":\"Festa de Anivers\u00e1rio de Lamine Yamal Causa Pol\u00eamica\"}]},{\"@type\":\"WebSite\",\"@id\":\"https:\/\/caleine.com\/#website\",\"url\":\"https:\/\/caleine.com\/\",\"name\":\"\",\"description\":\"Caleine\",\"potentialAction\":[{\"@type\":\"SearchAction\",\"target\":{\"@type\":\"EntryPoint\",\"urlTemplate\":\"https:\/\/caleine.com\/?s={search_term_string}\"},\"query-input\":{\"@type\":\"PropertyValueSpecification\",\"valueRequired\":true,\"valueName\":\"search_term_string\"}}],\"inLanguage\":\"sr-RS\"},{\"@type\":\"Person\",\"@id\":\"https:\/\/caleine.com\/#\/schema\/person\/3b0a162aeb9e0f8d47750f10c1587d48\",\"name\":\"Andre\",\"image\":{\"@type\":\"ImageObject\",\"inLanguage\":\"sr-RS\",\"@id\":\"https:\/\/caleine.com\/#\/schema\/person\/image\/\",\"url\":\"https:\/\/secure.gravatar.com\/avatar\/631490c4d2811d45d5ab65f57e75e5cdca7c252f1eb8dd5b4eb4a7818d1dfaf6?s=96&d=mm&r=g\",\"contentUrl\":\"https:\/\/secure.gravatar.com\/avatar\/631490c4d2811d45d5ab65f57e75e5cdca7c252f1eb8dd5b4eb4a7818d1dfaf6?s=96&d=mm&r=g\",\"caption\":\"Andre\"},\"url\":\"https:\/\/caleine.com\/sr\/author\/andre\/\"}]}<\/script>\n<!-- \/ Yoast SEO plugin. -->","yoast_head_json":{"title":"Festa de Anivers\u00e1rio de Lamine Yamal Causa Pol\u00eamica -","robots":{"index":"index","follow":"follow","max-snippet":"max-snippet:-1","max-image-preview":"max-image-preview:large","max-video-preview":"max-video-preview:-1"},"canonical":"https:\/\/caleine.com\/sr\/festa-de-aniversario-de-lamine-yamal-causa-polemica\/","og_locale":"sr_RS","og_type":"article","og_title":"Festa de Anivers\u00e1rio de Lamine Yamal Causa Pol\u00eamica -","og_description":"Festa Pol\u00eamica marca o 18\u00ba anivers\u00e1rio de Lamine Yamal, onde a contrata\u00e7\u00e3o de pessoas com nanismo para entretenimento gerou grande controv\u00e9rsia na Espanha. Este evento levanta quest\u00f5es sobre o que \u00e9 aceit\u00e1vel em celebra\u00e7\u00f5es pessoais e toca em temas de direitos humanos e respeito \u00e0 diversidade. O pai de Yamal [&hellip;]","og_url":"https:\/\/caleine.com\/sr\/festa-de-aniversario-de-lamine-yamal-causa-polemica\/","article_published_time":"2025-07-18T20:01:53+00:00","author":"Andre","twitter_card":"summary_large_image","twitter_misc":{"\u041d\u0430\u043f\u0438\u0441\u0430\u043d\u043e \u043e\u0434":"Andre","\u041f\u0440\u043e\u0446\u0435\u045a\u0435\u043d\u043e \u0432\u0440\u0435\u043c\u0435 \u0447\u0438\u0442\u0430\u045a\u0430":"4 \u043c\u0438\u043d\u0443\u0442\u0430"},"schema":{"@context":"https:\/\/schema.org","@graph":[{"@type":"WebPage","@id":"https:\/\/caleine.com\/festa-de-aniversario-de-lamine-yamal-causa-polemica\/","url":"https:\/\/caleine.com\/festa-de-aniversario-de-lamine-yamal-causa-polemica\/","name":"Festa de Anivers\u00e1rio de Lamine Yamal Causa Pol\u00eamica -","isPartOf":{"@id":"https:\/\/caleine.com\/#website"},"primaryImageOfPage":{"@id":"https:\/\/caleine.com\/festa-de-aniversario-de-lamine-yamal-causa-polemica\/#primaryimage"},"image":{"@id":"https:\/\/caleine.com\/festa-de-aniversario-de-lamine-yamal-causa-polemica\/#primaryimage"},"thumbnailUrl":"https:\/\/caleine.com\/wp-content\/uploads\/2025\/07\/1752868907224.png","datePublished":"2025-07-18T20:01:53+00:00","author":{"@id":"https:\/\/caleine.com\/#\/schema\/person\/3b0a162aeb9e0f8d47750f10c1587d48"},"breadcrumb":{"@id":"https:\/\/caleine.com\/festa-de-aniversario-de-lamine-yamal-causa-polemica\/#breadcrumb"},"inLanguage":"sr-RS","potentialAction":[{"@type":"ReadAction","target":["https:\/\/caleine.com\/festa-de-aniversario-de-lamine-yamal-causa-polemica\/"]}]},{"@type":"ImageObject","inLanguage":"sr-RS","@id":"https:\/\/caleine.com\/festa-de-aniversario-de-lamine-yamal-causa-polemica\/#primaryimage","url":"https:\/\/caleine.com\/wp-content\/uploads\/2025\/07\/1752868907224.png","contentUrl":"https:\/\/caleine.com\/wp-content\/uploads\/2025\/07\/1752868907224.png","width":1024,"height":624,"caption":"undefined"},{"@type":"BreadcrumbList","@id":"https:\/\/caleine.com\/festa-de-aniversario-de-lamine-yamal-causa-polemica\/#breadcrumb","itemListElement":[{"@type":"ListItem","position":1,"name":"In\u00edcio","item":"https:\/\/caleine.com\/"},{"@type":"ListItem","position":2,"name":"Festa de Anivers\u00e1rio de Lamine Yamal Causa Pol\u00eamica"}]},{"@type":"WebSite","@id":"https:\/\/caleine.com\/#website","url":"https:\/\/caleine.com\/","name":"","description":"Caleine","potentialAction":[{"@type":"SearchAction","target":{"@type":"EntryPoint","urlTemplate":"https:\/\/caleine.com\/?s={search_term_string}"},"query-input":{"@type":"PropertyValueSpecification","valueRequired":true,"valueName":"search_term_string"}}],"inLanguage":"sr-RS"},{"@type":"Person","@id":"https:\/\/caleine.com\/#\/schema\/person\/3b0a162aeb9e0f8d47750f10c1587d48","name":"Andre","image":{"@type":"ImageObject","inLanguage":"sr-RS","@id":"https:\/\/caleine.com\/#\/schema\/person\/image\/","url":"https:\/\/secure.gravatar.com\/avatar\/631490c4d2811d45d5ab65f57e75e5cdca7c252f1eb8dd5b4eb4a7818d1dfaf6?s=96&d=mm&r=g","contentUrl":"https:\/\/secure.gravatar.com\/avatar\/631490c4d2811d45d5ab65f57e75e5cdca7c252f1eb8dd5b4eb4a7818d1dfaf6?s=96&d=mm&r=g","caption":"Andre"},"url":"https:\/\/caleine.com\/sr\/author\/andre\/"}]}},"_links":{"self":[{"href":"https:\/\/caleine.com\/sr\/wp-json\/wp\/v2\/posts\/1337","targetHints":{"allow":["GET"]}}],"collection":[{"href":"https:\/\/caleine.com\/sr\/wp-json\/wp\/v2\/posts"}],"about":[{"href":"https:\/\/caleine.com\/sr\/wp-json\/wp\/v2\/types\/post"}],"author":[{"embeddable":true,"href":"https:\/\/caleine.com\/sr\/wp-json\/wp\/v2\/users\/13"}],"replies":[{"embeddable":true,"href":"https:\/\/caleine.com\/sr\/wp-json\/wp\/v2\/comments?post=1337"}],"version-history":[{"count":0,"href":"https:\/\/caleine.com\/sr\/wp-json\/wp\/v2\/posts\/1337\/revisions"}],"wp:featuredmedia":[{"embeddable":true,"href":"https:\/\/caleine.com\/sr\/wp-json\/wp\/v2\/media\/1336"}],"wp:attachment":[{"href":"https:\/\/caleine.com\/sr\/wp-json\/wp\/v2\/media?parent=1337"}],"wp:term":[{"taxonomy":"category","embeddable":true,"href":"https:\/\/caleine.com\/sr\/wp-json\/wp\/v2\/categories?post=1337"},{"taxonomy":"post_tag","embeddable":true,"href":"https:\/\/caleine.com\/sr\/wp-json\/wp\/v2\/tags?post=1337"}],"curies":[{"name":"wp","href":"https:\/\/api.w.org\/{rel}","templated":true}]}}