{"id":2303,"date":"2025-12-12T17:02:11","date_gmt":"2025-12-12T20:02:11","guid":{"rendered":"https:\/\/caleine.com\/andreas-pereira-busca-conquistas-com-a-torcida\/"},"modified":"2025-12-12T17:02:11","modified_gmt":"2025-12-12T20:02:11","slug":"andreas-pereira-busca-conquistas-com-a-torcida","status":"publish","type":"post","link":"https:\/\/caleine.com\/sr\/andreas-pereira-busca-conquistas-com-a-torcida\/","title":{"rendered":"Andreas Pereira Busca Conquistas com a Torcida"},"content":{"rendered":"<p><strong>Andreas Pereira<\/strong>, meio-campista do Palmeiras, chegou ao clube em setembro de 2025 e trouxe novas expectativas para a torcida alviverde.<\/p>\n<p>Neste artigo, exploraremos a trajet\u00f3ria de Pereira no Palmeiras, suas proje\u00e7\u00f5es de conquistas em um ano repleto de altos e baixos e sua gratid\u00e3o ao torcedor.<\/p>\n<p>Al\u00e9m disso, detalharemos sua transfer\u00eancia de R$ 63 milh\u00f5es do Fulham e o desempenho em campo, que inclui 20 jogos, 2 gols e 1 assist\u00eancia.<\/p>\n<p>Vamos analisar como esses fatores podem impactar sua carreira e as aspira\u00e7\u00f5es do clube em 2026.<\/p>\n<h2>Chegada de Andreas Pereira ao Palmeiras em setembro de 2025<\/h2>\n<p>Em setembro de 2025, o Palmeiras fez hist\u00f3ria ao anunciar a contrata\u00e7\u00e3o de Andreas Pereira, um <u><strong>refor\u00e7o significativo<\/strong><\/u> no meio-campo do clube.<\/p>\n<p>Esta chegada trouxe um novo f\u00f4lego \u00e0s expectativas dos torcedores, que j\u00e1 ansiavam por conquistas expressivas com o novo elenco.<\/p>\n<p>A transa\u00e7\u00e3o elevou a moral do clube e gerou um impacto positivo dentro e fora dos gramados.<\/p>\n<p>O acordo para trazer Andreas do <strong>Fulham<\/strong> ao Palmeiras movimentou aproximadamente <strong>R$ 63 milh\u00f5es<\/strong>, como detalhado pela <a href=\"https:\/\/ge.globo.com\/futebol\/times\/palmeiras\/noticia\/2025\/08\/29\/palmeiras-anuncia-a-contratacao-de-andreas-pereira.ghtml\" alt=\"Palmeiras anuncia contrata\u00e7\u00e3o de Andreas Pereira\">not\u00edcia oficial do clube<\/a>.<\/p>\n<p>Este investimento reflete a ambi\u00e7\u00e3o do Palmeiras em buscar t\u00edtulos e consolidar sua presen\u00e7a no cen\u00e1rio futebol\u00edstico.<\/p>\n<p>Os torcedores, por sua vez, est\u00e3o entusiasmados, esperando que Andreas se torne um pilar no meio-campo e ajude a equipe a alcan\u00e7ar novas gl\u00f3rias, com um olho atento nas competi\u00e7\u00f5es de 2026. Enquanto isso, o clube planeja estrat\u00e9gias para maximizar o potencial do refor\u00e7o e garantir que o investimento retorne em forma de vit\u00f3rias e t\u00edtulos.<\/p>\n<h2>Vis\u00e3o de Andreas Pereira para a temporada 2025<\/h2>\n<p>Andreas Pereira, meio-campista do Palmeiras, v\u00ea o ano de 2025 como um per\u00edodo repleto de &#8216;alegrias, tristezas e aprendizados&#8217;.<\/p>\n<p>Para ele, o apoio da torcida ser\u00e1 fundamental na busca por conquistas e na supera\u00e7\u00e3o dos desafios que est\u00e3o por vir.<\/p>\n<p>Com a expectativa de descansar antes das competi\u00e7\u00f5es de 2026, Andreas se mostra otimista em alcan\u00e7ar seus objetivos ao lado dos colegas de equipe e da apaixonada torcida palmeirense.<\/p>\n<h2>Sentimentos mistos e metas pessoais<\/h2>\n<p>Andreas Pereira considera 2025 um ano de <strong>alegrias, tristezas e aprendizados<\/strong>.<\/p>\n<p>Com sua chegada ao Palmeiras, ele vivenciou emo\u00e7\u00f5es intensas, sentindo gratid\u00e3o pelo apoio fervoroso da torcida e destacando a import\u00e2ncia de momentos de descanso antes das competi\u00e7\u00f5es do pr\u00f3ximo ano.<\/p>\n<p>Em suas mensagens \u00e0 torcida, ele n\u00e3o escondeu o desejo de continuar de &#8220;<a href='https:\/\/www.palmeiras.com.br\/noticias\/andreas-agradece-carinho-da-torcida-e-esforco-do-palmeiras-durante-negociacoes-muito-gratificante\/' alt='Palmeiras agradece carinho'>cabe\u00e7a erguida<\/a>&#8221; e com &#8220;muita fome&#8221; por vit\u00f3rias futuras.<\/p>\n<h2>Gratid\u00e3o \u00e0 torcida e import\u00e2ncia do descanso para 2026<\/h2>\n<p>Andreas Pereira expressou sua profunda gratid\u00e3o aos torcedores do Palmeiras por todo o apoio incondicional durante o ano de 2025. Ele participou de 20 jogos, foi respons\u00e1vel por 2 gols e 1 assist\u00eancia, experi\u00eancias que lhe trouxeram aprendizado constante.<\/p>\n<p>Ao relembrar os desafios, fez quest\u00e3o de destacar o carinho recebido: <strong>&#8220;Obrigado a todos que torceram por mim e me receberam na fam\u00edlia Palmeiras com tanto carinho&#8221;<\/strong>, conforme Andreas compartilhou em suas redes sociais <a href=\"https:\/\/www.espn.com.br\/futebol\/palmeiras\/artigo\/_\/id\/16066530\/andreas-pereira-quebra-silencio-palmeiras-faz-post-apos-vices-brasileirao-libertadores-veja\" alt=\"veja o texto completo na ESPN\">veja o texto completo na ESPN<\/a>.<\/p>\n<p>Enquanto isso, Andreas tamb\u00e9m abordou a import\u00e2ncia crucial de descansar antes dos desafios iminentes de 2026. Ele mencionou em seu post <a href=\"https:\/\/www.cnnbrasil.com.br\/esportes\/futebol\/palmeiras\/palmeiras-andreas-pereira-desabafa-sobre-2025-e-manda-recado-a-torcida\/\" alt=\"leia sobre a proje\u00e7\u00e3o 2026 no CNN Brasil\">leia sobre a proje\u00e7\u00e3o 2026 no CNN Brasil<\/a> a necessidade de pausar e recarregar as energias: <u><strong>&#8220;Agora \u00e9 o momento de descansar para que possamos enfrentar o pr\u00f3ximo ano com toda a nossa for\u00e7a&#8221;<\/strong><\/u>.<\/p>\n<p>Essa pausa estrat\u00e9gica visa garantir a prontid\u00e3o f\u00edsica e mental para as competi\u00e7\u00f5es que vir\u00e3o, construindo um caminho de <u>esperan\u00e7a e sucesso<\/u> para o futuro do clube, juntamente com o apoio de sua dedicada torcida.<\/p>\n<h2>Desempenho de Andreas Pereira em campo durante 2025<\/h2>\n<p>Andreas Pereira teve um papel importante no Palmeiras durante a temporada de 2025. Entre altos e baixos, as estat\u00edsticas de Andreas refletem sua contribui\u00e7\u00e3o valiosa para o time.<\/p>\n<p><a href=\"https:\/\/pt.wikipedia.org\/wiki\/Andreas_Pereira\" alt=\"Saiba mais sobre Andreas Pereira na Wikip\u00e9dia\">Saiba mais sobre Andreas Pereira na Wikip\u00e9dia<\/a>, onde voc\u00ea pode encontrar detalhes sobre sua carreira.<\/p>\n<blockquote>\n<table>\n<thead>\n<tr>\n<th>Jogos<\/th>\n<th>Gols<\/th>\n<th>Assist\u00eancias<\/th>\n<\/tr>\n<\/thead>\n<tbody>\n<tr>\n<td>20<\/td>\n<td><strong>2<\/strong><\/td>\n<td><strong>1<\/strong><\/td>\n<\/tr>\n<\/tbody>\n<\/table>\n<\/blockquote>\n<p>Esses n\u00fameros demonstram a consist\u00eancia de Andreas em campo.<\/p>\n<p>Apesar de marcar apenas 2 gols em 20 jogos, ele mostrou entusiasmo e determina\u00e7\u00e3o a cada partida.<\/p>\n<p>Sua presen\u00e7a serviu para fortalecer a equipe, fornecendo energia e habilidade no meio-campo.<\/p>\n<p>Ao engajar-se com a torcida, Andreas alimentou a conex\u00e3o com os f\u00e3s, tornando-se um destaque no elenco.<\/p>\n<p>O apoio cont\u00ednuo da torcida e a mentalidade de aprendizado de Andreas prometem um 2026 cheio de novas oportunidades e desafios.<\/p>\n<p><strong>Andreas Pereira<\/strong> se mostra como uma pe\u00e7a chave para o Palmeiras, e suas experi\u00eancias em 2025 podem ser fundamentais para o sucesso do time em 2026. A hist\u00f3ria do jogador reflete o desejo de supera\u00e7\u00e3o e a conex\u00e3o com a torcida.<\/p>","protected":false},"excerpt":{"rendered":"<p>Andreas Pereira, meio-campista do Palmeiras, chegou ao clube em setembro de 2025 e trouxe novas expectativas para a torcida alviverde. Neste artigo, exploraremos a trajet\u00f3ria de Pereira no Palmeiras, suas proje\u00e7\u00f5es de conquistas em um ano repleto de altos e baixos e sua gratid\u00e3o ao torcedor. Al\u00e9m disso, detalharemos sua [&hellip;]<\/p>","protected":false},"author":13,"featured_media":2302,"comment_status":"open","ping_status":"open","sticky":false,"template":"","format":"standard","meta":{"footnotes":""},"categories":[738],"tags":[1896,1895,794],"class_list":["post-2303","post","type-post","status-publish","format-standard","has-post-thumbnail","hentry","category-esporte","tag-andreas-pereira","tag-meio-campista","tag-palmeiras"],"yoast_head":"<!-- This site is optimized with the Yoast SEO plugin v24.5 - https:\/\/yoast.com\/wordpress\/plugins\/seo\/ -->\n<title>Andreas Pereira Busca Conquistas com a Torcida -<\/title>\n<meta name=\"robots\" content=\"index, follow, max-snippet:-1, max-image-preview:large, max-video-preview:-1\" \/>\n<link rel=\"canonical\" href=\"https:\/\/caleine.com\/sr\/andreas-pereira-busca-conquistas-com-a-torcida\/\" \/>\n<meta property=\"og:locale\" content=\"sr_RS\" \/>\n<meta property=\"og:type\" content=\"article\" \/>\n<meta property=\"og:title\" content=\"Andreas Pereira Busca Conquistas com a Torcida -\" \/>\n<meta property=\"og:description\" content=\"Andreas Pereira, meio-campista do Palmeiras, chegou ao clube em setembro de 2025 e trouxe novas expectativas para a torcida alviverde. Neste artigo, exploraremos a trajet\u00f3ria de Pereira no Palmeiras, suas proje\u00e7\u00f5es de conquistas em um ano repleto de altos e baixos e sua gratid\u00e3o ao torcedor. Al\u00e9m disso, detalharemos sua [&hellip;]\" \/>\n<meta property=\"og:url\" content=\"https:\/\/caleine.com\/sr\/andreas-pereira-busca-conquistas-com-a-torcida\/\" \/>\n<meta property=\"article:published_time\" content=\"2025-12-12T20:02:11+00:00\" \/>\n<meta name=\"author\" content=\"Andre\" \/>\n<meta name=\"twitter:card\" content=\"summary_large_image\" \/>\n<meta name=\"twitter:label1\" content=\"\u041d\u0430\u043f\u0438\u0441\u0430\u043d\u043e \u043e\u0434\" \/>\n\t<meta name=\"twitter:data1\" content=\"Andre\" \/>\n\t<meta name=\"twitter:label2\" content=\"\u041f\u0440\u043e\u0446\u0435\u045a\u0435\u043d\u043e \u0432\u0440\u0435\u043c\u0435 \u0447\u0438\u0442\u0430\u045a\u0430\" \/>\n\t<meta name=\"twitter:data2\" content=\"4 \u043c\u0438\u043d\u0443\u0442\u0430\" \/>\n<script type=\"application\/ld+json\" class=\"yoast-schema-graph\">{\"@context\":\"https:\/\/schema.org\",\"@graph\":[{\"@type\":\"WebPage\",\"@id\":\"https:\/\/caleine.com\/andreas-pereira-busca-conquistas-com-a-torcida\/\",\"url\":\"https:\/\/caleine.com\/andreas-pereira-busca-conquistas-com-a-torcida\/\",\"name\":\"Andreas Pereira Busca Conquistas com a Torcida -\",\"isPartOf\":{\"@id\":\"https:\/\/caleine.com\/#website\"},\"primaryImageOfPage\":{\"@id\":\"https:\/\/caleine.com\/andreas-pereira-busca-conquistas-com-a-torcida\/#primaryimage\"},\"image\":{\"@id\":\"https:\/\/caleine.com\/andreas-pereira-busca-conquistas-com-a-torcida\/#primaryimage\"},\"thumbnailUrl\":\"https:\/\/caleine.com\/wp-content\/uploads\/2025\/12\/1765569727591.png\",\"datePublished\":\"2025-12-12T20:02:11+00:00\",\"author\":{\"@id\":\"https:\/\/caleine.com\/#\/schema\/person\/3b0a162aeb9e0f8d47750f10c1587d48\"},\"breadcrumb\":{\"@id\":\"https:\/\/caleine.com\/andreas-pereira-busca-conquistas-com-a-torcida\/#breadcrumb\"},\"inLanguage\":\"sr-RS\",\"potentialAction\":[{\"@type\":\"ReadAction\",\"target\":[\"https:\/\/caleine.com\/andreas-pereira-busca-conquistas-com-a-torcida\/\"]}]},{\"@type\":\"ImageObject\",\"inLanguage\":\"sr-RS\",\"@id\":\"https:\/\/caleine.com\/andreas-pereira-busca-conquistas-com-a-torcida\/#primaryimage\",\"url\":\"https:\/\/caleine.com\/wp-content\/uploads\/2025\/12\/1765569727591.png\",\"contentUrl\":\"https:\/\/caleine.com\/wp-content\/uploads\/2025\/12\/1765569727591.png\",\"width\":1024,\"height\":624,\"caption\":\"Andreas Pereira, meio-campista do Palmeiras, projetando conquistas ao lado da torcida.\"},{\"@type\":\"BreadcrumbList\",\"@id\":\"https:\/\/caleine.com\/andreas-pereira-busca-conquistas-com-a-torcida\/#breadcrumb\",\"itemListElement\":[{\"@type\":\"ListItem\",\"position\":1,\"name\":\"In\u00edcio\",\"item\":\"https:\/\/caleine.com\/\"},{\"@type\":\"ListItem\",\"position\":2,\"name\":\"Andreas Pereira Busca Conquistas com a Torcida\"}]},{\"@type\":\"WebSite\",\"@id\":\"https:\/\/caleine.com\/#website\",\"url\":\"https:\/\/caleine.com\/\",\"name\":\"\",\"description\":\"Caleine\",\"potentialAction\":[{\"@type\":\"SearchAction\",\"target\":{\"@type\":\"EntryPoint\",\"urlTemplate\":\"https:\/\/caleine.com\/?s={search_term_string}\"},\"query-input\":{\"@type\":\"PropertyValueSpecification\",\"valueRequired\":true,\"valueName\":\"search_term_string\"}}],\"inLanguage\":\"sr-RS\"},{\"@type\":\"Person\",\"@id\":\"https:\/\/caleine.com\/#\/schema\/person\/3b0a162aeb9e0f8d47750f10c1587d48\",\"name\":\"Andre\",\"image\":{\"@type\":\"ImageObject\",\"inLanguage\":\"sr-RS\",\"@id\":\"https:\/\/caleine.com\/#\/schema\/person\/image\/\",\"url\":\"https:\/\/secure.gravatar.com\/avatar\/631490c4d2811d45d5ab65f57e75e5cdca7c252f1eb8dd5b4eb4a7818d1dfaf6?s=96&d=mm&r=g\",\"contentUrl\":\"https:\/\/secure.gravatar.com\/avatar\/631490c4d2811d45d5ab65f57e75e5cdca7c252f1eb8dd5b4eb4a7818d1dfaf6?s=96&d=mm&r=g\",\"caption\":\"Andre\"},\"url\":\"https:\/\/caleine.com\/sr\/author\/andre\/\"}]}<\/script>\n<!-- \/ Yoast SEO plugin. -->","yoast_head_json":{"title":"Andreas Pereira Busca Conquistas com a Torcida -","robots":{"index":"index","follow":"follow","max-snippet":"max-snippet:-1","max-image-preview":"max-image-preview:large","max-video-preview":"max-video-preview:-1"},"canonical":"https:\/\/caleine.com\/sr\/andreas-pereira-busca-conquistas-com-a-torcida\/","og_locale":"sr_RS","og_type":"article","og_title":"Andreas Pereira Busca Conquistas com a Torcida -","og_description":"Andreas Pereira, meio-campista do Palmeiras, chegou ao clube em setembro de 2025 e trouxe novas expectativas para a torcida alviverde. Neste artigo, exploraremos a trajet\u00f3ria de Pereira no Palmeiras, suas proje\u00e7\u00f5es de conquistas em um ano repleto de altos e baixos e sua gratid\u00e3o ao torcedor. Al\u00e9m disso, detalharemos sua [&hellip;]","og_url":"https:\/\/caleine.com\/sr\/andreas-pereira-busca-conquistas-com-a-torcida\/","article_published_time":"2025-12-12T20:02:11+00:00","author":"Andre","twitter_card":"summary_large_image","twitter_misc":{"\u041d\u0430\u043f\u0438\u0441\u0430\u043d\u043e \u043e\u0434":"Andre","\u041f\u0440\u043e\u0446\u0435\u045a\u0435\u043d\u043e \u0432\u0440\u0435\u043c\u0435 \u0447\u0438\u0442\u0430\u045a\u0430":"4 \u043c\u0438\u043d\u0443\u0442\u0430"},"schema":{"@context":"https:\/\/schema.org","@graph":[{"@type":"WebPage","@id":"https:\/\/caleine.com\/andreas-pereira-busca-conquistas-com-a-torcida\/","url":"https:\/\/caleine.com\/andreas-pereira-busca-conquistas-com-a-torcida\/","name":"Andreas Pereira Busca Conquistas com a Torcida -","isPartOf":{"@id":"https:\/\/caleine.com\/#website"},"primaryImageOfPage":{"@id":"https:\/\/caleine.com\/andreas-pereira-busca-conquistas-com-a-torcida\/#primaryimage"},"image":{"@id":"https:\/\/caleine.com\/andreas-pereira-busca-conquistas-com-a-torcida\/#primaryimage"},"thumbnailUrl":"https:\/\/caleine.com\/wp-content\/uploads\/2025\/12\/1765569727591.png","datePublished":"2025-12-12T20:02:11+00:00","author":{"@id":"https:\/\/caleine.com\/#\/schema\/person\/3b0a162aeb9e0f8d47750f10c1587d48"},"breadcrumb":{"@id":"https:\/\/caleine.com\/andreas-pereira-busca-conquistas-com-a-torcida\/#breadcrumb"},"inLanguage":"sr-RS","potentialAction":[{"@type":"ReadAction","target":["https:\/\/caleine.com\/andreas-pereira-busca-conquistas-com-a-torcida\/"]}]},{"@type":"ImageObject","inLanguage":"sr-RS","@id":"https:\/\/caleine.com\/andreas-pereira-busca-conquistas-com-a-torcida\/#primaryimage","url":"https:\/\/caleine.com\/wp-content\/uploads\/2025\/12\/1765569727591.png","contentUrl":"https:\/\/caleine.com\/wp-content\/uploads\/2025\/12\/1765569727591.png","width":1024,"height":624,"caption":"Andreas Pereira, meio-campista do Palmeiras, projetando conquistas ao lado da torcida."},{"@type":"BreadcrumbList","@id":"https:\/\/caleine.com\/andreas-pereira-busca-conquistas-com-a-torcida\/#breadcrumb","itemListElement":[{"@type":"ListItem","position":1,"name":"In\u00edcio","item":"https:\/\/caleine.com\/"},{"@type":"ListItem","position":2,"name":"Andreas Pereira Busca Conquistas com a Torcida"}]},{"@type":"WebSite","@id":"https:\/\/caleine.com\/#website","url":"https:\/\/caleine.com\/","name":"","description":"Caleine","potentialAction":[{"@type":"SearchAction","target":{"@type":"EntryPoint","urlTemplate":"https:\/\/caleine.com\/?s={search_term_string}"},"query-input":{"@type":"PropertyValueSpecification","valueRequired":true,"valueName":"search_term_string"}}],"inLanguage":"sr-RS"},{"@type":"Person","@id":"https:\/\/caleine.com\/#\/schema\/person\/3b0a162aeb9e0f8d47750f10c1587d48","name":"Andre","image":{"@type":"ImageObject","inLanguage":"sr-RS","@id":"https:\/\/caleine.com\/#\/schema\/person\/image\/","url":"https:\/\/secure.gravatar.com\/avatar\/631490c4d2811d45d5ab65f57e75e5cdca7c252f1eb8dd5b4eb4a7818d1dfaf6?s=96&d=mm&r=g","contentUrl":"https:\/\/secure.gravatar.com\/avatar\/631490c4d2811d45d5ab65f57e75e5cdca7c252f1eb8dd5b4eb4a7818d1dfaf6?s=96&d=mm&r=g","caption":"Andre"},"url":"https:\/\/caleine.com\/sr\/author\/andre\/"}]}},"_links":{"self":[{"href":"https:\/\/caleine.com\/sr\/wp-json\/wp\/v2\/posts\/2303","targetHints":{"allow":["GET"]}}],"collection":[{"href":"https:\/\/caleine.com\/sr\/wp-json\/wp\/v2\/posts"}],"about":[{"href":"https:\/\/caleine.com\/sr\/wp-json\/wp\/v2\/types\/post"}],"author":[{"embeddable":true,"href":"https:\/\/caleine.com\/sr\/wp-json\/wp\/v2\/users\/13"}],"replies":[{"embeddable":true,"href":"https:\/\/caleine.com\/sr\/wp-json\/wp\/v2\/comments?post=2303"}],"version-history":[{"count":0,"href":"https:\/\/caleine.com\/sr\/wp-json\/wp\/v2\/posts\/2303\/revisions"}],"wp:featuredmedia":[{"embeddable":true,"href":"https:\/\/caleine.com\/sr\/wp-json\/wp\/v2\/media\/2302"}],"wp:attachment":[{"href":"https:\/\/caleine.com\/sr\/wp-json\/wp\/v2\/media?parent=2303"}],"wp:term":[{"taxonomy":"category","embeddable":true,"href":"https:\/\/caleine.com\/sr\/wp-json\/wp\/v2\/categories?post=2303"},{"taxonomy":"post_tag","embeddable":true,"href":"https:\/\/caleine.com\/sr\/wp-json\/wp\/v2\/tags?post=2303"}],"curies":[{"name":"wp","href":"https:\/\/api.w.org\/{rel}","templated":true}]}}