{"id":1896,"date":"2025-10-01T17:04:09","date_gmt":"2025-10-01T20:04:09","guid":{"rendered":"https:\/\/caleine.com\/venda-do-estadio-san-siro-aprovada-com-197-milhoes\/"},"modified":"2025-10-01T17:04:09","modified_gmt":"2025-10-01T20:04:09","slug":"venda-do-estadio-san-siro-aprovada-com-197-milhoes","status":"publish","type":"post","link":"https:\/\/caleine.com\/tr\/venda-do-estadio-san-siro-aprovada-com-197-milhoes\/","title":{"rendered":"Venda do Est\u00e1dio San Siro Aprovada com 197 Milh\u00f5es"},"content":{"rendered":"<p><strong>A Venda Est\u00e1dio<\/strong> do San Siro, um dos \u00edcones do futebol mundial, foi aprovada pelo conselho municipal de Mil\u00e3o, abrindo caminho para um novo cap\u00edtulo na hist\u00f3ria do esporte.<\/p>\n<p>Com um investimento de 197 milh\u00f5es de euros, clubes da cidade pretendem demolir a antiga estrutura e construir um est\u00e1dio moderno, que n\u00e3o apenas atender\u00e1 \u00e0s exig\u00eancias internacionais, mas tamb\u00e9m se tornar\u00e1 um s\u00edmbolo arquitet\u00f4nico para Mil\u00e3o.<\/p>\n<p>Neste artigo, exploraremos os detalhes dessa decis\u00e3o, incluindo a vota\u00e7\u00e3o que a precedeu, os planos para o novo est\u00e1dio e sua import\u00e2ncia para o futuro do futebol na It\u00e1lia.<\/p>\n<h2>Aprova\u00e7\u00e3o da Venda do Est\u00e1dio San Siro<\/h2>\n<p>No dia <strong>30 de setembro de 2025<\/strong>, o ic\u00f4nico est\u00e1dio San Siro, um marco tradicional da cidade de Mil\u00e3o, foi vendido pela quantia de <strong>197 milh\u00f5es de euros<\/strong>.<\/p>\n<p>A decis\u00e3o, aprovada pelo conselho municipal ap\u00f3s intensas 11 horas de debate, contou com <u>24 votos a favor e 20 contra<\/u>, sublinhando a divis\u00e3o sobre a medida.<\/p>\n<p>A venda marca um ponto de inflex\u00e3o na hist\u00f3ria de Mil\u00e3o, onde o est\u00e1dio, que n\u00e3o atendia mais aos requisitos da UEFA, ceder\u00e1 lugar a uma nova e moderna arena.<\/p>\n<p>Isto promete ser um \u00edcone arquitet\u00f4nico \u00e0 altura da cidade.<\/p>\n<p>O conselho municipal foi fundamental para a aprova\u00e7\u00e3o da venda, considerada necess\u00e1ria para a adapta\u00e7\u00e3o \u00e0s exig\u00eancias dos eventos esportivos internacionais, incluindo a Eurocopa de 2032 na It\u00e1lia e Turquia.<\/p>\n<h2>Processo de Debate e Vota\u00e7\u00e3o no Conselho Municipal<\/h2>\n<p>O debate no conselho municipal sobre a venda do est\u00e1dio San Siro se estendeu por intensas <strong>11 horas<\/strong>, onde cada argumento parecia carregar o peso do futuro de Mil\u00e3o.<\/p>\n<p>Um verdadeiro campo de batalhas argumentativas surgiu entre os membros do conselho, com oradores apaixonados defendendo suas perspectivas sobre a preserva\u00e7\u00e3o hist\u00f3rica versus a inova\u00e7\u00e3o necess\u00e1ria.<\/p>\n<p>A venda proposta do ic\u00f4nico est\u00e1dio gerou discuss\u00f5es inflamadas, refletindo as m\u00faltiplas camadas de interesses culturais e financeiros envolvidos.<\/p>\n<p>De um lado, havia quem argumentasse pela manuten\u00e7\u00e3o da estrutura centen\u00e1ria, lembrando de sua import\u00e2ncia como marco hist\u00f3rico.<\/p>\n<p>Do outro, a necessidade urgente de atender aos padr\u00f5es internacionais, especialmente com a <u>pr\u00f3xima Eurocopa em 2032<\/u>, emergiu como um argumento poderoso.<\/p>\n<p>Ap\u00f3s um dia t\u00e3o excruciante, a vota\u00e7\u00e3o finalmente chegou, culminando em uma decis\u00e3o apertada.<\/p>\n<p>O resultado surpreendeu muitos, mas tamb\u00e9m trouxe al\u00edvio a outros.<\/p>\n<p>Com <a href=\"https:\/\/www.espn.com.br\/futebol\/artigo\/_\/id\/15750156\/camara-milao-autoriza-venda-san-siro-milan-inter-preparam-construcao-novo-estadio\" alt=\"Milan e Inter preparam novo est\u00e1dio\">24 votos favor\u00e1veis<\/a> ayk\u0131r\u0131 <a href=\"https:\/\/oglobo.globo.com\/esportes\/noticia\/2025\/09\/30\/estadio-san-siro-sera-demolido-apos-aprovacao-de-venda-para-milan-e-inter.ghtml\" alt=\"Aprova\u00e7\u00e3o de venda do San Siro\">20 contr\u00e1rios<\/a>, a venda foi finalmente aprovada.<\/p>\n<table>\n<tr>\n<th>Favor<\/th>\n<th>Contra<\/th>\n<\/tr>\n<tr>\n<td><strong>24<\/strong><\/td>\n<td><strong>20<\/strong><\/td>\n<\/tr>\n<\/table>\n<p> Esta vota\u00e7\u00e3o transcendeu al\u00e9m das cifras monet\u00e1rias e levantou quest\u00f5es sobre o papel vital que a moderniza\u00e7\u00e3o desempenhar\u00e1 na economia local e no renome internacional de Mil\u00e3o como um destino esportivo de elite.<\/p>\n<p>O est\u00e1dio, que ser\u00e1 reimaginado para atender a uma nova gera\u00e7\u00e3o de torcedores, iniciar\u00e1 sua transforma\u00e7\u00e3o, alinhando tradi\u00e7\u00e3o e modernidade em um novo s\u00edmbolo arquitet\u00f4nico na cidade.<\/p>\n<h2>Plano de Demoli\u00e7\u00e3o do San Siro e Constru\u00e7\u00e3o de Novo Est\u00e1dio Moderno<\/h2>\n<p>A demoli\u00e7\u00e3o do ic\u00f4nico est\u00e1dio San Siro \u00e9 impulsionada pela necessidade de moderniza\u00e7\u00e3o e adequa\u00e7\u00e3o \u00e0s exig\u00eancias das competi\u00e7\u00f5es internacionais, como a UEFA.<\/p>\n<p>Os clubes esperam aumentar significativamente suas receitas nos dias de jogo com a constru\u00e7\u00e3o de uma nova arena, que contar\u00e1 com infraestrutura de ponta e maior capacidade de p\u00fablico.<\/p>\n<p>Al\u00e9m disso, o novo est\u00e1dio ser\u00e1 um marco arquitet\u00f4nico em Mil\u00e3o, atraindo mais eventos e visitantes, potencializando o turismo e a economia local.<\/p>\n<h2>Motiva\u00e7\u00f5es Econ\u00f4micas dos Clubes<\/h2>\n<p>A decis\u00e3o de substituir o <u>San Siro<\/u> por um novo e moderno est\u00e1dio est\u00e1 fortemente alicer\u00e7ada em motiva\u00e7\u00f5es econ\u00f4micas significativas.<\/p>\n<p><u><strong>Um est\u00e1dio mais avan\u00e7ado<\/strong><\/u> proporcionar\u00e1 \u00e0s equipes uma oportunidade \u00fanica de amplia\u00e7\u00e3o de receitas em dias de jogos.<\/p>\n<p>Enquanto o ic\u00f4nico <strong>San Siro<\/strong> possui uma capacidade ligeiramente maior, o novo projeto \u00e9 uma <u>solu\u00e7\u00e3o contempor\u00e2nea<\/u> que atende aos padr\u00f5es <strong>sustent\u00e1veis<\/strong> e maximiza a experi\u00eancia do torcedor.<\/p>\n<p>Al\u00e9m disso, a localiza\u00e7\u00e3o e venda dos terrenos, conforme aprovado pelo <a href=\"\/tr\/LINK_GOES_HERE\/\" alt=\"Detalhes da aprova\u00e7\u00e3o da venda do San Siro\">conselho municipal de Mil\u00e3o<\/a>, prometem inje\u00e7\u00f5es de capital.<\/p>\n<p><strong>Esses fatores s\u00e3o essenciais<\/strong> para garantir a lucratividade a longo prazo.<\/p>\n<p>A integra\u00e7\u00e3o de facilidades e servi\u00e7os no novo recinto garantir\u00e1 fluxos diversificados de receita, refor\u00e7ando a estabilidade financeira dos clubes.<\/p>\n<h2>Caracter\u00edsticas T\u00e9cnicas do Novo Est\u00e1dio<\/h2>\n<p>O novo est\u00e1dio em Mil\u00e3o est\u00e1 projetado para acomodar <strong>71,5 mil pessoas<\/strong>, refletindo um esfor\u00e7o conjunto entre os clubes Milan e Inter.<\/p>\n<p>Para garantir um design inovador e eficiente, os escrit\u00f3rios de arquitetura Foster + Partners e Manica foram contratados.<\/p>\n<p>Este projeto coloca Mil\u00e3o no mapa do esporte internacional, oferecendo aos torcedores uma experi\u00eancia de primeiro mundo.<\/p>\n<p>O projeto busca ser um <u><strong>\u00edcone arquitet\u00f4nico<\/strong><\/u>, assegurando que Mil\u00e3o continue sendo uma cidade de refer\u00eancia no mapa esportivo global.<\/p>\n<p>A arena ter\u00e1 padr\u00f5es que correspondem \u00e0s exig\u00eancias <strong>internacionais<\/strong>, sendo um destaque em eventos futuros, como a Eurocopa de 2032 na It\u00e1lia e Turquia.<\/p>\n<p>Para mais detalhes, o projeto pode ser melhor compreendido no site da <a href=\"https:\/\/veja.abril.com.br\/esporte\/milan-e-inter-devem-demolir-san-siro-apos-aprovacao-de-compra-pelo-conselho-municipal\/\" alt=\"detalhes sobre a nova arena em Mil\u00e3o\">Veja<\/a>.<\/p>\n<h2>Inadequa\u00e7\u00e3o do San Siro aos Requisitos da UEFA para a Euro 2032<\/h2>\n<p>A decis\u00e3o de demolir o <u>San Siro<\/u> est\u00e1 profundamente enraizada na sua incapacidade de atender aos atuais <strong>requisitos da UEFA<\/strong>.<\/p>\n<p>O est\u00e1dio, por mais ic\u00f4nico que seja, apresenta defici\u00eancias em infraestrutura, como falta de instala\u00e7\u00f5es modernizadas e acomoda\u00e7\u00f5es para espectadores conforme os <strong>padr\u00f5es internacionais<\/strong>.<\/p>\n<p>Al\u00e9m disso, a falta de tecnologia moderna de seguran\u00e7a e acessibilidade para pessoas com defici\u00eancia compromete a conformidade necess\u00e1ria para sediar eventos t\u00e3o importantes quanto a <u>Eurocopa<\/u> de 2032. As mudan\u00e7as no padr\u00e3o exigido pela UEFA destacam a necessidade de est\u00e1dios que ofere\u00e7am conforto e seguran\u00e7a a todos os p\u00fablicos.<\/p>\n<p>Diante da proximidade da Euro 2032, \u00e9 crucial que Mil\u00e3o tome medidas decisivas quanto ao seu cen\u00e1rio esportivo.<\/p>\n<p>Com a It\u00e1lia como uma das anfitri\u00e3s do torneio, o <u>futuro est\u00e1dio<\/u> n\u00e3o \u00e9 apenas uma prefer\u00eancia, mas uma necessidade imperativa para garantir que partidas internacionais ocorram ali.<\/p>\n<p>A constru\u00e7\u00e3o de um novo est\u00e1dio moderno, previsto para ser finalizado antes da Euro, \u00e9 um passo claro para garantir que a cidade esteja pronta para os desafios log\u00edsticos e de recep\u00e7\u00e3o que acompanham eventos desse porte.<\/p>\n<p>Implementar padr\u00f5es modernos, como acessibilidade melhorada e <strong>tecnologia de ponta<\/strong>, n\u00e3o s\u00f3 posicionar\u00e1 Mil\u00e3o de volta ao mapa das grandes cidades esportivas, mas tamb\u00e9m aumentar\u00e1 significativamente as receitas em dias de jogos atrav\u00e9s de uma experi\u00eancia mais otimizada para torcedores e visitantes.<\/p>\n<p>Visite este <a href=\"https:\/\/veja.abril.com.br\/esporte\/milan-e-inter-devem-demolir-san-siro-apos-aprovacao-de-compra-pelo-conselho-municipal\/\" alt=\"Veja - Demoli\u00e7\u00e3o do San Siro e constru\u00e7\u00e3o do novo est\u00e1dio\">link da Veja<\/a> para mais informa\u00e7\u00f5es sobre o novo projeto.<\/p>\n<p>&#8220;<\/p>\n<p><strong>Em conclus\u00e3o<\/strong>, a venda do est\u00e1dio San Siro representa uma transforma\u00e7\u00e3o significativa no cen\u00e1rio esportivo de Mil\u00e3o, com um foco claro na moderniza\u00e7\u00e3o e compliance com os padr\u00f5es da UEFA, especialmente com a Eurocopa de 2032 se aproximando.<\/p>","protected":false},"excerpt":{"rendered":"<p>A Venda Est\u00e1dio do San Siro, um dos \u00edcones do futebol mundial, foi aprovada pelo conselho municipal de Mil\u00e3o, abrindo caminho para um novo cap\u00edtulo na hist\u00f3ria do esporte. Com um investimento de 197 milh\u00f5es de euros, clubes da cidade pretendem demolir a antiga estrutura e construir um est\u00e1dio moderno, [&hellip;]<\/p>","protected":false},"author":13,"featured_media":1895,"comment_status":"open","ping_status":"open","sticky":false,"template":"","format":"standard","meta":{"footnotes":""},"categories":[738],"tags":[1515,1517,1516],"class_list":["post-1896","post","type-post","status-publish","format-standard","has-post-thumbnail","hentry","category-esporte","tag-estadio","tag-milao","tag-san-siro"],"yoast_head":"<!-- This site is optimized with the Yoast SEO plugin v24.5 - https:\/\/yoast.com\/wordpress\/plugins\/seo\/ -->\n<title>Venda do Est\u00e1dio San Siro Aprovada com 197 Milh\u00f5es -<\/title>\n<meta name=\"robots\" content=\"index, follow, max-snippet:-1, max-image-preview:large, max-video-preview:-1\" \/>\n<link rel=\"canonical\" href=\"https:\/\/caleine.com\/tr\/venda-do-estadio-san-siro-aprovada-com-197-milhoes\/\" \/>\n<meta property=\"og:locale\" content=\"tr_TR\" \/>\n<meta property=\"og:type\" content=\"article\" \/>\n<meta property=\"og:title\" content=\"Venda do Est\u00e1dio San Siro Aprovada com 197 Milh\u00f5es -\" \/>\n<meta property=\"og:description\" content=\"A Venda Est\u00e1dio do San Siro, um dos \u00edcones do futebol mundial, foi aprovada pelo conselho municipal de Mil\u00e3o, abrindo caminho para um novo cap\u00edtulo na hist\u00f3ria do esporte. Com um investimento de 197 milh\u00f5es de euros, clubes da cidade pretendem demolir a antiga estrutura e construir um est\u00e1dio moderno, [&hellip;]\" \/>\n<meta property=\"og:url\" content=\"https:\/\/caleine.com\/tr\/venda-do-estadio-san-siro-aprovada-com-197-milhoes\/\" \/>\n<meta property=\"article:published_time\" content=\"2025-10-01T20:04:09+00:00\" \/>\n<meta name=\"author\" content=\"Andre\" \/>\n<meta name=\"twitter:card\" content=\"summary_large_image\" \/>\n<meta name=\"twitter:label1\" content=\"Yazan:\" \/>\n\t<meta name=\"twitter:data1\" content=\"Andre\" \/>\n\t<meta name=\"twitter:label2\" content=\"Tahmini okuma s\u00fcresi\" \/>\n\t<meta name=\"twitter:data2\" content=\"6 dakika\" \/>\n<script type=\"application\/ld+json\" class=\"yoast-schema-graph\">{\"@context\":\"https:\/\/schema.org\",\"@graph\":[{\"@type\":\"WebPage\",\"@id\":\"https:\/\/caleine.com\/venda-do-estadio-san-siro-aprovada-com-197-milhoes\/\",\"url\":\"https:\/\/caleine.com\/venda-do-estadio-san-siro-aprovada-com-197-milhoes\/\",\"name\":\"Venda do Est\u00e1dio San Siro Aprovada com 197 Milh\u00f5es -\",\"isPartOf\":{\"@id\":\"https:\/\/caleine.com\/#website\"},\"primaryImageOfPage\":{\"@id\":\"https:\/\/caleine.com\/venda-do-estadio-san-siro-aprovada-com-197-milhoes\/#primaryimage\"},\"image\":{\"@id\":\"https:\/\/caleine.com\/venda-do-estadio-san-siro-aprovada-com-197-milhoes\/#primaryimage\"},\"thumbnailUrl\":\"https:\/\/caleine.com\/wp-content\/uploads\/2025\/10\/1759349043075.png\",\"datePublished\":\"2025-10-01T20:04:09+00:00\",\"author\":{\"@id\":\"https:\/\/caleine.com\/#\/schema\/person\/3b0a162aeb9e0f8d47750f10c1587d48\"},\"breadcrumb\":{\"@id\":\"https:\/\/caleine.com\/venda-do-estadio-san-siro-aprovada-com-197-milhoes\/#breadcrumb\"},\"inLanguage\":\"tr\",\"potentialAction\":[{\"@type\":\"ReadAction\",\"target\":[\"https:\/\/caleine.com\/venda-do-estadio-san-siro-aprovada-com-197-milhoes\/\"]}]},{\"@type\":\"ImageObject\",\"inLanguage\":\"tr\",\"@id\":\"https:\/\/caleine.com\/venda-do-estadio-san-siro-aprovada-com-197-milhoes\/#primaryimage\",\"url\":\"https:\/\/caleine.com\/wp-content\/uploads\/2025\/10\/1759349043075.png\",\"contentUrl\":\"https:\/\/caleine.com\/wp-content\/uploads\/2025\/10\/1759349043075.png\",\"width\":1024,\"height\":624,\"caption\":\"undefined\"},{\"@type\":\"BreadcrumbList\",\"@id\":\"https:\/\/caleine.com\/venda-do-estadio-san-siro-aprovada-com-197-milhoes\/#breadcrumb\",\"itemListElement\":[{\"@type\":\"ListItem\",\"position\":1,\"name\":\"In\u00edcio\",\"item\":\"https:\/\/caleine.com\/\"},{\"@type\":\"ListItem\",\"position\":2,\"name\":\"Venda do Est\u00e1dio San Siro Aprovada com 197 Milh\u00f5es\"}]},{\"@type\":\"WebSite\",\"@id\":\"https:\/\/caleine.com\/#website\",\"url\":\"https:\/\/caleine.com\/\",\"name\":\"\",\"description\":\"Caleine\",\"potentialAction\":[{\"@type\":\"SearchAction\",\"target\":{\"@type\":\"EntryPoint\",\"urlTemplate\":\"https:\/\/caleine.com\/?s={search_term_string}\"},\"query-input\":{\"@type\":\"PropertyValueSpecification\",\"valueRequired\":true,\"valueName\":\"search_term_string\"}}],\"inLanguage\":\"tr\"},{\"@type\":\"Person\",\"@id\":\"https:\/\/caleine.com\/#\/schema\/person\/3b0a162aeb9e0f8d47750f10c1587d48\",\"name\":\"Andre\",\"image\":{\"@type\":\"ImageObject\",\"inLanguage\":\"tr\",\"@id\":\"https:\/\/caleine.com\/#\/schema\/person\/image\/\",\"url\":\"https:\/\/secure.gravatar.com\/avatar\/631490c4d2811d45d5ab65f57e75e5cdca7c252f1eb8dd5b4eb4a7818d1dfaf6?s=96&d=mm&r=g\",\"contentUrl\":\"https:\/\/secure.gravatar.com\/avatar\/631490c4d2811d45d5ab65f57e75e5cdca7c252f1eb8dd5b4eb4a7818d1dfaf6?s=96&d=mm&r=g\",\"caption\":\"Andre\"},\"url\":\"https:\/\/caleine.com\/tr\/author\/andre\/\"}]}<\/script>\n<!-- \/ Yoast SEO plugin. -->","yoast_head_json":{"title":"Venda do Est\u00e1dio San Siro Aprovada com 197 Milh\u00f5es -","robots":{"index":"index","follow":"follow","max-snippet":"max-snippet:-1","max-image-preview":"max-image-preview:large","max-video-preview":"max-video-preview:-1"},"canonical":"https:\/\/caleine.com\/tr\/venda-do-estadio-san-siro-aprovada-com-197-milhoes\/","og_locale":"tr_TR","og_type":"article","og_title":"Venda do Est\u00e1dio San Siro Aprovada com 197 Milh\u00f5es -","og_description":"A Venda Est\u00e1dio do San Siro, um dos \u00edcones do futebol mundial, foi aprovada pelo conselho municipal de Mil\u00e3o, abrindo caminho para um novo cap\u00edtulo na hist\u00f3ria do esporte. Com um investimento de 197 milh\u00f5es de euros, clubes da cidade pretendem demolir a antiga estrutura e construir um est\u00e1dio moderno, [&hellip;]","og_url":"https:\/\/caleine.com\/tr\/venda-do-estadio-san-siro-aprovada-com-197-milhoes\/","article_published_time":"2025-10-01T20:04:09+00:00","author":"Andre","twitter_card":"summary_large_image","twitter_misc":{"Yazan:":"Andre","Tahmini okuma s\u00fcresi":"6 dakika"},"schema":{"@context":"https:\/\/schema.org","@graph":[{"@type":"WebPage","@id":"https:\/\/caleine.com\/venda-do-estadio-san-siro-aprovada-com-197-milhoes\/","url":"https:\/\/caleine.com\/venda-do-estadio-san-siro-aprovada-com-197-milhoes\/","name":"Venda do Est\u00e1dio San Siro Aprovada com 197 Milh\u00f5es -","isPartOf":{"@id":"https:\/\/caleine.com\/#website"},"primaryImageOfPage":{"@id":"https:\/\/caleine.com\/venda-do-estadio-san-siro-aprovada-com-197-milhoes\/#primaryimage"},"image":{"@id":"https:\/\/caleine.com\/venda-do-estadio-san-siro-aprovada-com-197-milhoes\/#primaryimage"},"thumbnailUrl":"https:\/\/caleine.com\/wp-content\/uploads\/2025\/10\/1759349043075.png","datePublished":"2025-10-01T20:04:09+00:00","author":{"@id":"https:\/\/caleine.com\/#\/schema\/person\/3b0a162aeb9e0f8d47750f10c1587d48"},"breadcrumb":{"@id":"https:\/\/caleine.com\/venda-do-estadio-san-siro-aprovada-com-197-milhoes\/#breadcrumb"},"inLanguage":"tr","potentialAction":[{"@type":"ReadAction","target":["https:\/\/caleine.com\/venda-do-estadio-san-siro-aprovada-com-197-milhoes\/"]}]},{"@type":"ImageObject","inLanguage":"tr","@id":"https:\/\/caleine.com\/venda-do-estadio-san-siro-aprovada-com-197-milhoes\/#primaryimage","url":"https:\/\/caleine.com\/wp-content\/uploads\/2025\/10\/1759349043075.png","contentUrl":"https:\/\/caleine.com\/wp-content\/uploads\/2025\/10\/1759349043075.png","width":1024,"height":624,"caption":"undefined"},{"@type":"BreadcrumbList","@id":"https:\/\/caleine.com\/venda-do-estadio-san-siro-aprovada-com-197-milhoes\/#breadcrumb","itemListElement":[{"@type":"ListItem","position":1,"name":"In\u00edcio","item":"https:\/\/caleine.com\/"},{"@type":"ListItem","position":2,"name":"Venda do Est\u00e1dio San Siro Aprovada com 197 Milh\u00f5es"}]},{"@type":"WebSite","@id":"https:\/\/caleine.com\/#website","url":"https:\/\/caleine.com\/","name":"","description":"Caleine","potentialAction":[{"@type":"SearchAction","target":{"@type":"EntryPoint","urlTemplate":"https:\/\/caleine.com\/?s={search_term_string}"},"query-input":{"@type":"PropertyValueSpecification","valueRequired":true,"valueName":"search_term_string"}}],"inLanguage":"tr"},{"@type":"Person","@id":"https:\/\/caleine.com\/#\/schema\/person\/3b0a162aeb9e0f8d47750f10c1587d48","name":"Andre","image":{"@type":"ImageObject","inLanguage":"tr","@id":"https:\/\/caleine.com\/#\/schema\/person\/image\/","url":"https:\/\/secure.gravatar.com\/avatar\/631490c4d2811d45d5ab65f57e75e5cdca7c252f1eb8dd5b4eb4a7818d1dfaf6?s=96&d=mm&r=g","contentUrl":"https:\/\/secure.gravatar.com\/avatar\/631490c4d2811d45d5ab65f57e75e5cdca7c252f1eb8dd5b4eb4a7818d1dfaf6?s=96&d=mm&r=g","caption":"Andre"},"url":"https:\/\/caleine.com\/tr\/author\/andre\/"}]}},"_links":{"self":[{"href":"https:\/\/caleine.com\/tr\/wp-json\/wp\/v2\/posts\/1896","targetHints":{"allow":["GET"]}}],"collection":[{"href":"https:\/\/caleine.com\/tr\/wp-json\/wp\/v2\/posts"}],"about":[{"href":"https:\/\/caleine.com\/tr\/wp-json\/wp\/v2\/types\/post"}],"author":[{"embeddable":true,"href":"https:\/\/caleine.com\/tr\/wp-json\/wp\/v2\/users\/13"}],"replies":[{"embeddable":true,"href":"https:\/\/caleine.com\/tr\/wp-json\/wp\/v2\/comments?post=1896"}],"version-history":[{"count":0,"href":"https:\/\/caleine.com\/tr\/wp-json\/wp\/v2\/posts\/1896\/revisions"}],"wp:featuredmedia":[{"embeddable":true,"href":"https:\/\/caleine.com\/tr\/wp-json\/wp\/v2\/media\/1895"}],"wp:attachment":[{"href":"https:\/\/caleine.com\/tr\/wp-json\/wp\/v2\/media?parent=1896"}],"wp:term":[{"taxonomy":"category","embeddable":true,"href":"https:\/\/caleine.com\/tr\/wp-json\/wp\/v2\/categories?post=1896"},{"taxonomy":"post_tag","embeddable":true,"href":"https:\/\/caleine.com\/tr\/wp-json\/wp\/v2\/tags?post=1896"}],"curies":[{"name":"wp","href":"https:\/\/api.w.org\/{rel}","templated":true}]}}